{"id":10204,"date":"2023-12-08T00:25:29","date_gmt":"2023-12-08T06:25:29","guid":{"rendered":"https:\/\/periodiconuevomilenio.com\/?p=10204"},"modified":"2023-12-08T00:25:31","modified_gmt":"2023-12-08T06:25:31","slug":"nombran-a-guanajuato-como-coordinador-de-la-region-iii-occidente-de-la-conferencia-nacional-de-sistemas-penitenciarios-estatales","status":"publish","type":"post","link":"https:\/\/periodiconuevomilenio.com\/index.php\/2023\/12\/08\/nombran-a-guanajuato-como-coordinador-de-la-region-iii-occidente-de-la-conferencia-nacional-de-sistemas-penitenciarios-estatales\/","title":{"rendered":"Nombran a Guanajuato como Coordinador de la Regi\u00f3n III Occidente de la Conferencia Nacional de Sistemas Penitenciarios Estatales."},"content":{"rendered":"\n<p><strong>Canc\u00fan, Quintana Roo, Gto., 07 de diciembre de 2023.-<\/strong> Por unanimidad de votos, el titular del Sistema Penitenciario de Guanajuato fue nombrado como coordinador de la Zona III Occidente de los Sistemas Penitenciarios Estatales, durante el marco de la Vig\u00e9sima S\u00e9ptima Asamblea Plenaria de la Conferencia Nacional del Sistema Penitenciario.<\/p>\n\n\n\n<p>Durante esta Asamblea se cont\u00f3 con la participaci\u00f3n de autoridades de las 32 entidades federativas, tambi\u00e9n particip\u00f3 el Contralmirante de Infanter\u00eda de Marina Diplomado de Estado Mayor Julio C\u00e9sar G\u00f3mez Torres, Subsecretario de Seguridad Ciudadana del Estado de Quintana Roo y el titular del \u00d3rgano Administrativo Desconcentrado de Prevenci\u00f3n y Readaptaci\u00f3n Social (OADPRS) Antonio Hazael Ruiz Ortega, a su vez Presidente de esta Conferencia Nacional.<\/p>\n\n\n\n<p>En el orden del d\u00eda de la reuni\u00f3n se abord\u00f3 lo relativo designaci\u00f3n de Coordinadores Regionales, se propuso el nombramiento del Director General del Sistema Penitenciario Estatal de Guanajuato, Juan Jos\u00e9 Gonz\u00e1lez Gonz\u00e1lez, como Coordinador de la Regi\u00f3n III Occidente de los Sistemas Penitenciarios Estatales, siendo aprobada su designaci\u00f3n por voto un\u00e1nime.<\/p>\n\n\n\n<p>El Sistema Penitenciario de Guanajuato est\u00e1 adscrito a la Secretar\u00eda de Seguridad P\u00fablica del Estado. Con el nombramiento recibido en la Asamblea Plenaria, se encargar\u00e1 de coordinar los trabajos de los Sistemas Penitenciarios de los estados de Colima, Michoac\u00e1n, Aguascalientes, Nayarit, Quer\u00e9taro, Zacatecas y Jalisco.<\/p>\n\n\n\n<p>Asimismo, cabe resaltar que el Secretario de Seguridad P\u00fablica de Guanajuato, es coordinador de la Zona Occidente de la CNSSP, la cual es conformada por los estados de Aguascalientes, Colima, Jalisco, Michoac\u00e1n, Nayarit, Quer\u00e9taro, Zacatecas y Guanajuato.<\/p>\n\n\n\n<figure class=\"wp-block-gallery has-nested-images columns-default is-cropped wp-block-gallery-1 is-layout-flex wp-block-gallery-is-layout-flex\">\n<figure class=\"wp-block-image size-large\"><img loading=\"lazy\" decoding=\"async\" width=\"1024\" height=\"509\" data-id=\"10205\" src=\"https:\/\/periodiconuevomilenio.com\/wp-content\/uploads\/2023\/12\/PENI-1024x509.jpg\" alt=\"\" class=\"wp-image-10205\" srcset=\"https:\/\/periodiconuevomilenio.com\/wp-content\/uploads\/2023\/12\/PENI-1024x509.jpg 1024w, https:\/\/periodiconuevomilenio.com\/wp-content\/uploads\/2023\/12\/PENI-300x149.jpg 300w, https:\/\/periodiconuevomilenio.com\/wp-content\/uploads\/2023\/12\/PENI-768x382.jpg 768w, https:\/\/periodiconuevomilenio.com\/wp-content\/uploads\/2023\/12\/PENI.jpg 1080w\" sizes=\"auto, (max-width: 1024px) 100vw, 1024px\" \/><\/figure>\n\n\n\n<figure class=\"wp-block-image size-large\"><img loading=\"lazy\" decoding=\"async\" width=\"1024\" height=\"583\" data-id=\"10206\" src=\"https:\/\/periodiconuevomilenio.com\/wp-content\/uploads\/2023\/12\/PENI-1-1024x583.png\" alt=\"\" class=\"wp-image-10206\" srcset=\"https:\/\/periodiconuevomilenio.com\/wp-content\/uploads\/2023\/12\/PENI-1-1024x583.png 1024w, https:\/\/periodiconuevomilenio.com\/wp-content\/uploads\/2023\/12\/PENI-1-300x171.png 300w, https:\/\/periodiconuevomilenio.com\/wp-content\/uploads\/2023\/12\/PENI-1-768x437.png 768w, https:\/\/periodiconuevomilenio.com\/wp-content\/uploads\/2023\/12\/PENI-1.png 1280w\" sizes=\"auto, (max-width: 1024px) 100vw, 1024px\" \/><\/figure>\n<\/figure>\n\n\n\n<figure class=\"wp-block-gallery has-nested-images columns-default is-cropped wp-block-gallery-2 is-layout-flex wp-block-gallery-is-layout-flex\"><\/figure>\n","protected":false},"excerpt":{"rendered":"<p>Canc\u00fan, Quintana Roo, Gto., 07 de diciembre de 2023.- Por unanimidad de votos, el titular del Sistema Penitenciario<\/p>\n","protected":false},"author":1,"featured_media":10205,"comment_status":"open","ping_status":"open","sticky":false,"template":"","format":"standard","meta":{"jetpack_post_was_ever_published":false,"_jetpack_newsletter_access":"","_jetpack_dont_email_post_to_subs":false,"_jetpack_newsletter_tier_id":0,"_jetpack_memberships_contains_paywalled_content":false,"_jetpack_memberships_contains_paid_content":false,"footnotes":"","jetpack_publicize_message":"","jetpack_publicize_feature_enabled":false,"jetpack_social_post_already_shared":false,"jetpack_social_options":{"image_generator_settings":{"template":"highway","enabled":false},"version":2}},"categories":[47,48],"tags":[50],"class_list":["post-10204","post","type-post","status-publish","format-standard","has-post-thumbnail","hentry","category-nacional","category-policiaca","tag-nacional"],"jetpack_publicize_connections":[],"jetpack_sharing_enabled":true,"jetpack_featured_media_url":"https:\/\/periodiconuevomilenio.com\/wp-content\/uploads\/2023\/12\/PENI.jpg","_links":{"self":[{"href":"https:\/\/periodiconuevomilenio.com\/index.php\/wp-json\/wp\/v2\/posts\/10204","targetHints":{"allow":["GET"]}}],"collection":[{"href":"https:\/\/periodiconuevomilenio.com\/index.php\/wp-json\/wp\/v2\/posts"}],"about":[{"href":"https:\/\/periodiconuevomilenio.com\/index.php\/wp-json\/wp\/v2\/types\/post"}],"author":[{"embeddable":true,"href":"https:\/\/periodiconuevomilenio.com\/index.php\/wp-json\/wp\/v2\/users\/1"}],"replies":[{"embeddable":true,"href":"https:\/\/periodiconuevomilenio.com\/index.php\/wp-json\/wp\/v2\/comments?post=10204"}],"version-history":[{"count":1,"href":"https:\/\/periodiconuevomilenio.com\/index.php\/wp-json\/wp\/v2\/posts\/10204\/revisions"}],"predecessor-version":[{"id":10207,"href":"https:\/\/periodiconuevomilenio.com\/index.php\/wp-json\/wp\/v2\/posts\/10204\/revisions\/10207"}],"wp:featuredmedia":[{"embeddable":true,"href":"https:\/\/periodiconuevomilenio.com\/index.php\/wp-json\/wp\/v2\/media\/10205"}],"wp:attachment":[{"href":"https:\/\/periodiconuevomilenio.com\/index.php\/wp-json\/wp\/v2\/media?parent=10204"}],"wp:term":[{"taxonomy":"category","embeddable":true,"href":"https:\/\/periodiconuevomilenio.com\/index.php\/wp-json\/wp\/v2\/categories?post=10204"},{"taxonomy":"post_tag","embeddable":true,"href":"https:\/\/periodiconuevomilenio.com\/index.php\/wp-json\/wp\/v2\/tags?post=10204"}],"curies":[{"name":"wp","href":"https:\/\/api.w.org\/{rel}","templated":true}]}}