{"id":1023,"date":"2023-03-06T21:06:22","date_gmt":"2023-03-07T03:06:22","guid":{"rendered":"https:\/\/periodiconuevomilenio.com\/?p=1023"},"modified":"2023-03-06T21:09:15","modified_gmt":"2023-03-07T03:09:15","slug":"seg-capacita-a-docentes-por-medio-del-taller-trabajo-por-proyectos-seg-capacita-a-docentes-por-medio","status":"publish","type":"post","link":"https:\/\/periodiconuevomilenio.com\/index.php\/2023\/03\/06\/seg-capacita-a-docentes-por-medio-del-taller-trabajo-por-proyectos-seg-capacita-a-docentes-por-medio\/","title":{"rendered":"SEG capacita a docentes por medio del taller \u201cTrabajo por Proyectos\u201d SEG capacita a docentes por medio"},"content":{"rendered":"\n<p><\/p>\n\n\n\n<p><strong>Valle de Santiago, Gto.<\/strong>&#8211; &nbsp;La Secretar\u00eda de Educaci\u00f3n de Guanajuato, a trav\u00e9s de la Delegaci\u00f3n Regional VI, imparte el Taller \u201cTrabajo por Proyectos\u201d, cuya finalidad es que los docentes de primero a sexto grado tengan la orientaci\u00f3n metodol\u00f3gica para la mejora educativa de ni\u00f1as y ni\u00f1os.<\/p>\n\n\n\n<p>Las herramientas que se proveen por medio de este taller, obedecen a las l\u00edneas de acci\u00f3n contempladas en el Pacto Social por la Educaci\u00f3n y permiten generar estrategias metodol\u00f3gicas, tomando en cuenta las necesidades acad\u00e9micas de los alumnos. Esto les permite a los estudiantes desarrollar un aprendizaje aut\u00f3nomo mediante la articulaci\u00f3n de asignaturas.<\/p>\n\n\n\n<p>Este taller se estar\u00e1 impartiendo durante tres d\u00edas, teniendo como sede la Escuela Primaria Club de Leones de este municipio. En esta ocasi\u00f3n se est\u00e1 capacitando a 50 docentes de 17 escuelas, que a su vez estar\u00e1n beneficiando a un aproximado de 3 mil 800 alumnos de nivel primaria.<\/p>\n\n\n\n<p>Leticia G\u00f3mez Cervantes, supervisora de la Zona 564 de primarias, coment\u00f3, \u201clo que se busca es articular el aprendizaje, para que los maestros puedan orientar de la mejor manera posible a nuestras ni\u00f1as y ni\u00f1os, que los estudiantes puedan lograr una educaci\u00f3n integradora, as\u00ed como realizar las actividades correspondientes al grado de cada alumno\u201d.<\/p>\n\n\n\n<p>El trabajo por proyectos promueve la investigaci\u00f3n y el trabajo colaborativo. Contempla la planeaci\u00f3n did\u00e1ctica en base a un tema espec\u00edfico, para el cual se desarrollan actividades que permitan ser un complemento generador de competencias y habilidades coadyuvantes en la formaci\u00f3n educativa de los estudiantes.<\/p>\n\n\n\n<figure class=\"wp-block-image size-large\"><img loading=\"lazy\" decoding=\"async\" width=\"1024\" height=\"436\" src=\"https:\/\/periodiconuevomilenio.com\/wp-content\/uploads\/2023\/03\/IMPARTEN-1024x436.jpg\" alt=\"\" class=\"wp-image-1024\" srcset=\"https:\/\/periodiconuevomilenio.com\/wp-content\/uploads\/2023\/03\/IMPARTEN-1024x436.jpg 1024w, https:\/\/periodiconuevomilenio.com\/wp-content\/uploads\/2023\/03\/IMPARTEN-300x128.jpg 300w, https:\/\/periodiconuevomilenio.com\/wp-content\/uploads\/2023\/03\/IMPARTEN-768x327.jpg 768w, https:\/\/periodiconuevomilenio.com\/wp-content\/uploads\/2023\/03\/IMPARTEN-1536x655.jpg 1536w, https:\/\/periodiconuevomilenio.com\/wp-content\/uploads\/2023\/03\/IMPARTEN.jpg 1600w\" sizes=\"auto, (max-width: 1024px) 100vw, 1024px\" \/><figcaption class=\"wp-element-caption\">VALLE.- Imparten el Taller \u201cTrabajo por Proyectos\u201d, cuya finalidad es que los docentes tengan la orientaci\u00f3n metodol\u00f3gica para la mejora educativa<\/figcaption><\/figure>\n","protected":false},"excerpt":{"rendered":"<p>Valle de Santiago, Gto.&#8211; &nbsp;La Secretar\u00eda de Educaci\u00f3n de Guanajuato, a trav\u00e9s de la Delegaci\u00f3n Regional VI, imparte<\/p>\n","protected":false},"author":1,"featured_media":1024,"comment_status":"open","ping_status":"open","sticky":false,"template":"","format":"standard","meta":{"jetpack_post_was_ever_published":false,"_jetpack_newsletter_access":"","_jetpack_dont_email_post_to_subs":false,"_jetpack_newsletter_tier_id":0,"_jetpack_memberships_contains_paywalled_content":false,"_jetpack_memberships_contains_paid_content":false,"footnotes":"","jetpack_publicize_message":"","jetpack_publicize_feature_enabled":true,"jetpack_social_post_already_shared":false,"jetpack_social_options":{"image_generator_settings":{"template":"highway","enabled":false},"version":2}},"categories":[39],"tags":[22],"class_list":["post-1023","post","type-post","status-publish","format-standard","has-post-thumbnail","hentry","category-valle-de-santiago","tag-valle"],"jetpack_publicize_connections":[],"jetpack_sharing_enabled":true,"jetpack_featured_media_url":"https:\/\/periodiconuevomilenio.com\/wp-content\/uploads\/2023\/03\/IMPARTEN.jpg","_links":{"self":[{"href":"https:\/\/periodiconuevomilenio.com\/index.php\/wp-json\/wp\/v2\/posts\/1023","targetHints":{"allow":["GET"]}}],"collection":[{"href":"https:\/\/periodiconuevomilenio.com\/index.php\/wp-json\/wp\/v2\/posts"}],"about":[{"href":"https:\/\/periodiconuevomilenio.com\/index.php\/wp-json\/wp\/v2\/types\/post"}],"author":[{"embeddable":true,"href":"https:\/\/periodiconuevomilenio.com\/index.php\/wp-json\/wp\/v2\/users\/1"}],"replies":[{"embeddable":true,"href":"https:\/\/periodiconuevomilenio.com\/index.php\/wp-json\/wp\/v2\/comments?post=1023"}],"version-history":[{"count":2,"href":"https:\/\/periodiconuevomilenio.com\/index.php\/wp-json\/wp\/v2\/posts\/1023\/revisions"}],"predecessor-version":[{"id":1026,"href":"https:\/\/periodiconuevomilenio.com\/index.php\/wp-json\/wp\/v2\/posts\/1023\/revisions\/1026"}],"wp:featuredmedia":[{"embeddable":true,"href":"https:\/\/periodiconuevomilenio.com\/index.php\/wp-json\/wp\/v2\/media\/1024"}],"wp:attachment":[{"href":"https:\/\/periodiconuevomilenio.com\/index.php\/wp-json\/wp\/v2\/media?parent=1023"}],"wp:term":[{"taxonomy":"category","embeddable":true,"href":"https:\/\/periodiconuevomilenio.com\/index.php\/wp-json\/wp\/v2\/categories?post=1023"},{"taxonomy":"post_tag","embeddable":true,"href":"https:\/\/periodiconuevomilenio.com\/index.php\/wp-json\/wp\/v2\/tags?post=1023"}],"curies":[{"name":"wp","href":"https:\/\/api.w.org\/{rel}","templated":true}]}}