{"id":10241,"date":"2023-12-09T10:21:28","date_gmt":"2023-12-09T16:21:28","guid":{"rendered":"https:\/\/periodiconuevomilenio.com\/?p=10241"},"modified":"2023-12-09T10:21:30","modified_gmt":"2023-12-09T16:21:30","slug":"cesar-alfredo-n-y-juan-manuel-n","status":"publish","type":"post","link":"https:\/\/periodiconuevomilenio.com\/index.php\/2023\/12\/09\/cesar-alfredo-n-y-juan-manuel-n\/","title":{"rendered":"C\u00c9SAR ALFREDO \u201cN\u201d y JUAN MANUEL \u201cN\u201d"},"content":{"rendered":"\n<p>Vinculados a proceso penal por el delito de robo calificado en Irapuato<\/p>\n\n\n\n<p>rapuato, Gto., 09 de diciembre de 2023.- La Fiscal\u00eda de Guanajuato deja en prisi\u00f3n a dos presuntos delincuentes que utilizaron una m\u00e1quina de toques y un arma de fuego para someter a su v\u00edctima y robarle su motocicleta en el barrio de San Vicente en la ciudad de Irapuato.<\/p>\n\n\n\n<p>Ambos fueron detenidos en flagrancia por la polic\u00eda municipal y posteriormente en audiencia, la Fiscal\u00eda de Guanajuato obtuvo su vinculaci\u00f3n a proceso penal con prisi\u00f3n preventiva por su probable participaci\u00f3n en el delito de robo calificado.<\/p>\n\n\n\n<p>El pasado 4 de diciembre, alrededor de las 21:13 horas, los elementos de la Polic\u00eda Municipal realizaban su recorrido de vigilancia, cuando dos masculinos los interceptaron en la colonia \u00c1lvaro Obreg\u00f3n, y les solicitaron el apoyo por el robo de una motocicleta, que dos sujetos les robaron al circular por la calle 20 de noviembre, entre 16 de septiembre y Zaragoza, en la colonia Barrio de San Vicente.<\/p>\n\n\n\n<p>Los ofendidos brindaron las caracter\u00edsticas f\u00edsicas de los presuntos asaltantes y describieron los objetos con los que fueron amedrentados para entregar el veh\u00edculo, lo que permiti\u00f3 a la polic\u00eda ubicar y detener a C\u00c9SAR ALFREDO \u201cN\u201d y JUAN MANUEL \u201cN\u201d, y asegurar la motocicleta y los objetos que portaban.<\/p>\n\n\n\n<p>Una vez puestos a disposici\u00f3n de la Fiscal\u00eda, el Ministerio P\u00fablico orden\u00f3 a la Unidad Especializada en Investigaci\u00f3n de Delitos Patrimoniales, recabar informaci\u00f3n sobre el hecho delictivo y obtener elementos de prueba para llevar ante un Juez a los presuntos ladrones.<\/p>\n\n\n\n<p>El impartidor de justicia, al tener conocimiento de las pruebas integradas en la carpeta de investigaci\u00f3n, calific\u00f3 de legal las detenciones de C\u00c9SAR ALFREDO \u201cN\u201d y JUAN MANUEL \u201cN\u201d y determin\u00f3 que fueran vinculados a proceso penal por robo calificado. Adem\u00e1s la Fiscal\u00eda estableci\u00f3 la presunci\u00f3n de riesgo de fuga y protegi\u00f3 a la v\u00edctima, por lo que solicit\u00f3 el arraigo carcelario de los imputados por todo el tiempo que dure el proceso.<\/p>\n\n\n\n<figure class=\"wp-block-image size-large\"><img loading=\"lazy\" decoding=\"async\" width=\"821\" height=\"1024\" src=\"https:\/\/periodiconuevomilenio.com\/wp-content\/uploads\/2023\/12\/04716875-8e69-4615-abc6-dbfd8830f48e-821x1024.jpg\" alt=\"\" class=\"wp-image-10242\" srcset=\"https:\/\/periodiconuevomilenio.com\/wp-content\/uploads\/2023\/12\/04716875-8e69-4615-abc6-dbfd8830f48e-821x1024.jpg 821w, https:\/\/periodiconuevomilenio.com\/wp-content\/uploads\/2023\/12\/04716875-8e69-4615-abc6-dbfd8830f48e-241x300.jpg 241w, https:\/\/periodiconuevomilenio.com\/wp-content\/uploads\/2023\/12\/04716875-8e69-4615-abc6-dbfd8830f48e-768x958.jpg 768w, https:\/\/periodiconuevomilenio.com\/wp-content\/uploads\/2023\/12\/04716875-8e69-4615-abc6-dbfd8830f48e-1232x1536.jpg 1232w, https:\/\/periodiconuevomilenio.com\/wp-content\/uploads\/2023\/12\/04716875-8e69-4615-abc6-dbfd8830f48e-1024x1277.jpg 1024w, https:\/\/periodiconuevomilenio.com\/wp-content\/uploads\/2023\/12\/04716875-8e69-4615-abc6-dbfd8830f48e.jpg 1283w\" sizes=\"auto, (max-width: 821px) 100vw, 821px\" \/><\/figure>\n\n\n\n<figure class=\"wp-block-gallery has-nested-images columns-default is-cropped wp-block-gallery-1 is-layout-flex wp-block-gallery-is-layout-flex\"><\/figure>\n\n\n\n<p><\/p>\n","protected":false},"excerpt":{"rendered":"<p>Vinculados a proceso penal por el delito de robo calificado en Irapuato rapuato, Gto., 09 de diciembre de<\/p>\n","protected":false},"author":1,"featured_media":10242,"comment_status":"open","ping_status":"open","sticky":false,"template":"","format":"standard","meta":{"jetpack_post_was_ever_published":false,"_jetpack_newsletter_access":"","_jetpack_dont_email_post_to_subs":false,"_jetpack_newsletter_tier_id":0,"_jetpack_memberships_contains_paywalled_content":false,"_jetpack_memberships_contains_paid_content":false,"footnotes":"","jetpack_publicize_message":"","jetpack_publicize_feature_enabled":false,"jetpack_social_post_already_shared":false,"jetpack_social_options":{"image_generator_settings":{"template":"highway","enabled":false},"version":2}},"categories":[31,48],"tags":[51],"class_list":["post-10241","post","type-post","status-publish","format-standard","has-post-thumbnail","hentry","category-estado","category-policiaca","tag-estado"],"jetpack_publicize_connections":[],"jetpack_sharing_enabled":true,"jetpack_featured_media_url":"https:\/\/periodiconuevomilenio.com\/wp-content\/uploads\/2023\/12\/04716875-8e69-4615-abc6-dbfd8830f48e.jpg","_links":{"self":[{"href":"https:\/\/periodiconuevomilenio.com\/index.php\/wp-json\/wp\/v2\/posts\/10241","targetHints":{"allow":["GET"]}}],"collection":[{"href":"https:\/\/periodiconuevomilenio.com\/index.php\/wp-json\/wp\/v2\/posts"}],"about":[{"href":"https:\/\/periodiconuevomilenio.com\/index.php\/wp-json\/wp\/v2\/types\/post"}],"author":[{"embeddable":true,"href":"https:\/\/periodiconuevomilenio.com\/index.php\/wp-json\/wp\/v2\/users\/1"}],"replies":[{"embeddable":true,"href":"https:\/\/periodiconuevomilenio.com\/index.php\/wp-json\/wp\/v2\/comments?post=10241"}],"version-history":[{"count":1,"href":"https:\/\/periodiconuevomilenio.com\/index.php\/wp-json\/wp\/v2\/posts\/10241\/revisions"}],"predecessor-version":[{"id":10243,"href":"https:\/\/periodiconuevomilenio.com\/index.php\/wp-json\/wp\/v2\/posts\/10241\/revisions\/10243"}],"wp:featuredmedia":[{"embeddable":true,"href":"https:\/\/periodiconuevomilenio.com\/index.php\/wp-json\/wp\/v2\/media\/10242"}],"wp:attachment":[{"href":"https:\/\/periodiconuevomilenio.com\/index.php\/wp-json\/wp\/v2\/media?parent=10241"}],"wp:term":[{"taxonomy":"category","embeddable":true,"href":"https:\/\/periodiconuevomilenio.com\/index.php\/wp-json\/wp\/v2\/categories?post=10241"},{"taxonomy":"post_tag","embeddable":true,"href":"https:\/\/periodiconuevomilenio.com\/index.php\/wp-json\/wp\/v2\/tags?post=10241"}],"curies":[{"name":"wp","href":"https:\/\/api.w.org\/{rel}","templated":true}]}}