{"id":10247,"date":"2023-12-09T14:49:09","date_gmt":"2023-12-09T20:49:09","guid":{"rendered":"https:\/\/periodiconuevomilenio.com\/?p=10247"},"modified":"2023-12-09T14:49:11","modified_gmt":"2023-12-09T20:49:11","slug":"la-fiscalia-de-guanajuato-capturo-a-el-charly-objetivo-criminal-por-multiples-homicidios","status":"publish","type":"post","link":"https:\/\/periodiconuevomilenio.com\/index.php\/2023\/12\/09\/la-fiscalia-de-guanajuato-capturo-a-el-charly-objetivo-criminal-por-multiples-homicidios\/","title":{"rendered":"LA FISCAL\u00cdA DE GUANAJUATO CAPTUR\u00d3 A \u201cEL CHARLY\u201d, OBJETIVO CRIMINAL POR M\u00daLTIPLES HOMICIDIOS"},"content":{"rendered":"\n<p>JUAN CARLOS \u201cN\u201d alias \u201cEl Charly\u201d fue vinculado a proceso penal por el homicidio de dos hombres y una mujer y por el feminicidio de otra mujer conocida como \u201cLa Chola\u201d; hechos registrados en distintas fechas en la ciudad de Le\u00f3n<\/p>\n\n\n\n<p>Le\u00f3n, Gto., 09 de diciembre de 2023.- La Fiscal\u00eda de Guanajuato rastre\u00f3 y detuvo a \u201cEl Charly\u201d, un objetivo criminal, generador de violencia en la ciudad de Le\u00f3n, a quien se le han acreditado los homicidios de dos hombres y una mujer, y el feminicidio de una mujer conocida como \u201cLa Chola\u201d; cr\u00edmenes por los que ya se encuentra en la c\u00e1rcel vinculado a proceso penal.<\/p>\n\n\n\n<p>Los asesinatos por los que se le acusa a JUAN CARLOS \u201cN\u201d alias \u201cEl Charly\u201d, como presunto autor, comenzaron el 12 de septiembre del a\u00f1o 2022, aproximadamente a la 01:30 horas, en un punto de venta de droga, en la Colonia La Brisa, a donde lleg\u00f3 el acusado y toc\u00f3 la puerta de un domicilio para que le abriera Bryanda de la Luz \u201cN\u201d, quien fue brutalmente golpeada por el acusado, luego de exigirle el dinero de la venta; as\u00ed continu\u00f3 golpe\u00e1ndola hasta que le provoc\u00f3 la muerte estrangul\u00e1ndola. Luego envolvi\u00f3 el cad\u00e1ver en una cobija, la sac\u00f3 del domicilio y llev\u00f3 su cuerpo a la calle Juan de Sayas en la Colonia las Trojes en Le\u00f3n.<\/p>\n\n\n\n<p>Despu\u00e9s, el 21 de septiembre de 2022, utilizando un arma de fuego, \u201cEl Charly\u201d asesin\u00f3 a dos hombres en un punto de venta de droga. Derivado de la investigaci\u00f3n, se estableci\u00f3 que el imputado se encontraba en un domicilio de la calle Jiquilpan, en la colonia San Agust\u00edn, cuando en determinado momento sac\u00f3 un arma de fuego de su cintura y realiz\u00f3 varias detonaciones en contra de Fernando \u201cN\u201d alias \u201cEl Guante\u201d y de Jos\u00e9 Roberto \u201cN\u201d alias \u201cEl Tico\u201d, provoc\u00e1ndoles heridas en t\u00f3rax y abdomen que causaron sus muertes de manera inmediata. Una vez consumado el doble homicidio, el agresor se retir\u00f3 del lugar en el veh\u00edculo en que lleg\u00f3.<\/p>\n\n\n\n<p>Posteriormente, el 01 de enero de este a\u00f1o, por la madrugada, la v\u00edctima, una mujer quien conoc\u00eda a \u201cEl Charly\u201d, se encontraba con \u00e9l en un inmueble ubicado en la calle Jiquilpan, en la colonia San Agust\u00edn, cuando en determinado momento comenzaron a discutir, y molesto, el imputado sac\u00f3 un arma de fuego y le dispar\u00f3 en el cr\u00e1neo a la mujer, quien respond\u00eda en vida al nombre de Martha Patricia \u201cN\u201d. Al arribo de la polic\u00eda municipal, encontraron a la mujer a\u00fan con vida, pero momentos despu\u00e9s falleci\u00f3 cuando recib\u00eda atenci\u00f3n m\u00e9dica debido a la gravedad de las heridas.<\/p>\n\n\n\n<p>Al procesar los lugares donde acontecieron los cr\u00edmenes, agentes de investigaci\u00f3n y peritos forenses localizaron diversos indicios que fueron analizados en los laboratorios de la AIC, donde se acredit\u00f3 de manera cient\u00edfica, que el inculpado estaba relacionado en los tres eventos cometidos en distintas fechas, por lo que se avocaron a ubicarlo, mientras el Ministerio P\u00fablico obten\u00eda de un Juez la orden de aprehensi\u00f3n para su captura.<\/p>\n\n\n\n<p>JUAN CARLOS \u201cN\u201d alias \u201cEl Charly\u201d, fue detenido por un grupo especial de Agentes de Investigaci\u00f3n Criminal al ser considerado como integrante de un grupo delictivo.<\/p>\n\n\n\n<p>Una vez frente al Juez, el Ministerio P\u00fablico present\u00f3 evidencia de los hechos que se le imputan acusado y obtuvo su vinculaci\u00f3n a proceso penal por los delitos de homicidio en agravio de Fernando \u201cN\u201d y Jos\u00e9 Roberto \u201cN\u201d, as\u00ed mismo por el homicidio de Martha Patricia \u201cN\u201d y por el feminicidio de Bryanda de la Luz \u201cN\u201d alias \u201cLa Chola\u201d, hechos por los que ser\u00e1 juzgado mientras espera su sentencia en la c\u00e1rcel.<\/p>\n\n\n\n<figure class=\"wp-block-image size-large\"><img loading=\"lazy\" decoding=\"async\" width=\"822\" height=\"1024\" src=\"https:\/\/periodiconuevomilenio.com\/wp-content\/uploads\/2023\/12\/3f4e56e4-8f6e-4f2f-a52a-803147c1bd7a-822x1024.jpg\" alt=\"\" class=\"wp-image-10248\" srcset=\"https:\/\/periodiconuevomilenio.com\/wp-content\/uploads\/2023\/12\/3f4e56e4-8f6e-4f2f-a52a-803147c1bd7a-822x1024.jpg 822w, https:\/\/periodiconuevomilenio.com\/wp-content\/uploads\/2023\/12\/3f4e56e4-8f6e-4f2f-a52a-803147c1bd7a-241x300.jpg 241w, https:\/\/periodiconuevomilenio.com\/wp-content\/uploads\/2023\/12\/3f4e56e4-8f6e-4f2f-a52a-803147c1bd7a-768x957.jpg 768w, https:\/\/periodiconuevomilenio.com\/wp-content\/uploads\/2023\/12\/3f4e56e4-8f6e-4f2f-a52a-803147c1bd7a-1024x1276.jpg 1024w, https:\/\/periodiconuevomilenio.com\/wp-content\/uploads\/2023\/12\/3f4e56e4-8f6e-4f2f-a52a-803147c1bd7a.jpg 1027w\" sizes=\"auto, (max-width: 822px) 100vw, 822px\" \/><\/figure>\n\n\n","protected":false},"excerpt":{"rendered":"<p>JUAN CARLOS \u201cN\u201d alias \u201cEl Charly\u201d fue vinculado a proceso penal por el homicidio de dos hombres y<\/p>\n","protected":false},"author":1,"featured_media":10248,"comment_status":"open","ping_status":"open","sticky":false,"template":"","format":"standard","meta":{"jetpack_post_was_ever_published":false,"_jetpack_newsletter_access":"","_jetpack_dont_email_post_to_subs":false,"_jetpack_newsletter_tier_id":0,"_jetpack_memberships_contains_paywalled_content":false,"_jetpack_memberships_contains_paid_content":false,"footnotes":"","jetpack_publicize_message":"","jetpack_publicize_feature_enabled":true,"jetpack_social_post_already_shared":true,"jetpack_social_options":{"image_generator_settings":{"template":"highway","enabled":false},"version":2}},"categories":[31,48],"tags":[51],"class_list":["post-10247","post","type-post","status-publish","format-standard","has-post-thumbnail","hentry","category-estado","category-policiaca","tag-estado"],"jetpack_publicize_connections":[],"jetpack_sharing_enabled":true,"jetpack_featured_media_url":"https:\/\/periodiconuevomilenio.com\/wp-content\/uploads\/2023\/12\/3f4e56e4-8f6e-4f2f-a52a-803147c1bd7a.jpg","_links":{"self":[{"href":"https:\/\/periodiconuevomilenio.com\/index.php\/wp-json\/wp\/v2\/posts\/10247","targetHints":{"allow":["GET"]}}],"collection":[{"href":"https:\/\/periodiconuevomilenio.com\/index.php\/wp-json\/wp\/v2\/posts"}],"about":[{"href":"https:\/\/periodiconuevomilenio.com\/index.php\/wp-json\/wp\/v2\/types\/post"}],"author":[{"embeddable":true,"href":"https:\/\/periodiconuevomilenio.com\/index.php\/wp-json\/wp\/v2\/users\/1"}],"replies":[{"embeddable":true,"href":"https:\/\/periodiconuevomilenio.com\/index.php\/wp-json\/wp\/v2\/comments?post=10247"}],"version-history":[{"count":1,"href":"https:\/\/periodiconuevomilenio.com\/index.php\/wp-json\/wp\/v2\/posts\/10247\/revisions"}],"predecessor-version":[{"id":10249,"href":"https:\/\/periodiconuevomilenio.com\/index.php\/wp-json\/wp\/v2\/posts\/10247\/revisions\/10249"}],"wp:featuredmedia":[{"embeddable":true,"href":"https:\/\/periodiconuevomilenio.com\/index.php\/wp-json\/wp\/v2\/media\/10248"}],"wp:attachment":[{"href":"https:\/\/periodiconuevomilenio.com\/index.php\/wp-json\/wp\/v2\/media?parent=10247"}],"wp:term":[{"taxonomy":"category","embeddable":true,"href":"https:\/\/periodiconuevomilenio.com\/index.php\/wp-json\/wp\/v2\/categories?post=10247"},{"taxonomy":"post_tag","embeddable":true,"href":"https:\/\/periodiconuevomilenio.com\/index.php\/wp-json\/wp\/v2\/tags?post=10247"}],"curies":[{"name":"wp","href":"https:\/\/api.w.org\/{rel}","templated":true}]}}