{"id":10327,"date":"2023-12-11T14:34:13","date_gmt":"2023-12-11T20:34:13","guid":{"rendered":"https:\/\/periodiconuevomilenio.com\/?p=10327"},"modified":"2023-12-11T14:34:15","modified_gmt":"2023-12-11T20:34:15","slug":"ine-invita-a-toda-la-ciudadania-a-tramitar-renovar-y-actualizar-su-credencial-de-elector","status":"publish","type":"post","link":"https:\/\/periodiconuevomilenio.com\/index.php\/2023\/12\/11\/ine-invita-a-toda-la-ciudadania-a-tramitar-renovar-y-actualizar-su-credencial-de-elector\/","title":{"rendered":"INE Invita a toda la ciudadan\u00eda a tramitar, renovar y actualizar su credencial de elector"},"content":{"rendered":"\n<p>El Vocal Ejecutivo, el Mtro. Alejandro Elizarrar\u00e1s Corona y el Vocal del Registro Federal de Electores, el Lic. Jorge Amado Vergara Campos de la 13 Junta Distrital Ejecutiva; <strong>invita a toda la ciudadan\u00eda a tramitar, renovar y actualizar su credencial de elector <\/strong>y as\u00ed puedan participar con su voto en las siguientes elecciones del 2024, para ello tienen <strong>del 1 de septiembre del 2023<\/strong> <strong>hasta el 22 de enero del 2024 para hacerlo<\/strong>.<\/p>\n\n\n\n<p>El m\u00f3dulo de atenci\u00f3n ciudadana en Valle de Santiago, se ubica en Calle \u00c1lvaro Obreg\u00f3n 83b, Zona Centro, en un <strong>horario de LUNES a VIERNES de 08:00 a. m. a 03:00 p. m.<\/strong><\/p>\n\n\n\n<p>Ahora, tambi\u00e9n<strong> los S\u00c1BADOS <\/strong><strong>de 9:00 a.m. a 4:00 p.m.<\/strong><\/p>\n\n\n\n<p>S\u00f3lo tienen que presentar los siguientes requisitos:<\/p>\n\n\n\n<p><strong>3 documentos<\/strong> en original, sin tachaduras ni enmendaduras y vigentes:<\/p>\n\n\n\n<ul class=\"wp-block-list\">\n<li><strong>1<\/strong>. Acta de Nacimiento,<\/li>\n\n\n\n<li><strong>2<\/strong>. Identificaci\u00f3n con fotograf\u00eda: pasaporte, c\u00e9dula profesional, licencia de conducir, cartilla del Servicio Militar, etc. y<\/li>\n\n\n\n<li>&nbsp;<strong>3.<\/strong> Comprobante de domicilio: recibos de pago de impuestos y\/o servicios, estados de cuenta, contrato de arrendamiento reciente, etc.<\/li>\n<\/ul>\n\n\n\n<h3 class=\"wp-block-heading\">&nbsp;<\/h3>\n\n\n\n<h3 class=\"wp-block-heading\">Importante: Si no se cuenta con alguno de ellos, se puede presentar a 2 personas que funjan como testigos, con su credencial para votar.<\/h3>\n\n\n\n<h3 class=\"wp-block-heading\">Para cualquier duda o aclaraci\u00f3n est\u00e1n las oficinas de la Junta Distrital 13 Ejecutiva en C. Salvador D\u00edaz Mir\u00f3n, No. 24, Zona Centro, C.P. 38400 en Valle de Santiago, Gto. y su p\u00e1gina oficial en Facebook: <a href=\"https:\/\/www.facebook.com\/INEGuanajuato13JDE\">https:\/\/www.facebook.com\/INEGuanajuato13JDE<\/a> y twitter <a href=\"https:\/\/twitter.com\/INEGto13JDE\">https:\/\/twitter.com\/INEGto13JDE<\/a>.<\/h3>\n\n\n\n<figure class=\"wp-block-image size-large\"><img loading=\"lazy\" decoding=\"async\" width=\"684\" height=\"1024\" src=\"https:\/\/periodiconuevomilenio.com\/wp-content\/uploads\/2023\/12\/CARTEL-CON-O-SIN-CITA-GTO-684x1024.jpg\" alt=\"\" class=\"wp-image-10328\" srcset=\"https:\/\/periodiconuevomilenio.com\/wp-content\/uploads\/2023\/12\/CARTEL-CON-O-SIN-CITA-GTO-684x1024.jpg 684w, https:\/\/periodiconuevomilenio.com\/wp-content\/uploads\/2023\/12\/CARTEL-CON-O-SIN-CITA-GTO-200x300.jpg 200w, https:\/\/periodiconuevomilenio.com\/wp-content\/uploads\/2023\/12\/CARTEL-CON-O-SIN-CITA-GTO-768x1149.jpg 768w, https:\/\/periodiconuevomilenio.com\/wp-content\/uploads\/2023\/12\/CARTEL-CON-O-SIN-CITA-GTO-1026x1536.jpg 1026w, https:\/\/periodiconuevomilenio.com\/wp-content\/uploads\/2023\/12\/CARTEL-CON-O-SIN-CITA-GTO-1368x2048.jpg 1368w, https:\/\/periodiconuevomilenio.com\/wp-content\/uploads\/2023\/12\/CARTEL-CON-O-SIN-CITA-GTO-1024x1533.jpg 1024w, https:\/\/periodiconuevomilenio.com\/wp-content\/uploads\/2023\/12\/CARTEL-CON-O-SIN-CITA-GTO-scaled.jpg 1710w\" sizes=\"auto, (max-width: 684px) 100vw, 684px\" \/><\/figure>\n\n\n\n<figure class=\"wp-block-gallery has-nested-images columns-default is-cropped wp-block-gallery-1 is-layout-flex wp-block-gallery-is-layout-flex\"><\/figure>\n","protected":false},"excerpt":{"rendered":"<p>El Vocal Ejecutivo, el Mtro. Alejandro Elizarrar\u00e1s Corona y el Vocal del Registro Federal de Electores, el Lic.<\/p>\n","protected":false},"author":1,"featured_media":10328,"comment_status":"open","ping_status":"open","sticky":false,"template":"","format":"standard","meta":{"jetpack_post_was_ever_published":false,"_jetpack_newsletter_access":"","_jetpack_dont_email_post_to_subs":false,"_jetpack_newsletter_tier_id":0,"_jetpack_memberships_contains_paywalled_content":false,"_jetpack_memberships_contains_paid_content":false,"footnotes":"","jetpack_publicize_message":"","jetpack_publicize_feature_enabled":false,"jetpack_social_post_already_shared":false,"jetpack_social_options":{"image_generator_settings":{"template":"highway","enabled":false},"version":2}},"categories":[31,39],"tags":[51,22],"class_list":["post-10327","post","type-post","status-publish","format-standard","has-post-thumbnail","hentry","category-estado","category-valle-de-santiago","tag-estado","tag-valle"],"jetpack_publicize_connections":[],"jetpack_sharing_enabled":true,"jetpack_featured_media_url":"https:\/\/periodiconuevomilenio.com\/wp-content\/uploads\/2023\/12\/CARTEL-CON-O-SIN-CITA-GTO-scaled.jpg","_links":{"self":[{"href":"https:\/\/periodiconuevomilenio.com\/index.php\/wp-json\/wp\/v2\/posts\/10327","targetHints":{"allow":["GET"]}}],"collection":[{"href":"https:\/\/periodiconuevomilenio.com\/index.php\/wp-json\/wp\/v2\/posts"}],"about":[{"href":"https:\/\/periodiconuevomilenio.com\/index.php\/wp-json\/wp\/v2\/types\/post"}],"author":[{"embeddable":true,"href":"https:\/\/periodiconuevomilenio.com\/index.php\/wp-json\/wp\/v2\/users\/1"}],"replies":[{"embeddable":true,"href":"https:\/\/periodiconuevomilenio.com\/index.php\/wp-json\/wp\/v2\/comments?post=10327"}],"version-history":[{"count":1,"href":"https:\/\/periodiconuevomilenio.com\/index.php\/wp-json\/wp\/v2\/posts\/10327\/revisions"}],"predecessor-version":[{"id":10329,"href":"https:\/\/periodiconuevomilenio.com\/index.php\/wp-json\/wp\/v2\/posts\/10327\/revisions\/10329"}],"wp:featuredmedia":[{"embeddable":true,"href":"https:\/\/periodiconuevomilenio.com\/index.php\/wp-json\/wp\/v2\/media\/10328"}],"wp:attachment":[{"href":"https:\/\/periodiconuevomilenio.com\/index.php\/wp-json\/wp\/v2\/media?parent=10327"}],"wp:term":[{"taxonomy":"category","embeddable":true,"href":"https:\/\/periodiconuevomilenio.com\/index.php\/wp-json\/wp\/v2\/categories?post=10327"},{"taxonomy":"post_tag","embeddable":true,"href":"https:\/\/periodiconuevomilenio.com\/index.php\/wp-json\/wp\/v2\/tags?post=10327"}],"curies":[{"name":"wp","href":"https:\/\/api.w.org\/{rel}","templated":true}]}}