{"id":10331,"date":"2023-12-11T14:39:22","date_gmt":"2023-12-11T20:39:22","guid":{"rendered":"https:\/\/periodiconuevomilenio.com\/?p=10331"},"modified":"2023-12-11T14:39:24","modified_gmt":"2023-12-11T20:39:24","slug":"es-sentenciado-sujeto-que-huyo-a-sinaloa-por-homicidio-consumado-en-valle-de-santiago","status":"publish","type":"post","link":"https:\/\/periodiconuevomilenio.com\/index.php\/2023\/12\/11\/es-sentenciado-sujeto-que-huyo-a-sinaloa-por-homicidio-consumado-en-valle-de-santiago\/","title":{"rendered":"ES SENTENCIADO SUJETO QUE HUY\u00d3 A SINALOA POR HOMICIDIO CONSUMADO EN VALLE DE SANTIAGO"},"content":{"rendered":"\n<p>Valle de Santiago, Gto., 11 de diciembre de 2023.- JES\u00daS ANTONIO \u201cN\u201d asesin\u00f3 a un hombre por una dosis de droga en Valle de Santiago y la Fiscal\u00eda de Guanajuato fue por \u00e9l hasta Sinaloa, a fin de que enfrentara a la justicia. El acusado ya se encuentra en la c\u00e1rcel purgando una condena de 9 a\u00f1os por el delito de homicidio.<\/p>\n\n\n\n<p>El 06 de marzo del a\u00f1o 2022, entre las 02:30 y las 03:00 horas, la v\u00edctima J. Merced \u201cN\u201d, se encontraba ingiriendo bebidas alcoh\u00f3licas con el hoy sentenciado, en el interior de un inmueble ubicado en calle Avenida del Pozo en la Comunidad El Jaguey.<\/p>\n\n\n\n<p>En determinado momento de la convivencia, JES\u00daS ANTONIO \u201cN\u201d agarr\u00f3 unos bloques para la construcci\u00f3n y comenz\u00f3 a golpear a J. Merced \u201cN\u201d en el rostro y la cabeza hasta quitarle la vida, lo anterior debido a que supuestamente el hoy occiso le hab\u00eda agarrado una dosis de droga.<\/p>\n\n\n\n<p>El cuerpo pericial lleg\u00f3 al lugar del crimen y recab\u00f3 diversos indicios que coadyuvaron para esclarecer la mec\u00e1nica de los hechos e identificar al presunto homicida, quien, luego de ser rastreado por la AIC, se supo que se encontraba en el Estado de Sinaloa, hasta donde se traslad\u00f3 un grupo de Agentes de Investigaci\u00f3n encabezados por el Ministerio P\u00fablico, para traerlo de regreso a Guanajuato.<\/p>\n\n\n\n<p>Sin oponerse a ser detenido, Jes\u00fas Antonio \u201cN\u201d fue interceptado por elementos de la Agencia de Investigaci\u00f3n Criminal de Guanajuato, en la Carretera Culiac\u00e1n &#8211; Navolato De la Sindicatura de Aguaruto de la ciudad de Culiac\u00e1n.<\/p>\n\n\n\n<p>Una vez en tierras guanajuatenses, el inculpado fue llevado ante un tribunal de justicia, donde el Juez lo vincul\u00f3 a proceso penal y previo a la fecha de su juicio, acept\u00f3 los cargos que la Fiscal\u00eda le imput\u00f3 por el homicidio de J. Merced \u201cN\u201d, por lo que fue sentenciado en procedimiento abreviado.<\/p>\n\n\n\n<figure class=\"wp-block-image size-large\"><img loading=\"lazy\" decoding=\"async\" width=\"821\" height=\"1024\" src=\"https:\/\/periodiconuevomilenio.com\/wp-content\/uploads\/2023\/12\/FGE_11DIC_2023-821x1024.jpeg\" alt=\"\" class=\"wp-image-10332\" srcset=\"https:\/\/periodiconuevomilenio.com\/wp-content\/uploads\/2023\/12\/FGE_11DIC_2023-821x1024.jpeg 821w, https:\/\/periodiconuevomilenio.com\/wp-content\/uploads\/2023\/12\/FGE_11DIC_2023-241x300.jpeg 241w, https:\/\/periodiconuevomilenio.com\/wp-content\/uploads\/2023\/12\/FGE_11DIC_2023-768x958.jpeg 768w, https:\/\/periodiconuevomilenio.com\/wp-content\/uploads\/2023\/12\/FGE_11DIC_2023.jpeg 1025w\" sizes=\"auto, (max-width: 821px) 100vw, 821px\" \/><\/figure>\n\n\n\n<figure class=\"wp-block-gallery has-nested-images columns-default is-cropped wp-block-gallery-1 is-layout-flex wp-block-gallery-is-layout-flex\"><\/figure>\n","protected":false},"excerpt":{"rendered":"<p>Valle de Santiago, Gto., 11 de diciembre de 2023.- JES\u00daS ANTONIO \u201cN\u201d asesin\u00f3 a un hombre por una<\/p>\n","protected":false},"author":1,"featured_media":10332,"comment_status":"open","ping_status":"open","sticky":false,"template":"","format":"standard","meta":{"jetpack_post_was_ever_published":false,"_jetpack_newsletter_access":"","_jetpack_dont_email_post_to_subs":false,"_jetpack_newsletter_tier_id":0,"_jetpack_memberships_contains_paywalled_content":false,"_jetpack_memberships_contains_paid_content":false,"footnotes":"","jetpack_publicize_message":"","jetpack_publicize_feature_enabled":false,"jetpack_social_post_already_shared":false,"jetpack_social_options":{"image_generator_settings":{"template":"highway","enabled":false},"version":2}},"categories":[31,48,39],"tags":[51,22],"class_list":["post-10331","post","type-post","status-publish","format-standard","has-post-thumbnail","hentry","category-estado","category-policiaca","category-valle-de-santiago","tag-estado","tag-valle"],"jetpack_publicize_connections":[],"jetpack_sharing_enabled":true,"jetpack_featured_media_url":"https:\/\/periodiconuevomilenio.com\/wp-content\/uploads\/2023\/12\/FGE_11DIC_2023.jpeg","_links":{"self":[{"href":"https:\/\/periodiconuevomilenio.com\/index.php\/wp-json\/wp\/v2\/posts\/10331","targetHints":{"allow":["GET"]}}],"collection":[{"href":"https:\/\/periodiconuevomilenio.com\/index.php\/wp-json\/wp\/v2\/posts"}],"about":[{"href":"https:\/\/periodiconuevomilenio.com\/index.php\/wp-json\/wp\/v2\/types\/post"}],"author":[{"embeddable":true,"href":"https:\/\/periodiconuevomilenio.com\/index.php\/wp-json\/wp\/v2\/users\/1"}],"replies":[{"embeddable":true,"href":"https:\/\/periodiconuevomilenio.com\/index.php\/wp-json\/wp\/v2\/comments?post=10331"}],"version-history":[{"count":1,"href":"https:\/\/periodiconuevomilenio.com\/index.php\/wp-json\/wp\/v2\/posts\/10331\/revisions"}],"predecessor-version":[{"id":10333,"href":"https:\/\/periodiconuevomilenio.com\/index.php\/wp-json\/wp\/v2\/posts\/10331\/revisions\/10333"}],"wp:featuredmedia":[{"embeddable":true,"href":"https:\/\/periodiconuevomilenio.com\/index.php\/wp-json\/wp\/v2\/media\/10332"}],"wp:attachment":[{"href":"https:\/\/periodiconuevomilenio.com\/index.php\/wp-json\/wp\/v2\/media?parent=10331"}],"wp:term":[{"taxonomy":"category","embeddable":true,"href":"https:\/\/periodiconuevomilenio.com\/index.php\/wp-json\/wp\/v2\/categories?post=10331"},{"taxonomy":"post_tag","embeddable":true,"href":"https:\/\/periodiconuevomilenio.com\/index.php\/wp-json\/wp\/v2\/tags?post=10331"}],"curies":[{"name":"wp","href":"https:\/\/api.w.org\/{rel}","templated":true}]}}