{"id":10392,"date":"2023-12-12T14:35:20","date_gmt":"2023-12-12T20:35:20","guid":{"rendered":"https:\/\/periodiconuevomilenio.com\/?p=10392"},"modified":"2023-12-12T14:38:26","modified_gmt":"2023-12-12T20:38:26","slug":"convocatoria-al-proceso-de-seleccion-de-morena-para-candidaturas-a-cargos-de-diputaciones-locales-ayuntamientos-alcaldias-presidencias-de-comunidad-y-juntas-municipales-segun-sea-el-caso-en-los-p","status":"publish","type":"post","link":"https:\/\/periodiconuevomilenio.com\/index.php\/2023\/12\/12\/convocatoria-al-proceso-de-seleccion-de-morena-para-candidaturas-a-cargos-de-diputaciones-locales-ayuntamientos-alcaldias-presidencias-de-comunidad-y-juntas-municipales-segun-sea-el-caso-en-los-p\/","title":{"rendered":"CONVOCATORIA AL PROCESO DE SELECCI\u00d3N DE MORENA PARA CANDIDATURAS A CARGOS DE DIPUTACIONES LOCALES, AYUNTAMIENTOS, ALCALD\u00cdAS, PRESIDENCIAS DE COMUNIDAD Y JUNTAS MUNICIPALES, SEG\u00daN SEA EL CASO, EN LOS PROCESOS LOCALES CONCURRENTES 2023-2024."},"content":{"rendered":"\n<p>Con fundamento en lo dispuesto por los art\u00edculos 35, 36, 39, 41, 115 y 116 de la Constituci\u00f3n Pol\u00edtica de los Estados Unidos Mexicanos, relativos a los derechos y obligaciones de la ciudadan\u00eda, as\u00ed como a la naturaleza, objetivos y principios de los partidos pol\u00edticos, su derecho de autodeterminaci\u00f3n y auto organizaci\u00f3n y el principio de m\u00ednima intervenci\u00f3n en su vida interna; 226 y 228 de la Ley General de Instituciones y Procedimientos Electorales relativos a los procesos de selecci\u00f3n de candidatos a cargos de elecci\u00f3n popular y las precampa\u00f1as electorales a cargo de los partidos pol\u00edticos; 23, 25, 30, 34, 40, 43 y 44 de la Ley General de Partidos Pol\u00edticos, relativos al derecho de regular la vida interna, determinar su organizaci\u00f3n interior y organizar los procedimientos internos de selecci\u00f3n de dirigencias, sus requisitos, la obligaci\u00f3n de conducirse conforme los principios del Estado democr\u00e1tico, mantener el funcionamiento de los \u00f3rganos estatutarios y respetar la vida interna conforme su estrategia pol\u00edtico-electoral, la garant\u00eda de participaci\u00f3n de las personas militantes en las modalidades correspondientes y en el marco del cumplimiento de la certeza de los procedimientos; as\u00ed como los diversos aplicables previstos en las Constituciones Locales y el marco normativo electoral de las entidades federativas correspondientes; al igual que, los art\u00edculos 5, 12, 42, 43, 44,<\/p>\n\n\n\n<p>46 inciso e., 47, 48, 49, 49 bis, 55, dem\u00e1s relativos y aplicables del Estatuto de<\/p>\n\n\n\n<p>MORENA; de acuerdo con las disposiciones establecidas en la reforma estatutaria del III Congreso Nacional Ordinario de MORENA, considerando las bases y principios para la selecci\u00f3n de candidaturas de MORENA establecidos en el art\u00edculo<\/p>\n\n\n\n<p>44\u00b0 del Estatuto1 y 44\u00ba bis; una vez el analizado el contexto pol\u00edtico de nuestro pa\u00eds en los procesos electorales locales concurrentes 2023-2024, las fechas y plazos del calendario electoral y conforme a la estrategia pol\u00edtica y electoral de nuestro partido, tomando en cuenta que se elegir\u00e1 una totalidad de 20,263 cargos locales, se convoca por este conducto a la selecci\u00f3n de las candidaturas de MORENA para los cargos de los Congresos Locales por los principios de mayor\u00eda relativa y representaci\u00f3n proporcional; miembros de los ayuntamientos, es decir, presidencias, sindicaturas y regidur\u00edas municipales que son electos bajo el principio de elecci\u00f3n popular directa de conformidad con la Base I del art\u00edculo 115 de la Constituci\u00f3n Pol\u00edtica de los Estados Unidos Mexicanos; as\u00ed como Juntas Municipales, Alcald\u00edas, Concejal\u00edas y Presidencias de Comunidad, respectivamente en las entidades federativas de Aguascalientes, Baja California, Baja California Sur, Campeche, Chiapas, Chihuahua, Ciudad de M\u00e9xico, Coahuila, Colima, Durango, Guanajuato, Guerrero, Hidalgo, Jalisco, M\u00e9xico, Michoac\u00e1n, Morelos, Nayarit, Nuevo Le\u00f3n, Oaxaca, Puebla, Quer\u00e9taro, Quintana Roo, San Luis Potos\u00ed, Sinaloa,<\/p>\n\n\n\n<p><img loading=\"lazy\" decoding=\"async\" width=\"194\" height=\"2\" src=\"\">Sonora, Tabasco, Tamaulipas, Tlaxcala, Veracruz, Yucat\u00e1n, y Zacatecas, el Comit\u00e9<\/p>\n\n\n\n<p>1 &nbsp;Documentos b\u00e1sicos aprobados por el Instituto Nacional Electoral. Acuerdo INE\/CG881\/2022: Resoluci\u00f3n del Consejo General del Instituto Nacional Electoral sobre la procedencia constitucional y legal de las modificaciones a los documentos b\u00e1sicos del Partido Pol\u00edtico Nacional denominado MORENA, en cumplimiento al art\u00edculo transitorio segundo de los lineamientos aprobados mediante acuerdo INE\/CG517\/2020 as\u00ed como en el ejercicio de su libertad de autoorganizaci\u00f3n. Aprobado en la sesi\u00f3n extraordinaria del Consejo General celebrada el 14 de diciembre de 2022. <a href=\"https:\/\/repositoriodocumental.ine.mx\/xmlui\/bitstream\/handle\/123456789\/147337\/CGex202212-14-rp-31.pdf\">https:\/\/repositoriodocumental.ine.mx\/xmlui\/bitstream\/handle\/123456789\/147337\/CGex202212-14<\/a>&#8211;<\/p>\n\n\n\n<p><a href=\"https:\/\/repositoriodocumental.ine.mx\/xmlui\/bitstream\/handle\/123456789\/147337\/CGex202212-14-rp-31.pdf\">rp-31.pd<\/a>f<\/p>\n\n\n\n<p>Asimismo, la resoluci\u00f3n fue confirmada por la Sala Superior del Tribunal Electoral del Poder Judicial de la Federaci\u00f3n, en el expediente SUP-JDC-1471\/2022 y acumulados, disponible en:<\/p>\n\n\n\n<figure class=\"wp-block-embed\"><div class=\"wp-block-embed__wrapper\">\nhttps:\/\/www.te.gob.mx\/sentenciasHTML\/convertir\/expediente\/SUP-JDC-1471-2022\n<\/div><\/figure>\n\n\n\n<p>Ejecutivo Nacional determina convocar al proceso interno de selecci\u00f3n de candidaturas para los procesos electorales locales ordinarios 2023-2024, en los t\u00e9rminos siguientes:<\/p>\n\n\n\n<p><strong>C O N V O C A T O R I A<\/strong><\/p>\n\n\n\n<p>Esta convocatoria consigna el ejercicio de la facultad del Comit\u00e9 Ejecutivo Nacional de determinar con base en lo dispuesto por el art\u00edculo 44\u00b0 del Estatuto de MORENA el proceso de selecci\u00f3n de candidaturas aplicable. Asimismo, en cumplimiento a lo se\u00f1alado por el art\u00edculo 44\u00b0 bis del Estatuto de MORENA, se manifiesta expl\u00edcitamente:<\/p>\n\n\n\n<p>1. G\u00e9nero al que va dirigido &nbsp;la&nbsp; convocatoria: hombres, mujeres&nbsp; y cualquier&nbsp; otra expresi\u00f3n o identidad de g\u00e9nero.<\/p>\n\n\n\n<p>2. MORENA cumplir\u00e1 con la postulaci\u00f3n paritaria, as\u00ed como la relativa a acciones afirmativas en las candidaturas correspondientes de conformidad con lo establecido por los Organismos P\u00fablicos Locales Electorales en los procesos electorales locales concurrentes 2023-2024 y en la normatividad aplicable, por lo que se permitir\u00e1 la participaci\u00f3n y la solicitud de inscripci\u00f3n para el registro de hombres, mujeres y cualquier otra expresi\u00f3n o identidad de g\u00e9nero, habilitando a la Comisi\u00f3n Nacional de Elecciones para tomar las medidas que considere necesarias con la finalidad de garantizar la postulaci\u00f3n final paritaria en los t\u00e9rminos legales aplicables, lo anterior con fundamento en el apartado u. del art\u00edculo 44 del Estatuto.<\/p>\n\n\n\n<p>3. Todos los actos derivados de este proceso&nbsp; ser\u00e1n notificados a&nbsp; trav\u00e9s de los estrados electr\u00f3nicos en la p\u00e1gina: <a href=\"http:\/\/www.morena.org\/\">www.morena.o<\/a>rg<\/p>\n\n\n\n<p>4. El medio para impugnar las etapas del proceso interno ante la Comisi\u00f3n Nacional de Honestidad y Justicia se denomina Procedimiento Sancionador Electoral. Dicho procedimiento se debe promover dentro del t\u00e9rmino de 4 d\u00edas naturales a partir de ocurrido el hecho denunciado o de haber tenido formal conocimiento de este, siempre y cuando se acredite dicha circunstancia.<\/p>\n\n\n\n<p>En ese tenor, la presente Convocatoria se apegar\u00e1 a las siguientes BASES:<\/p>\n\n\n\n<p><strong>PRIMERA. DE LA SOLICITUD DE INSCRIPCI\u00d3N<\/strong><\/p>\n\n\n\n<p>La solicitud de inscripci\u00f3n para el registro de aspirantes para ocupar las candidaturas de MORENA se realizar\u00e1 ante la Comisi\u00f3n Nacional de Elecciones, en los t\u00e9rminos siguientes:<\/p>\n\n\n\n<p>a) &nbsp;A efecto de garantizar al m\u00e1ximo el derecho de participaci\u00f3n, la solicitud de inscripci\u00f3n para el registro de la presente convocatoria ser\u00e1 en l\u00ednea.<\/p>\n\n\n\n<p>b) &nbsp;La solicitud de inscripci\u00f3n para el registro en l\u00ednea se har\u00e1 a trav\u00e9s de la p\u00e1gina de internet: <a href=\"http:\/\/registro.morena.app\/\">http:\/\/registro.morena.ap<\/a>p<\/p>\n\n\n\n<p>c) &nbsp;La solicitud de inscripci\u00f3n para el registro se abrir\u00e1 en las fechas se\u00f1aladas por entidad federativa y por cada cargo de acuerdo con lo se\u00f1alado en el Cuadro<\/p>\n\n\n\n<p>1, en el periodo comprendido de las 00:00 horas del d\u00eda inicial hasta las<\/p>\n\n\n\n<p>23:59 horas del d\u00eda en que termina el periodo correspondiente, hora de la<\/p>\n\n\n\n<p>Ciudad de M\u00e9xico.<\/p>\n\n\n\n<p><img loading=\"lazy\" decoding=\"async\" width=\"125\" height=\"101\" src=\"\">d)&nbsp; El sistema de registro emitir\u00e1 el acuse correspondiente del env\u00edo de la solicitud de inscripci\u00f3n para ser registrado en el proceso interno, sin que este documento garantice la procedencia del registro, as\u00ed como tampoco genera expectativa de derecho alguno, salvo el correspondiente derecho de informaci\u00f3n.<\/p>\n\n\n\n<p><strong>Cuadro 1<\/strong><\/p>\n\n\n\n<figure class=\"wp-block-table\"><table><tbody><tr><td>&nbsp; &nbsp; <strong>E<\/strong><strong>ntidad federativa<\/strong><\/td><td>&nbsp; <strong>P<\/strong><strong>residencias municipales\/ Alcalde\/sa<\/strong><\/td><td>&nbsp; &nbsp; <strong>D<\/strong><strong>i<\/strong><strong>putaciones locales<\/strong><\/td><td>&nbsp; <strong>S<\/strong><strong>i<\/strong><strong>ndicaturas, Regidur\u00edas y Concejal\u00edas<\/strong><\/td><td><strong>P<\/strong><strong>residencias de Comunidad y Juntas Municipales<\/strong><\/td><\/tr><tr><td>&nbsp; Ciudad de M\u00e9xico<\/td><td><strong>13, 14 y 15 de noviembre.<\/strong><\/td><td><strong>13, 14 y 15 de noviembre.<\/strong><\/td><td><strong>13, 14 y 15 de noviembre.<\/strong><\/td><td>&nbsp; N\/A<\/td><\/tr><tr><td>&nbsp; Jalisco<\/td><td><strong>13, 14 y 15 de<\/strong> &nbsp; <strong>noviembre.<\/strong><\/td><td><strong>13, 14 y 15 de<\/strong> &nbsp; <strong>noviembre.<\/strong><\/td><td><strong>13, 14 y 15 de<\/strong> &nbsp; <strong>noviembre.<\/strong><\/td><td>&nbsp; N\/A<\/td><\/tr><tr><td>&nbsp; Tabasco<\/td><td><strong>13, 14 y 15 de<\/strong> &nbsp; <strong>noviembre.<\/strong><\/td><td><strong>13, 14 y 15 de<\/strong> &nbsp; <strong>noviembre.<\/strong><\/td><td><strong>13, 14 y 15 de<\/strong> &nbsp; <strong>noviembre.<\/strong><\/td><td>&nbsp; N\/A<\/td><\/tr><tr><td>&nbsp; Yucat\u00e1n<\/td><td><strong>13, 14 y 15 de<\/strong> &nbsp; <strong>noviembre.<\/strong><\/td><td><strong>13, 14 y 15 de<\/strong> &nbsp; <strong>noviembre.<\/strong><\/td><td><strong>13, 14 y 15 de<\/strong> &nbsp; <strong>noviembre.<\/strong><\/td><td>&nbsp; N\/A<\/td><\/tr><tr><td>&nbsp; Morelos<\/td><td><strong>20, 21 y 22 de<\/strong> &nbsp; <strong>noviembre.<\/strong><\/td><td><strong>20, 21 y 22 de<\/strong> &nbsp; <strong>noviembre.<\/strong><\/td><td><strong>20, 21 y 22 de<\/strong> &nbsp; <strong>noviembre.<\/strong><\/td><td>&nbsp; N\/A<\/td><\/tr><tr><td>&nbsp; Puebla<\/td><td><strong>20, 21 y 22 de<\/strong> &nbsp; <strong>noviembre.<\/strong><\/td><td><strong>20, 21 y 22 de<\/strong> &nbsp; <strong>noviembre.<\/strong><\/td><td><strong>20, 21 y 22 de<\/strong> &nbsp; <strong>noviembre.<\/strong><\/td><td>&nbsp; N\/A<\/td><\/tr><tr><td>&nbsp; Guanajuato<\/td><td><strong>20, 21 y 22 de<\/strong> &nbsp; <strong>noviembre.<\/strong><\/td><td><strong>20, 21 y 22 de<\/strong> &nbsp; <strong>noviembre.<\/strong><\/td><td><strong>20, 21 y 22 de<\/strong> &nbsp; <strong>noviembre.<\/strong><\/td><td>&nbsp; N\/A<\/td><\/tr><tr><td>&nbsp; Durango<\/td><td>&nbsp; N\/A<\/td><td><strong>20, 21 y 22 de<\/strong> &nbsp; <strong>noviembre.<\/strong><\/td><td>&nbsp; N\/A<\/td><td>&nbsp; N\/A<\/td><\/tr><tr><td>&nbsp; Aguascalientes<\/td><td><strong>20, 21 y 22 de<\/strong> &nbsp; <strong>noviembre.<\/strong><\/td><td><strong>20, 21 y 22 de<\/strong> &nbsp; <strong>noviembre.<\/strong><\/td><td><strong>20, 21 y 22 de<\/strong> &nbsp; <strong>noviembre.<\/strong><\/td><td>&nbsp; N\/A<\/td><\/tr><\/tbody><\/table><\/figure>\n\n\n\n<p>5<\/p>\n\n\n\n<figure class=\"wp-block-table\"><table><tbody><tr><td>&nbsp; &nbsp; <strong>E<\/strong><strong>ntidad federativa<\/strong><\/td><td>&nbsp; <strong>P<\/strong><strong>residencias municipales\/ Alcalde\/sa<\/strong><\/td><td>&nbsp; &nbsp; <strong>D<\/strong><strong>i<\/strong><strong>putaciones locales<\/strong><\/td><td>&nbsp; <strong>S<\/strong><strong>i<\/strong><strong>ndicaturas, Regidur\u00edas y Concejal\u00edas<\/strong><\/td><td><strong>P<\/strong><strong>residencias de Comunidad y Juntas Municipales<\/strong><\/td><\/tr><tr><td>&nbsp; Chihuahua<\/td><td><strong>20, 21 y 22 de noviembre.<\/strong><\/td><td><strong>20, 21 y 22 de noviembre.<\/strong><\/td><td><strong>20, 21 y 22 de noviembre.<\/strong><\/td><td>&nbsp; N\/A<\/td><\/tr><tr><td>&nbsp; Colima<\/td><td><strong>20, 21 y 22 de<\/strong> &nbsp; <strong>noviembre.<\/strong><\/td><td><strong>20, 21 y 22 de<\/strong> &nbsp; <strong>noviembre.<\/strong><\/td><td><strong>20, 21 y 22 de<\/strong> &nbsp; <strong>noviembre.<\/strong><\/td><td>&nbsp; N\/A<\/td><\/tr><tr><td>&nbsp; Nuevo Le\u00f3n<\/td><td><strong>20, 21 y 22 de<\/strong> &nbsp; <strong>noviembre.<\/strong><\/td><td><strong>20, 21 y 22 de<\/strong> &nbsp; <strong>noviembre.<\/strong><\/td><td><strong>20, 21 y 22 de<\/strong> &nbsp; <strong>noviembre.<\/strong><\/td><td>&nbsp; N\/A<\/td><\/tr><tr><td>&nbsp; Tamaulipas<\/td><td><strong>20, 21 y 22 de<\/strong> &nbsp; <strong>noviembre.<\/strong><\/td><td><strong>20, 21 y 22 de<\/strong> &nbsp; <strong>noviembre.<\/strong><\/td><td><strong>20, 21 y 22 de<\/strong> &nbsp; <strong>noviembre.<\/strong><\/td><td>&nbsp; N\/A<\/td><\/tr><tr><td>&nbsp; Baja California<\/td><td><strong>20, 21 y 22 de<\/strong> &nbsp; <strong>noviembre.<\/strong><\/td><td><strong>20, 21 y 22 de<\/strong> &nbsp; <strong>noviembre.<\/strong><\/td><td><strong>20, 21 y 22 de<\/strong> &nbsp; <strong>noviembre.<\/strong><\/td><td>&nbsp; N\/A<\/td><\/tr><tr><td>&nbsp; Tlaxcala<\/td><td><strong>26, 27 y 28 de<\/strong> &nbsp; <strong>noviembre.<\/strong><\/td><td><strong>26, 27 y 28 de<\/strong> &nbsp; <strong>noviembre.<\/strong><\/td><td><strong>26, 27 y 28 de<\/strong> &nbsp; <strong>noviembre.<\/strong><\/td><td><strong>26, 27 y 28 de<\/strong> &nbsp; <strong>noviembre.<\/strong><\/td><\/tr><tr><td>&nbsp; Zacatecas<\/td><td><strong>26, 27 y 28 de<\/strong> &nbsp; <strong>noviembre.<\/strong><\/td><td><strong>26, 27 y 28 de<\/strong> &nbsp; <strong>noviembre.<\/strong><\/td><td><strong>26, 27 y 28 de<\/strong> &nbsp; <strong>noviembre.<\/strong><\/td><td>&nbsp; N\/A<\/td><\/tr><tr><td>&nbsp; Guerrero<\/td><td><strong>26, 27 y 28 de noviembre.<\/strong><\/td><td><strong>26, 27 y 28 de noviembre.<\/strong><\/td><td><strong>26, 27 y 28 de noviembre.<\/strong><\/td><td>&nbsp; N\/A<\/td><\/tr><tr><td>&nbsp; Baja California Sur<\/td><td><strong>26, 27 y 28 de<\/strong> &nbsp; <strong>noviembre.<\/strong><\/td><td><strong>26, 27 y 28 de<\/strong> &nbsp; <strong>noviembre.<\/strong><\/td><td><strong>26, 27 y 28 de<\/strong> &nbsp; <strong>noviembre.<\/strong><\/td><td>&nbsp; N\/A<\/td><\/tr><tr><td>&nbsp; Michoac\u00e1n<\/td><td><strong>26, 27 y 28 de<\/strong> &nbsp; <strong>noviembre.<\/strong><\/td><td><strong>26, 27 y 28 de<\/strong> &nbsp; <strong>noviembre.<\/strong><\/td><td><strong>26, 27 y 28 de<\/strong> &nbsp; <strong>noviembre.<\/strong><\/td><td>&nbsp; N\/A<\/td><\/tr><tr><td>&nbsp; Estado de M\u00e9xico<\/td><td><strong>26, 27 y 28 de noviembre.<\/strong><\/td><td><strong>26, 27 y 28 de noviembre.<\/strong><\/td><td><strong>26, 27 y 28 de noviembre.<\/strong><\/td><td>&nbsp; N\/A<\/td><\/tr><tr><td>&nbsp; Hidalgo<\/td><td><strong>26, 27 y 28 de noviembre.<\/strong><\/td><td><strong>26, 27 y 28 de noviembre.<\/strong><\/td><td><strong>26, 27 y 28 de noviembre.<\/strong><\/td><td>&nbsp; N\/A<\/td><\/tr><tr><td>&nbsp; Coahuila<\/td><td><strong>26, 27 y 28 de<\/strong> &nbsp; <strong>noviembre.<\/strong><\/td><td>&nbsp; N\/A<\/td><td><strong>26, 27 y 28 de<\/strong> &nbsp; <strong>noviembre.<\/strong><\/td><td>&nbsp; N\/A<\/td><\/tr><\/tbody><\/table><\/figure>\n\n\n\n<p><img loading=\"lazy\" decoding=\"async\" width=\"125\" height=\"101\" src=\"\">6<\/p>\n\n\n\n<figure class=\"wp-block-table\"><table><tbody><tr><td>&nbsp; &nbsp; <strong>E<\/strong><strong>ntidad federativa<\/strong><\/td><td>&nbsp; <strong>P<\/strong><strong>residencias municipales\/ Alcalde\/sa<\/strong><\/td><td colspan=\"2\">&nbsp; &nbsp; <strong>D<\/strong><strong>i<\/strong><strong>putaciones locales<\/strong><\/td><td>&nbsp; <strong>S<\/strong><strong>i<\/strong><strong>ndicaturas, Regidur\u00edas y Concejal\u00edas<\/strong><\/td><td><strong>P<\/strong><strong>residencias de Comunidad y Juntas Municipales<\/strong><\/td><\/tr><tr><td>&nbsp; Veracruz<\/td><td>&nbsp; N\/A<\/td><td colspan=\"2\"><strong>4, 5 y 6 de diciembre.<\/strong><\/td><td>&nbsp; N\/A<\/td><td>&nbsp; N\/A<\/td><\/tr><tr><td>&nbsp; Chiapas<\/td><td><strong>4, 5 y 6 de<\/strong> &nbsp; <strong>diciembre.<\/strong><\/td><td colspan=\"2\"><strong>4, 5 y 6 de<\/strong> &nbsp; <strong>diciembre.<\/strong><\/td><td><strong>4, 5 y 6 de<\/strong> &nbsp; <strong>diciembre.<\/strong><\/td><td>&nbsp; N\/A<\/td><\/tr><tr><td>&nbsp; Oaxaca<\/td><td><strong>4, 5 y 6 de<\/strong> &nbsp; <strong>diciembre.<\/strong><\/td><td colspan=\"2\"><strong>4, 5 y 6 de<\/strong> &nbsp; <strong>diciembre.<\/strong><\/td><td><strong>4, 5 y 6 de<\/strong> &nbsp; <strong>diciembre.<\/strong><\/td><td>&nbsp; N\/A<\/td><\/tr><tr><td>&nbsp; San Luis Potos\u00ed<\/td><td><strong>4, 5 y 6 de<\/strong> &nbsp; <strong>diciembre.<\/strong><\/td><td colspan=\"2\"><strong>4, 5 y 6 de<\/strong> &nbsp; <strong>diciembre.<\/strong><\/td><td><strong>4, 5 y 6 de<\/strong> &nbsp; <strong>diciembre.<\/strong><\/td><td>&nbsp; N\/A<\/td><\/tr><tr><td>&nbsp; Nayarit<\/td><td><strong>4, 5 y 6 de<\/strong> &nbsp; <strong>diciembre<\/strong>.<\/td><td colspan=\"2\"><strong>4, 5 y 6 de<\/strong> &nbsp; <strong>diciembre.<\/strong><\/td><td><strong>4, 5 y 6 de<\/strong> &nbsp; <strong>diciembre.<\/strong><\/td><td>&nbsp; N\/A<\/td><\/tr><tr><td>&nbsp; Sonora<\/td><td><strong>4, 5 y 6 de<\/strong> &nbsp; <strong>diciembre.<\/strong><\/td><td colspan=\"2\"><strong>4, 5 y 6 de<\/strong> &nbsp; <strong>diciembre.<\/strong><\/td><td><strong>4, 5 y 6 de<\/strong> &nbsp; <strong>diciembre.<\/strong><\/td><td>&nbsp; N\/A<\/td><\/tr><tr><td>&nbsp; Campeche<\/td><td><strong>4, 5 y 6 de<\/strong> &nbsp; <strong>diciembre.<\/strong><\/td><td colspan=\"2\"><strong>4, 5 y 6 de<\/strong> &nbsp; <strong>diciembre.<\/strong><\/td><td><strong>4, 5 y 6 de<\/strong> &nbsp; <strong>diciembre.<\/strong><\/td><td><strong>4, 5 y 6 de<\/strong> &nbsp; <strong>diciembre.<\/strong><\/td><\/tr><tr><td>&nbsp; Quer\u00e9taro<\/td><td><strong>4, 5 y 6 de diciembre.<\/strong><\/td><td colspan=\"2\"><strong>4, 5 y 6 de diciembre.<\/strong><\/td><td><strong>4, 5 y 6 de diciembre.<\/strong><\/td><td>&nbsp; N\/A<\/td><\/tr><tr><td>&nbsp; Quintana Roo<\/td><td><strong>4, 5 y 6 de<\/strong> &nbsp; <strong>diciembre.<\/strong><\/td><td colspan=\"2\"><strong>4, 5 y 6 de<\/strong> &nbsp; <strong>diciembre.<\/strong><\/td><td><strong>4, 5 y 6 de<\/strong> &nbsp; <strong>diciembre.<\/strong><\/td><td>&nbsp; N\/A<\/td><\/tr><tr><td>&nbsp; Sinaloa<\/td><td><strong>4, 5 y 6 de<\/strong> &nbsp; <strong>diciembre.<\/strong><\/td><td colspan=\"2\"><strong>4, 5 y 6 de<\/strong> &nbsp; <strong>diciembre.<\/strong><\/td><td><strong>4, 5 y 6 de<\/strong> &nbsp; <strong>diciembre.<\/strong><\/td><td>&nbsp; N\/A<\/td><\/tr><tr><td colspan=\"3\"><em>*Todas las fechas son del a\u00f1o 2023.<\/em><\/td><td colspan=\"3\">&nbsp;<\/td><\/tr><tr><td><\/td><td><\/td><td><\/td><td><\/td><td><\/td><td><\/td><\/tr><\/tbody><\/table><\/figure>\n\n\n\n<p><img loading=\"lazy\" decoding=\"async\" width=\"125\" height=\"101\" src=\"\">7<\/p>\n\n\n\n<p><strong>SEGUNDA. DE LAS FACULTADES DE LA COMISI\u00d3N NACIONAL DE ELECCIONES EN ESTA FASE<\/strong><\/p>\n\n\n\n<p>La Comisi\u00f3n Nacional de Elecciones revisar\u00e1 las solicitudes de inscripci\u00f3n, valorar\u00e1 y calificar\u00e1 los perfiles, con los elementos de decisi\u00f3n necesarios, de acuerdo a las disposiciones contenidas en el Estatuto de MORENA, y s\u00f3lo dar\u00e1 a conocer las solicitudes de inscripci\u00f3n aprobadas, sin menoscabo que se notifique a cada uno de los solicitantes el resultado de la determinaci\u00f3n de manera fundada y motivada, cuando as\u00ed lo soliciten.<\/p>\n\n\n\n<p><strong>T<\/strong><strong>ERCERA. DE LA PUBLICACI\u00d3N DE LA RELACI\u00d3N DE REGISTROS APROBADOS<\/strong><\/p>\n\n\n\n<p>La Comisi\u00f3n Nacional de Elecciones publicar\u00e1 la relaci\u00f3n de solicitudes de registro aprobadas de las y los aspirantes a las candidaturas establecidas en la presente Convocatoria, a m\u00e1s tardar en las fechas consignadas en el Cuadro 2, respetando las etapas y calendarios del proceso electoral local conforme a la normatividad aplicable.<\/p>\n\n\n\n<p><strong>Cuadro 2<\/strong><\/p>\n\n\n\n<figure class=\"wp-block-table\"><table><tbody><tr><td><strong>E<\/strong><strong>ntidad federativa<\/strong><\/td><td><strong>Fechas*<\/strong><\/td><\/tr><tr><td>Ciudad de M\u00e9xico<\/td><td>03 de enero.<\/td><\/tr><tr><td>Jalisco<\/td><td>03 de enero.<\/td><\/tr><tr><td>Tabasco<\/td><td>03 de enero.<\/td><\/tr><tr><td>Yucat\u00e1n<\/td><td>03 de enero.<\/td><\/tr><tr><td>Morelos<\/td><td>03 de enero.<\/td><\/tr><tr><td>Puebla<\/td><td>03 de enero.<\/td><\/tr><tr><td>Guanajuato<\/td><td>21 de enero.<\/td><\/tr><\/tbody><\/table><\/figure>\n\n\n\n<p>8<\/p>\n\n\n\n<figure class=\"wp-block-table\"><table><tbody><tr><td colspan=\"2\"><strong>E<\/strong><strong>ntidad federativa<\/strong><\/td><td><strong>Fechas*<\/strong><\/td><\/tr><tr><td colspan=\"2\">Durango<\/td><td>03 de enero.<\/td><\/tr><tr><td colspan=\"2\">Aguascalientes<\/td><td>03 de enero.<\/td><\/tr><tr><td colspan=\"2\">Chihuahua<\/td><td>03 de enero.<\/td><\/tr><tr><td colspan=\"2\">Colima<\/td><td>03 de enero.<\/td><\/tr><tr><td colspan=\"2\">Nuevo Le\u00f3n<\/td><td>21 de enero.<\/td><\/tr><tr><td colspan=\"2\">Tamaulipas<\/td><td>21 de enero.<\/td><\/tr><tr><td colspan=\"2\">Baja California<\/td><td>21 de enero.<\/td><\/tr><tr><td colspan=\"2\">Tlaxcala<\/td><td>21 de enero.<\/td><\/tr><tr><td colspan=\"2\">Zacatecas<\/td><td>10 de febrero.<\/td><\/tr><tr><td colspan=\"2\">Guerrero<\/td><td>10 de febrero.<\/td><\/tr><tr><td colspan=\"2\">Baja California Sur<\/td><td>17 de febrero.<\/td><\/tr><tr><td colspan=\"2\">Hidalgo<\/td><td>17 de febrero.<\/td><\/tr><tr><td colspan=\"2\">Coahuila<\/td><td>17 de febrero.<\/td><\/tr><tr><td colspan=\"2\">Veracruz<\/td><td>10 de febrero.<\/td><\/tr><tr><td colspan=\"2\">Chiapas<\/td><td>10 de febrero.<\/td><\/tr><tr><td colspan=\"2\">Michoac\u00e1n<\/td><td>10 de febrero.<\/td><\/tr><tr><td colspan=\"2\">Oaxaca<\/td><td>10 de febrero.<\/td><\/tr><tr><td colspan=\"2\">San Luis Potos\u00ed<\/td><td>10 de febrero.<\/td><\/tr><tr><td colspan=\"2\">Estado de M\u00e9xico<\/td><td>10 de febrero.<\/td><\/tr><tr><td colspan=\"2\">&nbsp; Nayarit<\/td><td>&nbsp; 10 de febrero.<\/td><\/tr><tr><td colspan=\"2\">Sonora<\/td><td>10 de febrero.<\/td><\/tr><tr><td colspan=\"2\">Campeche<\/td><td>17 de febrero.<\/td><\/tr><tr><td colspan=\"2\">Quer\u00e9taro<\/td><td>17 de febrero.<\/td><\/tr><tr><td colspan=\"2\">Quintana Roo<\/td><td>17 de febrero.<\/td><\/tr><tr><td colspan=\"2\">&nbsp; Sinaloa<\/td><td>&nbsp; 17 de febrero.<\/td><\/tr><tr><td><em>*Todas las fechas son del a\u00f1o 2024.<\/em><\/td><td colspan=\"2\">&nbsp;<\/td><\/tr><tr><td><\/td><td><\/td><td><\/td><\/tr><\/tbody><\/table><\/figure>\n\n\n\n<p>9<\/p>\n\n\n\n<p>Todas las publicaciones de los registros aprobados y las notificaciones relacionadas con el proceso de selecci\u00f3n se realizar\u00e1n por medio de la p\u00e1gina de internet: <a href=\"http:\/\/www.morena.org\">http:\/\/www.morena.or<\/a>g<\/p>\n\n\n\n<p>S\u00f3lo las personas firmantes de las solicitudes de inscripci\u00f3n aprobadas por la Comisi\u00f3n Nacional de Elecciones podr\u00e1n participar en las siguientes etapas del proceso.<\/p>\n\n\n\n<p>El registro podr\u00e1 ser cancelado, o no otorgado, por violaci\u00f3n grave a las reglas establecidas en el Estatuto y en esta Convocatoria a juicio de la Comisi\u00f3n Nacional de Elecciones y\/o del Comit\u00e9 Ejecutivo Nacional. Queda estrictamente prohibido que quienes son aspirantes realicen acusaciones p\u00fablicas contra el partido, los integrantes de sus \u00f3rganos de Direcci\u00f3n u otros aspirantes o protagonistas, o en su caso, cometan actos de violencia f\u00edsica contra otros miembros o el patrimonio del partido. La falta a esta disposici\u00f3n ser\u00e1 sancionada con la cancelaci\u00f3n del registro de aspirante a la candidatura correspondiente y se dar\u00e1 vista a la Comisi\u00f3n Nacional de Honestidad y Justicia. Asimismo, las personas aspirantes, la militancia y la ciudadan\u00eda simpatizante o cualquier otra persona interesada, tienen el deber de cuidado del proceso, por lo que deber\u00e1n prestar atenci\u00f3n a las publicaciones de los actos y etapas del proceso a trav\u00e9s del sitio se\u00f1alado para las notificaciones de los actos del proceso.<\/p>\n\n\n\n<p><strong>CUARTA. DE LA ELEGIBILIDAD<\/strong><\/p>\n\n\n\n<p>Las personas que pretendan ser postuladas para ocupar alguna de las candidaturas de MORENA a los cargos de Diputaciones locales; las Presidencias Municipales, Sindicaturas y Regidur\u00edas de los Ayuntamientos; las y los integrantes de las Alcald\u00edas y Concejal\u00edas de la Ciudad de M\u00e9xico; o las y los integrantes de las Juntas Municipales y Presidencias de Comunidad de los estados de Campeche y Tlaxcala, deben cumplir los requisitos constitucionales y legales establecidos en la normatividad local mismas que se tienen por reproducidas como si a la letra se insertasen, seg\u00fan sea el caso, as\u00ed como los dem\u00e1s contemplados en el Estatuto y concluir las etapas consignadas en este documento.<\/p>\n\n\n\n<p>De igual manera, para cualquiera de los cargos materia de la presente convocatoria, las personas aspirantes deber\u00e1n:<\/p>\n\n\n\n<p>a)&nbsp; Tener pleno ejercicio de los derechos partidistas y no estar inscrito en el registro de personas sancionadas por la Comisi\u00f3n Nacional de Honestidad y Justicia, en caso de ser militantes;<\/p>\n\n\n\n<p>b) &nbsp;Haber acreditado o estar inscrito en el curso de formaci\u00f3n pol\u00edtica al que se refiere la \u00faltima parte del primer p\u00e1rrafo del art\u00edculo 6\u00b0 Bis del Estatuto; en todo caso, quienes resulten seleccionados o seleccionadas en las candidaturas deber\u00e1n acreditar la conclusi\u00f3n del mismo; de lo contrario no proceder\u00e1 el registro. Para tal efecto, podr\u00e1n registrarse en las siguientes ligas de internet:<\/p>\n\n\n\n<p>\u2022&nbsp; &nbsp;Aspirantes a Diputaciones locales:<\/p>\n\n\n\n<figure class=\"wp-block-embed\"><div class=\"wp-block-embed__wrapper\">\nhttps:\/\/registroinfp.morena.app\/Convocatoria\/Detalle\/481e3e2d-0f98-\n<\/div><\/figure>\n\n\n\n<p><a href=\"https:\/\/registroinfp.morena.app\/Convocatoria\/Detalle\/481e3e2d-0f98-41b8-a191-fb69f94e1fc4\">41b8-a191-fb69f94e1f<\/a>c4<\/p>\n\n\n\n<p>\u2022&nbsp;&nbsp;&nbsp;&nbsp; Aspirantes a cargos de ayuntamientos, alcald\u00edas, presidencias de comunidad y juntas municipales: <a href=\"https:\/\/registroinfp.morena.app\/Convocatoria\/Detalle\/e0166946-97e7-4303-ba68-f051bee8b68b\">https:\/\/registroinfp.morena.app\/Convocatoria\/Detalle\/e0166946-97e7<\/a>&#8211;<\/p>\n\n\n\n<p><a href=\"https:\/\/registroinfp.morena.app\/Convocatoria\/Detalle\/e0166946-97e7-4303-ba68-f051bee8b68b\">4303-ba68-f051bee8b68<\/a>b<\/p>\n\n\n\n<p>Es menester precisar que quienes pretendan participar en el proceso de definici\u00f3n de candidaturas deber\u00e1n acreditar el cumplimiento de las normas constitucionales, legales electorales e internas del partido, as\u00ed como de los principios \u00e9ticos de nuestro movimiento en los t\u00e9rminos de esta Convocatoria.<\/p>\n\n\n\n<p>No podr\u00e1n inscribirse para distintos cargos de elecci\u00f3n popular dentro de las convocatorias de selecci\u00f3n interna de candidaturas para el correspondiente proceso electoral local 2023- 2024.<\/p>\n\n\n\n<p><strong>QUINTA. DE LA PARTICIPACI\u00d3N DE ALIADOS<\/strong><\/p>\n\n\n\n<p>Las personas militantes y simpatizantes de los partidos pol\u00edticos aliados al proyecto de&nbsp; la Cuarta Transformaci\u00f3n&nbsp; pueden &nbsp;solicitar su&nbsp; inscripci\u00f3n&nbsp; en su&nbsp; calidad&nbsp; de externos para su registro en el proceso interno de selecci\u00f3n de candidaturas por el principio de mayor\u00eda relativa y elecci\u00f3n popular directa en el proceso electoral local<\/p>\n\n\n\n<p>2023-2024.<\/p>\n\n\n\n<p><strong>SEXTA. DE LAS PROHIBICIONES<\/strong><\/p>\n\n\n\n<p>Queda prohibido el uso de campa\u00f1as dispendiosas y anuncios espectaculares de procedencia desconocida; uso de recursos p\u00fablicos de cualquier naturaleza; intervenci\u00f3n &nbsp;de &nbsp;servidores &nbsp;p\u00fablicos &nbsp;en &nbsp;favor &nbsp;o &nbsp;en &nbsp;contra &nbsp;de &nbsp;participantes; &nbsp;la<\/p>\n\n\n\n<p>utilizaci\u00f3n de programas sociales, condicionamientos o coacci\u00f3n en favor o en contra de participantes.<\/p>\n\n\n\n<p>Quienes hayan visto publicidad de su persona en cualquier forma de procedencia desconocida deber\u00e1n deslindarse p\u00fablica, pol\u00edtica, financiera y jur\u00eddicamente, de cualquiera de este tipo de campa\u00f1a dispendiosa (espectaculares, pinta de bardas, lonas, etc.). De haber disputas internas, deber\u00e1n llamar en\u00e9rgicamente a sus simpatizantes a frenar cualquier denuesto y descalificaci\u00f3n entre compa\u00f1eros en redes sociales que pudieran rayar en la guerra sucia que desde siempre hemos combatido y denunciado. Cabe recordar que este tipo de pr\u00e1cticas suelen ser inducidas o auspiciadas por nuestros adversarios con el prop\u00f3sito de dividirnos, debilitarnos o desprestigiarnos.<\/p>\n\n\n\n<p>Las y los funcionarios y representantes que a continuaci\u00f3n se enumeran no participar\u00e1n en actividades de apoyo y\/o propagand\u00edsticas relacionadas con este proceso a favor o en contra de cualquier participante, no expresar\u00e1n su preferencia, se abstendr\u00e1n de hacer pactos con facciones afines a cualquiera de ellas o ellos y mantendr\u00e1n durante el proceso una estricta imparcialidad:<\/p>\n\n\n\n<p>a) &nbsp;El Presidente de la Rep\u00fablica y los titulares de su gabinete legal y ampliado;<\/p>\n\n\n\n<p>b) &nbsp;Los gobernadores y los integrantes de sus respectivos gabinetes;<\/p>\n\n\n\n<p>c) &nbsp;Alcaldes y presidentes municipales y sus colaboradores de primer nivel;<\/p>\n\n\n\n<p>d) &nbsp;Coordinadores de las bancadas legislativas federales y estatales de Morena;<\/p>\n\n\n\n<p>e) &nbsp;Directivos de todos los cuerpos legislativos federal y estatales;<\/p>\n\n\n\n<p>f)&nbsp;&nbsp;&nbsp; Toda persona con un cargo de dirigencia nacional o estatal de Morena, as\u00ed como las y los integrantes de sus comisiones de Elecciones y de Encuestas.<\/p>\n\n\n\n<p>Queda estrictamente prohibido utilizar el presupuesto p\u00fablico o bienes gubernamentales para favorecer a participantes o a sus representantes durante el proceso.<\/p>\n\n\n\n<p>Las y los participantes, as\u00ed como sus simpatizantes y adherentes, tendr\u00e1n siempre presente que el quebrantamiento de las normas anteriores, lejos de favorecerlos, se traducir\u00e1n en su desprestigio y en la p\u00e9rdida de confianza por parte del pueblo, situaci\u00f3n que ser\u00e1 considerada en la valoraci\u00f3n correspondiente en este proceso de definici\u00f3n. Asimismo, deben tener siempre presente que las y los integrantes del movimiento y del partido se caracterizan por ser mujeres y hombres conscientes y libres, no manipulables, y por anteponer siempre la honestidad.<\/p>\n\n\n\n<p>En caso de se\u00f1alamientos sobre este tipo de pr\u00e1cticas indebidas una vez emitida la convocatoria, podr\u00e1n presentarse las pruebas correspondientes ante la Comisi\u00f3n Nacional de Honestidad y Justicia para que se valoren y a la brevedad posible resuelva lo conducente, pudiendo establecer las medidas necesarias para hacer valer las disposiciones estatutarias y de esta convocatoria.<\/p>\n\n\n\n<p><strong>S\u00c9PTIMA. REQUISITOS<\/strong><\/p>\n\n\n\n<p>En la plataforma de registro deber\u00e1n anexarse digitalizados los siguientes formatos emitidos por la Comisi\u00f3n Nacional de Elecciones:<\/p>\n\n\n\n<p><strong>1<\/strong><strong>. &nbsp;<\/strong>Solicitud de Registro que contendr\u00e1 los siguientes datos:<\/p>\n\n\n\n<p>a. &nbsp;Apellidos y nombre completo;<\/p>\n\n\n\n<p>b. &nbsp;Nombre como quiere ser encuestado;<\/p>\n\n\n\n<p>c. &nbsp;Cargo a que aspira;<\/p>\n\n\n\n<p>d. &nbsp;Clave de elector;<\/p>\n\n\n\n<p>e. &nbsp;Lugar y fecha de nacimiento;<\/p>\n\n\n\n<p>f.&nbsp; &nbsp;Sexo o expresi\u00f3n de g\u00e9nero;<\/p>\n\n\n\n<p>g. &nbsp;Un correo electr\u00f3nico para recibir notificaciones personales;<\/p>\n\n\n\n<p>h. &nbsp;Domicilio y tiempo de residencia en el mismo;<\/p>\n\n\n\n<p>i.&nbsp; &nbsp;Manifestaci\u00f3n de ser militante o externo;<\/p>\n\n\n\n<p>j.&nbsp; &nbsp;Registro Federal de Contribuyentes (RFC);<\/p>\n\n\n\n<p>k. &nbsp;CURP;<\/p>\n\n\n\n<p>l.&nbsp;&nbsp;&nbsp; En caso de pertenecer a alg\u00fan grupo de atenci\u00f3n prioritaria por acci\u00f3n afirmativa, se\u00f1alar su autoadscripci\u00f3n.<\/p>\n\n\n\n<p><strong>2<\/strong><strong>. <\/strong>Carta compromiso con los principios de la Cuarta Transformaci\u00f3n y conformidad con el proceso interno de MORENA, con firma aut\u00f3grafa, en el formato que para tal efecto emita la Comisi\u00f3n Nacional de Elecciones;<\/p>\n\n\n\n<p><strong>3<\/strong><strong>.&nbsp; <\/strong>Carta firmada de manera aut\u00f3grafa, bajo protesta de decir verdad, con la manifestaci\u00f3n de:<\/p>\n\n\n\n<p>a.&nbsp;&nbsp;&nbsp; No haber sido persona condenada, o sancionada mediante resoluci\u00f3n judicial firme por violencia familiar y\/o dom\u00e9stica, o cualquier agresi\u00f3n de g\u00e9nero en el \u00e1mbito privado o p\u00fablico que le inhabilite como candidatura;<\/p>\n\n\n\n<p>b. &nbsp;No haber sido persona condenada, o sancionada mediante resoluci\u00f3n firme por delitos sexuales, contra la libertad sexual o la intimidad corporal que le inhabilite como candidatura; y<\/p>\n\n\n\n<p>c. &nbsp;No haber sido persona condenada o sancionada mediante resoluci\u00f3n firme como deudor alimentario o moroso que atenten contra las obligaciones alimentarias y que no cuente con registro vigente en alg\u00fan padr\u00f3n de deudores alimentarios, en los \u00faltimos tres a\u00f1os.<\/p>\n\n\n\n<p>Dicha carta deber\u00e1 presentarse en el formato que para tal efecto emita la<\/p>\n\n\n\n<p>Comisi\u00f3n Nacional de Elecciones;<\/p>\n\n\n\n<p><strong>4<\/strong><strong>. &nbsp;<\/strong>Curr\u00edculo con fotograf\u00eda, firmado de manera aut\u00f3grafa, en el que se destaque la trayectoria profesional, laboral y pol\u00edtica, los atributos \u00e9tico-pol\u00edticos, la antig\u00fcedad en la lucha de las causas sociales y la vida democr\u00e1tica, as\u00ed como su aportaci\u00f3n al proceso de transformaci\u00f3n, en el formato que para tal efecto emita la Comisi\u00f3n Nacional de Elecciones.<\/p>\n\n\n\n<p><strong>5<\/strong><strong>.&nbsp; <\/strong>Carta firmada de manera aut\u00f3grafa en la que se asuman y acepten los criterios de paridad de g\u00e9nero, las medidas y los ajustes que, en su caso, procedan en t\u00e9rminos de esta Convocatoria en la definici\u00f3n final de las candidaturas con el fin de hacer efectivos dichos derechos, en el formato que para tal efecto emita la Comisi\u00f3n Nacional de Elecciones; y<\/p>\n\n\n\n<p><strong>6<\/strong><strong>. &nbsp;<\/strong>Carta firmada de manera aut\u00f3grafa del consentimiento informado en el que se otorga de forma libre, espec\u00edfica e informada su autorizaci\u00f3n para que la Comisi\u00f3n Nacional de Elecciones consulte la informaci\u00f3n relativa a sus antecedentes no penales, en el formato que para tal efecto emita dicha Comisi\u00f3n.<\/p>\n\n\n\n<p>Todos los formatos ser\u00e1n emitidos por el sistema al momento de realizar la solicitud en el formulario digital.<\/p>\n\n\n\n<p><strong>OCTAVA. DE LA DOCUMENTACI\u00d3N SOLICITADA<\/strong><\/p>\n\n\n\n<p>La solicitud de inscripci\u00f3n se acompa\u00f1ar\u00e1 con la siguiente documentaci\u00f3n digitalizada:<\/p>\n\n\n\n<p>a) &nbsp;Copia legible de la Credencial para votar vigente por ambos lados;<\/p>\n\n\n\n<p>b) &nbsp;Copia legible del Acta de nacimiento;<\/p>\n\n\n\n<p>c) En el caso de las personas protagonistas del cambio verdadero, el documento que compruebe la militancia en MORENA<strong>*<\/strong>;<\/p>\n\n\n\n<p>d) &nbsp;Cualquier comprobante&nbsp; de domicilio, mismo que deber\u00e1 coincidir con el domicilio manifestado en la solicitud de registro;<\/p>\n\n\n\n<p>e)&nbsp; La documentaci\u00f3n o archivos digitales que considere para evidenciar su trabajo y compromiso con el Proyecto de la Cuarta Transformaci\u00f3n.<\/p>\n\n\n\n<p>f)&nbsp;&nbsp;&nbsp; En el caso de haber manifestado pertenecer a alg\u00fan grupo de atenci\u00f3n prioritaria por acci\u00f3n afirmativa, deber\u00e1 anexar la documentaci\u00f3n o archivos digitales que considera para evidenciar su trabajo dentro del movimiento de transformaci\u00f3n en favor del grupo que pretende representar.<\/p>\n\n\n\n<p>Por tratarse de un registro en l\u00ednea se deber\u00e1n tener digitalizados los formatos y documentos requeridos en las BASES S\u00c9PTIMA y OCTAVA de esta convocatoria, para el llenado de los datos y la carga de los archivos en la plataforma electr\u00f3nica.<\/p>\n\n\n\n<p>En caso de omisiones en la documentaci\u00f3n entregada, se notificar\u00e1 a la persona aspirante por medio del correo electr\u00f3nico que haya se\u00f1alado en t\u00e9rminos del inciso g), numeral 1, de la BASE S\u00c9PTIMA, de la presente Convocatoria, para que,<\/p>\n\n\n\n<p><strong>*<\/strong>Puede verificar su militancia en la siguiente liga: <a href=\"https:\/\/deppp-partidos.ine.mx\/afiliadosPartidos\/app\/publico\/consultaAfiliados\/nacionales?execution=e1s1\">Sistema de Verificaci\u00f3n INE<\/a>.<\/p>\n\n\n\n<p>en el plazo correspondiente, env\u00ede el o los documentos respectivos al correo electr\u00f3nico: &nbsp;<a href=\"mailto:omisiondocumental2023@morena.si\">omisiondocumental2023@morena.si<\/a>, apercibido de que, en caso de no cumplir o solventar la omisi\u00f3n, se le tendr\u00e1 como no presentada la solicitud.<\/p>\n\n\n\n<p>Es fundamental se\u00f1alar que los datos y la documentaci\u00f3n solicitados en las BASES S\u00c9PTIMA y OCTAVA de esta convocatoria, son los m\u00ednimos requeridos para iniciar con el an\u00e1lisis del perfil. Por lo tanto, su entrega o env\u00edo de manera correcta permitir\u00e1 a la Comisi\u00f3n Nacional de Elecciones proceder a la valoraci\u00f3n de la misma. No obstante, ello no significa la procedencia del registro, ni tampoco acredita el car\u00e1cter de precandidatura ni el otorgamiento de candidatura alguna, simplemente la posibilidad del partido de iniciar con la valoraci\u00f3n del perfil. Por ello, el env\u00edo de la solicitud no genera la expectativa de derecho alguno, salvo el respectivo derecho de informaci\u00f3n.<\/p>\n\n\n\n<p>La Comisi\u00f3n Nacional de Elecciones previa valoraci\u00f3n y calificaci\u00f3n de perfiles, aprobar\u00e1 el registro con base en sus atribuciones; dicha calificaci\u00f3n obedecer\u00e1 a una valoraci\u00f3n pol\u00edtica del perfil de la persona aspirante con base en las ideolog\u00edas y &nbsp;principios &nbsp;del &nbsp;movimiento, &nbsp;a &nbsp;fin &nbsp;de &nbsp;seleccionar la &nbsp;candidatura &nbsp;id\u00f3nea&nbsp; para fortalecer la estrategia pol\u00edtico-electoral de Morena en la elecci\u00f3n correspondiente. Asimismo, verificar\u00e1 el cumplimiento de requisitos legales y estatutarios, y valorar\u00e1 en su conjunto la documentaci\u00f3n entregada. Asimismo, verificar\u00e1 lo correspondiente al inciso n. del art\u00edculo 46\u00b0 del Estatuto.<\/p>\n\n\n\n<p><strong>NOVENA. DE LA DEFINICI\u00d3N DE CANDIDATURAS<\/strong><\/p>\n\n\n\n<p><strong>A) MAYOR\u00cdA RELATIVA Y ELECCI\u00d3N POPULAR DIRECTA.<\/strong><\/p>\n\n\n\n<p>Las candidaturas de los cargos a elegirse por el principio de mayor\u00eda relativa y elecci\u00f3n popular directa se definir\u00e1n en los t\u00e9rminos siguientes:<\/p>\n\n\n\n<p>De conformidad con el art\u00edculo 44\u00b0 del Estatuto de MORENA, que establece que el procedimiento para la selecci\u00f3n de candidaturas a cargos de representaci\u00f3n popular tanto en el \u00e1mbito federal y local se determina en la convocatoria correspondiente, misma que considerar\u00e1 las bases y principios de \u00e9se art\u00edculo; este \u00f3rgano partidista determina que, considerando la estrategia pol\u00edtico electoral de MORENA, la inminencia de los plazos establecidos por las autoridades electorales para el desahogo de las etapas del proceso electoral y la magnitud del n\u00famero de cargos en disputan en los proceso electorales federal y concurrentes 2023-2024, que deriva en la participaci\u00f3n masiva en nuestros procesos al ser convocados a militantes2 y simpatizantes de manera abierta. Con el objetivo de garantizar una participaci\u00f3n ordenada y efectiva de la militancia y la ciudadan\u00eda que aspira a una candidatura al tiempo de asegurar el derecho del partido a postular candidaturas con el desahogo de los procesos internos en tiempo y forma, lo procedente es que la Comisi\u00f3n Nacional de Elecciones en el ejercicio de las facultades que le otorga el apartado p., del numeral 5, del art\u00edculo 44\u00b0, as\u00ed como el art\u00edculo 46\u00b0 en sus apartados b., c., y d. del Estatuto de MORENA proceda a la valoraci\u00f3n y calificaci\u00f3n de los perfiles de las personas que solicitaron su inscripci\u00f3n para ser registrados al proceso de selecci\u00f3n.<\/p>\n\n\n\n<p>Por tanto, la Comisi\u00f3n Nacional de Elecciones aprobar\u00e1, en su caso, hasta un m\u00e1ximo de 4 registros por candidatura que participar\u00e1n en las siguientes etapas del<\/p>\n\n\n\n<p><img loading=\"lazy\" decoding=\"async\" width=\"194\" height=\"2\" src=\"\">proceso, pudiendo ejercer la atribuci\u00f3n a que se refiere el inciso h. del art\u00edculo 46\u00b0<\/p>\n\n\n\n<p>2 Morena cuenta con un padr\u00f3n de militantes de 2.3 millones de personas.<\/p>\n\n\n\n<p>del Estatuto, en su caso, tambi\u00e9n podr\u00e1 convocar previamente a una encuesta de reconocimiento. En caso de que se apruebe un solo registro para la candidatura respectiva, se considerar\u00e1 como \u00fanico y definitivo en t\u00e9rminos del inciso t. del art\u00edculo 44\u00ba del Estatuto de MORENA, siempre que se ratifique en t\u00e9rminos de lo dispuesto en la BASE D\u00c9CIMA de esta Convocatoria.<\/p>\n\n\n\n<p>En caso de aprobarse m\u00e1s de un registro y hasta 4 por parte de la Comisi\u00f3n Nacional de Elecciones, en t\u00e9rminos del p\u00e1rrafo anterior, las personas aspirantes se someter\u00e1n a una encuesta y\/o estudio de opini\u00f3n realizado por la Comisi\u00f3n de Encuestas, que podr\u00e1 contar con dos encuestas espejo realizadas por empresas de reconocido prestigio, para determinar la persona id\u00f3nea y mejor posicionada para representar a MORENA en la candidatura correspondiente; el resultado de dicho estudio de opini\u00f3n tendr\u00e1 un car\u00e1cter inapelable en t\u00e9rminos de lo dispuesto por el art\u00edculo 44, letra s, del Estatuto de MORENA.<\/p>\n\n\n\n<p>La Comisi\u00f3n Nacional de Elecciones, en todo momento, podr\u00e1 determinar la inclusi\u00f3n de aspirantes en la encuesta en t\u00e9rminos del inciso h. del art\u00edculo 46\u00ba del Estatuto.<\/p>\n\n\n\n<p>En su caso, la metodolog\u00eda y los resultados de la encuesta se har\u00e1 del conocimiento de los registros aprobados, misma que ser\u00e1 reservada en t\u00e9rminos del art\u00edculo 31, numeral 1, de la Ley General de Partidos Pol\u00edticos; sin menoscabo de contar con una versi\u00f3n p\u00fablica para los efectos conducentes.<\/p>\n\n\n\n<p><strong>B) REPRESENTACI\u00d3N PROPORCIONAL.<\/strong><\/p>\n\n\n\n<p>Las listas de candidaturas plurinominales se definir\u00e1n en los siguientes t\u00e9rminos:<\/p>\n\n\n\n<p>a) &nbsp;Las candidaturas de MORENA correspondientes a las personas militantes se seleccionar\u00e1n de acuerdo con el m\u00e9todo de insaculaci\u00f3n. Para tal efecto, se &nbsp;abrir\u00e1 &nbsp;el &nbsp;registro a &nbsp;toda&nbsp; la&nbsp; militancia&nbsp; del &nbsp;\u00e1mbito &nbsp;territorial &nbsp;electoral correspondiente.<\/p>\n\n\n\n<p>Podr\u00e1n solicitar su registro las personas que cumplan con los requisitos de elegibilidad de la presente Convocatoria.<\/p>\n\n\n\n<p>b)&nbsp; Las listas de candidaturas por el principio de representaci\u00f3n proporcional incluir\u00e1n un 33% de externos que ocupar\u00e1n la tercera f\u00f3rmula de cada tres lugares.<\/p>\n\n\n\n<p>c) &nbsp;La Comisi\u00f3n Nacional de Elecciones previa valoraci\u00f3n y calificaci\u00f3n de los perfiles, aprobar\u00e1 el registro de las personas aspirantes con base en sus atribuciones; dicha calificaci\u00f3n obedecer\u00e1 a una evaluaci\u00f3n pol\u00edtica del perfil de la persona aspirante, a fin de seleccionar el perfil id\u00f3neo para fortalecer la estrategia pol\u00edtico-electoral de MORENA en la elecci\u00f3n correspondiente. Asimismo, verificar\u00e1 el cumplimiento de los requisitos legales y estatutarios y valorar\u00e1 la documentaci\u00f3n entregada. Una vez realizado lo anterior, dar\u00e1 a conocer la lista de personas que participar\u00e1n en la insaculaci\u00f3n, en t\u00e9rminos del Estatuto.<\/p>\n\n\n\n<p>d) &nbsp;La Comisi\u00f3n Nacional de Elecciones, realizar\u00e1 el proceso de insaculaci\u00f3n.<\/p>\n\n\n\n<p>e) El proceso de insaculaci\u00f3n se llevar\u00e1 a cabo para integrar la lista plurinominal. Cada persona que resulte insaculada se ubicar\u00e1 secuencialmente en orden de prelaci\u00f3n de la lista correspondiente. La primera persona que salga insaculada ocupar\u00e1 el primer lugar disponible y as\u00ed sucesivamente hasta completarla.<\/p>\n\n\n\n<p>f)&nbsp;&nbsp; Para efectos del presente, se entiende por insaculaci\u00f3n la acci\u00f3n de extraer de una bolsa, una esfera o una urna nombres o n\u00fameros al azar para realizar un sorteo.<\/p>\n\n\n\n<p>g)&nbsp; Para garantizar los derechos y la representaci\u00f3n de los grupos prioritarios por acci\u00f3n afirmativa conforme se\u00f1ale la Ley y las disposiciones aplicables, as\u00ed como por estrategia pol\u00edtica, en su caso, para las candidaturas, se har\u00e1n los ajustes correspondientes y la reserva de los espacios por parte de la Comisi\u00f3n Nacional de Elecciones.<\/p>\n\n\n\n<p>La Comisi\u00f3n Nacional de Elecciones con base en sus atribuciones estatutarias, en todo caso, tomar\u00e1 las medidas necesarias para garantizar el derecho a que se refiere el inciso e), numeral 1, del art\u00edculo 23 de la Ley General de Partidos Pol\u00edticos.<\/p>\n\n\n\n<p><strong>D\u00c9CIMA. DE LA DECLARACI\u00d3N O RATIFICACI\u00d3N DE CANDIDATURAS<\/strong><\/p>\n\n\n\n<p>La Comisi\u00f3n Nacional de Elecciones, con base en sus atribuciones, ejercer\u00e1 la facultad a que se refiere el apartado f. del art\u00edculo 46 del Estatuto de MORENA y declarar\u00e1, o en su caso ratificar\u00e1 las candidaturas con relaci\u00f3n a los procesos internos respectivos, a m\u00e1s tardar en las fechas insertas en el Cuadro 3, respetando<\/p>\n\n\n\n<p>las etapas y calendarios del proceso electoral local conforme a la normatividad aplicable.<\/p>\n\n\n\n<p><strong>Cuadro 3<\/strong><\/p>\n\n\n\n<figure class=\"wp-block-table\"><table><tbody><tr><td><strong>&nbsp;<\/strong><strong>E<\/strong><strong>ntidad federativa &nbsp;&nbsp;&nbsp;&nbsp;&nbsp;&nbsp;&nbsp;&nbsp;&nbsp;&nbsp;&nbsp;&nbsp;&nbsp;&nbsp;&nbsp;&nbsp;<\/strong><\/td><td><strong>Cargo <\/strong><strong>&nbsp;&nbsp;&nbsp;&nbsp;&nbsp;&nbsp;&nbsp;&nbsp;&nbsp;&nbsp;&nbsp;&nbsp;&nbsp;&nbsp;&nbsp;&nbsp;&nbsp;&nbsp;&nbsp;&nbsp;&nbsp;&nbsp;&nbsp;&nbsp;&nbsp;&nbsp;&nbsp;&nbsp;&nbsp;&nbsp;&nbsp;&nbsp;&nbsp;&nbsp;&nbsp;&nbsp;&nbsp;&nbsp;&nbsp;&nbsp;&nbsp;&nbsp;&nbsp;&nbsp;&nbsp;&nbsp;&nbsp;&nbsp;&nbsp;&nbsp;&nbsp;&nbsp;&nbsp;&nbsp;&nbsp;&nbsp;&nbsp;&nbsp;&nbsp;&nbsp;&nbsp;&nbsp;&nbsp;&nbsp;&nbsp;<\/strong><\/td><td><strong>F<\/strong><strong>echa* <\/strong><strong>&nbsp;&nbsp;&nbsp;&nbsp;&nbsp;&nbsp;&nbsp;&nbsp;&nbsp;&nbsp;&nbsp;&nbsp;&nbsp;&nbsp;&nbsp;&nbsp;&nbsp;&nbsp;<\/strong><\/td><\/tr><tr><td rowspan=\"2\">&nbsp; Ciudad de M\u00e9xico<\/td><td>DIPUTACIONES LOCALES<\/td><td>15 de febrero.<\/td><\/tr><tr><td>ALCALD\u00cdAS<\/td><td>15 de febrero.<\/td><\/tr><tr><td rowspan=\"2\">&nbsp; Jalisco<\/td><td>DIPUTACIONES LOCALES<\/td><td>25 de febrero.<\/td><\/tr><tr><td>AYUNTAMIENTOS<\/td><td>3 de marzo.<\/td><\/tr><tr><td rowspan=\"2\">&nbsp; Tabasco<\/td><td>DIPUTACIONES LOCALES<\/td><td>12 de marzo.<\/td><\/tr><tr><td>AYUNTAMIENTOS<\/td><td>12 de marzo.<\/td><\/tr><tr><td rowspan=\"2\">&nbsp; Yucat\u00e1n<\/td><td>DIPUTACIONES LOCALES<\/td><td>8 de febrero.<\/td><\/tr><tr><td>AYUNTAMIENTOS<\/td><td>8 de febrero.<\/td><\/tr><tr><td rowspan=\"2\">&nbsp; Morelos<\/td><td>DIPUTACIONES LOCALES<\/td><td>15 de marzo.<\/td><\/tr><tr><td>AYUNTAMIENTOS<\/td><td>15 de marzo.<\/td><\/tr><tr><td rowspan=\"2\">&nbsp; Puebla<\/td><td>DIPUTACIONES LOCALES<\/td><td>10 de marzo.<\/td><\/tr><tr><td>AYUNTAMIENTOS<\/td><td>10 de marzo.<\/td><\/tr><tr><td rowspan=\"3\">&nbsp; &nbsp; Guanajuato<\/td><td>DIPUTACIONES LOCALES MR<\/td><td>5 de abril.<\/td><\/tr><tr><td>DIPUTACIONES LOCALES RP<\/td><td>17 de abril.<\/td><\/tr><tr><td>AYUNTAMIENTOS<\/td><td>21 de marzo.<\/td><\/tr><tr><td>Durango<\/td><td>DIPUTACIONES LOCALES<\/td><td>29 de marzo.<\/td><\/tr><tr><td rowspan=\"2\">&nbsp; Aguascalientes<\/td><td>DIPUTACIONES LOCALES<\/td><td>20 de marzo.<\/td><\/tr><tr><td>AYUNTAMIENTOS<\/td><td>20 de marzo.<\/td><\/tr><tr><td rowspan=\"2\">&nbsp; Chihuahua<\/td><td>DIPUTACIONES LOCALES<\/td><td>12 de marzo.<\/td><\/tr><tr><td>AYUNTAMIENTOS<\/td><td>12 de marzo.<\/td><\/tr><tr><td rowspan=\"2\">&nbsp; Colima<\/td><td>DIPUTACIONES LOCALES<\/td><td>4 de abril.<\/td><\/tr><tr><td>AYUNTAMIENTOS<\/td><td>4 de abril.<\/td><\/tr><tr><td rowspan=\"2\">&nbsp; Nuevo Le\u00f3n<\/td><td>DIPUTACIONES LOCALES<\/td><td>20 de marzo.<\/td><\/tr><tr><td>AYUNTAMIENTOS<\/td><td>20 de marzo.<\/td><\/tr><\/tbody><\/table><\/figure>\n\n\n\n<p>23<\/p>\n\n\n\n<figure class=\"wp-block-table\"><table><tbody><tr><td><strong>&nbsp;<\/strong><strong>E<\/strong><strong>ntidad federativa &nbsp;&nbsp;&nbsp;&nbsp;&nbsp;&nbsp;&nbsp;&nbsp;&nbsp;&nbsp;&nbsp;&nbsp;&nbsp;&nbsp;&nbsp;&nbsp;<\/strong><\/td><td><strong>Cargo <\/strong><strong>&nbsp;&nbsp;&nbsp;&nbsp;&nbsp;&nbsp;&nbsp;&nbsp;&nbsp;&nbsp;&nbsp;&nbsp;&nbsp;&nbsp;&nbsp;&nbsp;&nbsp;&nbsp;&nbsp;&nbsp;&nbsp;&nbsp;&nbsp;&nbsp;&nbsp;&nbsp;&nbsp;&nbsp;&nbsp;&nbsp;&nbsp;&nbsp;&nbsp;&nbsp;&nbsp;&nbsp;&nbsp;&nbsp;&nbsp;&nbsp;&nbsp;&nbsp;&nbsp;&nbsp;&nbsp;&nbsp;&nbsp;&nbsp;&nbsp;&nbsp;&nbsp;&nbsp;&nbsp;&nbsp;&nbsp;&nbsp;&nbsp;&nbsp;&nbsp;&nbsp;&nbsp;&nbsp;&nbsp;&nbsp;&nbsp;<\/strong><\/td><td><strong>F<\/strong><strong>echa* <\/strong><strong>&nbsp;&nbsp;&nbsp;&nbsp;&nbsp;&nbsp;&nbsp;&nbsp;&nbsp;&nbsp;&nbsp;&nbsp;&nbsp;&nbsp;&nbsp;&nbsp;&nbsp;&nbsp;<\/strong><\/td><\/tr><tr><td rowspan=\"2\">&nbsp; Tamaulipas<\/td><td>DIPUTACIONES LOCALES<\/td><td>20 de marzo.<\/td><\/tr><tr><td>AYUNTAMIENTOS<\/td><td>20 de marzo.<\/td><\/tr><tr><td rowspan=\"2\">&nbsp; Baja California<\/td><td>DIPUTACIONES LOCALES<\/td><td>11 de abril.<\/td><\/tr><tr><td>AYUNTAMIENTOS<\/td><td>11 de abril.<\/td><\/tr><tr><td rowspan=\"3\">&nbsp; &nbsp; Tlaxcala<\/td><td>DIPUTACIONES LOCALES<\/td><td>25 de marzo.<\/td><\/tr><tr><td>AYUNTAMIENTOS<\/td><td>21 de abril.<\/td><\/tr><tr><td>PRESIDENCIAS DE COMUNIDAD<\/td><td>21 de abril.<\/td><\/tr><tr><td rowspan=\"2\">&nbsp; Zacatecas<\/td><td>DIPUTACIONES LOCALES<\/td><td>11 de marzo.<\/td><\/tr><tr><td>AYUNTAMIENTOS<\/td><td>11 de marzo.<\/td><\/tr><tr><td rowspan=\"2\">&nbsp; Guerrero<\/td><td>DIPUTACIONES LOCALES<\/td><td>14 de marzo.<\/td><\/tr><tr><td>AYUNTAMIENTOS<\/td><td>3 de abril.<\/td><\/tr><tr><td rowspan=\"2\">&nbsp; Baja California Sur<\/td><td>DIPUTACIONES LOCALES<\/td><td>27 de marzo.<\/td><\/tr><tr><td>AYUNTAMIENTOS<\/td><td>27 de marzo.<\/td><\/tr><tr><td rowspan=\"2\">&nbsp; HIDALGO<\/td><td>DIPUTACIONES LOCALES<\/td><td>20 de marzo.<\/td><\/tr><tr><td>AYUNTAMIENTOS<\/td><td>4 de abril.<\/td><\/tr><tr><td>Coahuila<\/td><td>AYUNTAMIENTOS<\/td><td>25 de marzo.<\/td><\/tr><tr><td>Veracruz<\/td><td>DIPUTACIONES LOCALES<\/td><td>9 de abril.<\/td><\/tr><tr><td rowspan=\"2\">&nbsp; Chiapas<\/td><td>DIPUTACIONES LOCALES<\/td><td>26 de marzo.<\/td><\/tr><tr><td>AYUNTAMIENTOS<\/td><td>26 de marzo.<\/td><\/tr><tr><td rowspan=\"3\">&nbsp; &nbsp; Michoac\u00e1n<\/td><td>DIPUTACIONES LOCALES MR<\/td><td>4 de abril.<\/td><\/tr><tr><td>DIPUTACIONES LOCALES RP<\/td><td>18 de abril.<\/td><\/tr><tr><td>AYUNTAMIENTOS<\/td><td>4 de abril.<\/td><\/tr><tr><td rowspan=\"2\">&nbsp; Oaxaca<\/td><td>DIPUTACIONES LOCALES<\/td><td>15 de marzo.<\/td><\/tr><tr><td>AYUNTAMIENTOS<\/td><td>15 de marzo.<\/td><\/tr><tr><td rowspan=\"3\">&nbsp; &nbsp; San Luis Potos\u00ed<\/td><td>DIPUTACIONES LOCALES MR<\/td><td>7 de marzo.<\/td><\/tr><tr><td>DIPUTACIONES LOCALES RP<\/td><td>15 de marzo.<\/td><\/tr><tr><td>AYUNTAMIENTOS<\/td><td>15 de marzo.<\/td><\/tr><tr><td rowspan=\"2\">&nbsp; Estado de M\u00e9xico<\/td><td>DIPUTACIONES LOCALES<\/td><td>19 de abril.<\/td><\/tr><tr><td>AYUNTAMIENTOS<\/td><td>19 de abril.<\/td><\/tr><\/tbody><\/table><\/figure>\n\n\n\n<p>24<\/p>\n\n\n\n<figure class=\"wp-block-table\"><table><tbody><tr><td><strong>&nbsp;<\/strong><strong>E<\/strong><strong>ntidad federativa &nbsp;&nbsp;&nbsp;&nbsp;&nbsp;&nbsp;&nbsp;&nbsp;&nbsp;&nbsp;&nbsp;&nbsp;&nbsp;&nbsp;&nbsp;&nbsp;<\/strong><\/td><td colspan=\"2\"><strong>Cargo <\/strong><strong>&nbsp;&nbsp;&nbsp;&nbsp;&nbsp;&nbsp;&nbsp;&nbsp;&nbsp;&nbsp;&nbsp;&nbsp;&nbsp;&nbsp;&nbsp;&nbsp;&nbsp;&nbsp;&nbsp;&nbsp;&nbsp;&nbsp;&nbsp;&nbsp;&nbsp;&nbsp;&nbsp;&nbsp;&nbsp;&nbsp;&nbsp;&nbsp;&nbsp;&nbsp;&nbsp;&nbsp;&nbsp;&nbsp;&nbsp;&nbsp;&nbsp;&nbsp;&nbsp;&nbsp;&nbsp;&nbsp;&nbsp;&nbsp;&nbsp;&nbsp;&nbsp;&nbsp;&nbsp;&nbsp;&nbsp;&nbsp;&nbsp;&nbsp;&nbsp;&nbsp;&nbsp;&nbsp;&nbsp;&nbsp;&nbsp;<\/strong><\/td><td><strong>F<\/strong><strong>echa* <\/strong><strong>&nbsp;&nbsp;&nbsp;&nbsp;&nbsp;&nbsp;&nbsp;&nbsp;&nbsp;&nbsp;&nbsp;&nbsp;&nbsp;&nbsp;&nbsp;&nbsp;&nbsp;&nbsp;<\/strong><\/td><\/tr><tr><td rowspan=\"3\">&nbsp; &nbsp; Nayarit<\/td><td colspan=\"2\">DIPUTACIONES LOCALES<\/td><td>23 de abril.<\/td><\/tr><tr><td colspan=\"2\">AYUNTAMIENTOS (Presidencias municipales y sindicaturas)<\/td><td>&nbsp; 20 de abril.<\/td><\/tr><tr><td colspan=\"2\">AYUNTAMIENTOS (Regidur\u00edas)<\/td><td>23 de abril.<\/td><\/tr><tr><td rowspan=\"2\">&nbsp; Sonora<\/td><td colspan=\"2\">DIPUTACIONES LOCALES<\/td><td>4 de abril.<\/td><\/tr><tr><td colspan=\"2\">AYUNTAMIENTOS<\/td><td>4 de abril.<\/td><\/tr><tr><td rowspan=\"3\">&nbsp; &nbsp; Campeche<\/td><td colspan=\"2\">DIPUTACIONES LOCALES MR<\/td><td>1 de abril.<\/td><\/tr><tr><td colspan=\"2\">DIPUTACIONES LOCALES RP<\/td><td>15 de abril.<\/td><\/tr><tr><td colspan=\"2\">AYUNTAMIENTOS<\/td><td>1 de abril.<\/td><\/tr><tr><td rowspan=\"2\">&nbsp; Quer\u00e9taro<\/td><td colspan=\"2\">DIPUTACIONES LOCALES<\/td><td>7 de abril.<\/td><\/tr><tr><td colspan=\"2\">AYUNTAMIENTOS<\/td><td>7 de abril.<\/td><\/tr><tr><td rowspan=\"3\">&nbsp; &nbsp; Quintana Roo<\/td><td colspan=\"2\">DIPUTACIONES LOCALES MR<\/td><td>13 de marzo.<\/td><\/tr><tr><td colspan=\"2\">DIPUTACIONES LOCALES RP<\/td><td>20 de marzo.<\/td><\/tr><tr><td colspan=\"2\">AYUNTAMIENTOS<\/td><td>7 de marzo.<\/td><\/tr><tr><td rowspan=\"2\">&nbsp; Sinaloa<\/td><td colspan=\"2\">DIPUTACIONES LOCALES<\/td><td>5 de abril.<\/td><\/tr><tr><td colspan=\"2\">AYUNTAMIENTOS<\/td><td>5 de abril.<\/td><\/tr><tr><td colspan=\"2\"><em>*Todas las fechas son del a\u00f1o 2024.<\/em><\/td><td colspan=\"2\">&nbsp;<\/td><\/tr><tr><td><\/td><td><\/td><td><\/td><td><\/td><\/tr><\/tbody><\/table><\/figure>\n\n\n\n<p><strong>D\u00c9CIMA PRIMERA. DE LAS ACCIONES AFIRMATIVAS<\/strong><\/p>\n\n\n\n<p>Para dar cumplimiento a las disposiciones aplicables en materia de acciones afirmativas conforme a la respectiva normatividad local, se obedecer\u00e1n las reglas de asignaciones de los espacios uninominales correspondientes a dichas acciones afirmativas, as\u00ed como los espacios en las listas plurinominales respectivas. Para el efectivo cumplimiento de la presente BASE, en el registro de las personas aspirantes se solicitar\u00e1 que manifiesten su autoadscripci\u00f3n a alguno de los grupos de atenci\u00f3n prioritaria y preferente, lo cual se acreditar\u00e1 en los t\u00e9rminos correspondientes. De esta forma, las instancias partidistas podr\u00e1n identificar y darle el tratamiento correspondiente para el cumplimiento de las acciones afirmativas.<\/p>\n\n\n\n<p>En todo caso, la Comisi\u00f3n Nacional de Elecciones podr\u00e1 hacer los ajustes conducentes a fin de hacer efectivas las acciones afirmativas.<\/p>\n\n\n\n<p><strong>D\u00c9CIMA SEGUNDA. DE LAS PRECAMPA\u00d1AS<\/strong><\/p>\n\n\n\n<p>La precampa\u00f1a se llevar\u00e1 a cabo conforme a los lineamientos que emita la Comisi\u00f3n<\/p>\n\n\n\n<p>Nacional de Elecciones.<\/p>\n\n\n\n<p><strong>D\u00c9CIMA TERCERA. DE LAS SUPLENCIAS<\/strong><\/p>\n\n\n\n<p>Las personas que ocupar\u00e1n las suplencias en las candidaturas respectivas, en todo caso, ser\u00e1n aprobadas y designadas por la Comisi\u00f3n Nacional de Elecciones. En el caso de que la persona propietaria sea del g\u00e9nero masculino, la suplencia podr\u00e1 ser ocupada por cualquier g\u00e9nero; en el caso de que la persona propietaria sea del g\u00e9nero femenino, la suplencia ser\u00e1 invariablemente del mismo g\u00e9nero. Asimismo, las suplencias respetar\u00e1n las disposiciones respectivas de las acciones afirmativas.<\/p>\n\n\n\n<p><strong>D\u00c9CIMA CUARTA. DE LA POSTULACI\u00d3N EFECTIVA DE LAS CANDIDATURAS <\/strong>La Comisi\u00f3n Nacional de Elecciones realizar\u00e1 las aclaraciones, los ajustes, modificaciones y precisiones&nbsp; que&nbsp; considere pertinentes para&nbsp; la selecci\u00f3n &nbsp;y la postulaci\u00f3n efectiva de las candidaturas.<\/p>\n\n\n\n<p><strong>D\u00c9CIMA QUINTA. DEL REGISTRO DE LAS CANDIDATURAS<\/strong><\/p>\n\n\n\n<p>La definici\u00f3n final de la candidatura de MORENA y en consecuencia el registro ante la autoridad electoral respectiva estar\u00e1 sujeto a lo establecido en el convenio de coalici\u00f3n, alianza partidaria o candidatura com\u00fan con otros partidos pol\u00edticos con<\/p>\n\n\n\n<p>registro, cumpliendo con la paridad de g\u00e9nero y las disposiciones legales conducentes.<\/p>\n\n\n\n<p><strong>D\u00c9CIMA SEXTA. DE LAS CONTROVERSIAS<\/strong><\/p>\n\n\n\n<p>La Comisi\u00f3n Nacional de Honestidad y Justicia, ser\u00e1 el \u00f3rgano encargado de resolver las controversias, ello de conformidad con lo dispuesto en los art\u00edculos 49\u00ba y 49\u00ba bis, del Estatuto de Morena. Respetando en todo momento los plazos establecidos por la autoridad electoral para la resoluci\u00f3n de controversias intrapartidistas.<\/p>\n\n\n\n<p><strong>D\u00c9CIMA S\u00c9PTIMA. DE LAS CUESTIONES NO PREVISTAS<\/strong><\/p>\n\n\n\n<p>Las cuestiones no previstas e interpretaciones correspondientes de la presente Convocatoria ser\u00e1n resueltas por la Comisi\u00f3n Nacional de Elecciones. Este \u00f3rgano tiene la facultad de adoptar las medidas necesarias para el correcto desarrollo del proceso.<\/p>\n\n\n\n<p><strong>D\u00c9CIMA OCTAVA. DEL MEDIO DE IMPUGNACI\u00d3N<\/strong><\/p>\n\n\n\n<p>La presente convocatoria puede ser impugnada a trav\u00e9s del Procedimiento Sancionador Electoral. Dicho procedimiento se debe promover dentro del t\u00e9rmino de 4 d\u00edas naturales a partir de que surta efectos por su publicaci\u00f3n en la p\u00e1gina de internet de morena.<\/p>\n\n\n\n<p><strong>T<\/strong><strong>RANSITORIOS<\/strong><\/p>\n\n\n\n<p><strong>PRIMERO. \u2013 <\/strong>Publ\u00edquese en la p\u00e1gina <a href=\"http:\/\/www.morena.org\/\">http:\/\/www.morena.or<\/a>g<\/p>\n\n\n\n<p><strong>SEGUNDO. \u2013 <\/strong>La presente Convocatoria comenzar\u00e1 a surtir sus efectos el d\u00eda de su publicaci\u00f3n en relaci\u00f3n con las siguientes entidades: Aguascalientes, Ciudad de M\u00e9xico, Colima, Chihuahua, Durango, Guerrero, Jalisco, Michoac\u00e1n, Morelos, Nuevo Le\u00f3n, Oaxaca, Puebla, Quer\u00e9taro, Sonora, Tabasco, Tamaulipas y Yucat\u00e1n.<\/p>\n\n\n\n<p>Para las siguientes entidades: Baja California, Baja California Sur, Campeche, Coahuila, Chiapas, Guanajuato, Hidalgo, Estado de M\u00e9xico, Nayarit, Quintana Roo, San Luis Potos\u00ed, Sinaloa, Tlaxcala, Veracruz y Zacatecas, esta convocatoria comenzar\u00e1 a surtir sus efectos en la fecha de inicio del Proceso Electoral Local<\/p>\n\n\n\n<p>2023-2024 correspondiente.<\/p>\n\n\n\n<p><strong>TERCERO. \u2013 <\/strong>En caso de ajustes, modificaci\u00f3n, adenda o fe de erratas para su correcta instrumentaci\u00f3n o las derivadas de acuerdos, resoluciones o requerimientos de las autoridades electorales, se faculta a la presidencia y\/o secretar\u00eda general del Comit\u00e9 Ejecutivo Nacional o a la Comisi\u00f3n Nacional de Elecciones para el desahogo de dichas prevenciones.<\/p>\n\n\n\n<figure class=\"wp-block-image size-large\"><img loading=\"lazy\" decoding=\"async\" width=\"1024\" height=\"768\" src=\"https:\/\/periodiconuevomilenio.com\/wp-content\/uploads\/2023\/12\/8fdae156-3fa1-4382-ba8d-4348a475d76b-1024x768.jpg\" alt=\"\" class=\"wp-image-10393\" srcset=\"https:\/\/periodiconuevomilenio.com\/wp-content\/uploads\/2023\/12\/8fdae156-3fa1-4382-ba8d-4348a475d76b-1024x768.jpg 1024w, https:\/\/periodiconuevomilenio.com\/wp-content\/uploads\/2023\/12\/8fdae156-3fa1-4382-ba8d-4348a475d76b-300x225.jpg 300w, https:\/\/periodiconuevomilenio.com\/wp-content\/uploads\/2023\/12\/8fdae156-3fa1-4382-ba8d-4348a475d76b-768x576.jpg 768w, https:\/\/periodiconuevomilenio.com\/wp-content\/uploads\/2023\/12\/8fdae156-3fa1-4382-ba8d-4348a475d76b-1536x1152.jpg 1536w, https:\/\/periodiconuevomilenio.com\/wp-content\/uploads\/2023\/12\/8fdae156-3fa1-4382-ba8d-4348a475d76b.jpg 1600w\" sizes=\"auto, (max-width: 1024px) 100vw, 1024px\" \/><\/figure>\n\n\n\n<figure class=\"wp-block-gallery has-nested-images columns-default is-cropped wp-block-gallery-1 is-layout-flex wp-block-gallery-is-layout-flex\"><\/figure>\n","protected":false},"excerpt":{"rendered":"<p>Con fundamento en lo dispuesto por los art\u00edculos 35, 36, 39, 41, 115 y 116 de la Constituci\u00f3n<\/p>\n","protected":false},"author":1,"featured_media":10393,"comment_status":"open","ping_status":"open","sticky":false,"template":"","format":"standard","meta":{"jetpack_post_was_ever_published":false,"_jetpack_newsletter_access":"","_jetpack_dont_email_post_to_subs":false,"_jetpack_newsletter_tier_id":0,"_jetpack_memberships_contains_paywalled_content":false,"_jetpack_memberships_contains_paid_content":false,"footnotes":"","jetpack_publicize_message":"","jetpack_publicize_feature_enabled":true,"jetpack_social_post_already_shared":true,"jetpack_social_options":{"image_generator_settings":{"template":"highway","enabled":false},"version":2}},"categories":[31,47],"tags":[51,50],"class_list":["post-10392","post","type-post","status-publish","format-standard","has-post-thumbnail","hentry","category-estado","category-nacional","tag-estado","tag-nacional"],"jetpack_publicize_connections":[],"jetpack_sharing_enabled":true,"jetpack_featured_media_url":"https:\/\/periodiconuevomilenio.com\/wp-content\/uploads\/2023\/12\/8fdae156-3fa1-4382-ba8d-4348a475d76b.jpg","_links":{"self":[{"href":"https:\/\/periodiconuevomilenio.com\/index.php\/wp-json\/wp\/v2\/posts\/10392","targetHints":{"allow":["GET"]}}],"collection":[{"href":"https:\/\/periodiconuevomilenio.com\/index.php\/wp-json\/wp\/v2\/posts"}],"about":[{"href":"https:\/\/periodiconuevomilenio.com\/index.php\/wp-json\/wp\/v2\/types\/post"}],"author":[{"embeddable":true,"href":"https:\/\/periodiconuevomilenio.com\/index.php\/wp-json\/wp\/v2\/users\/1"}],"replies":[{"embeddable":true,"href":"https:\/\/periodiconuevomilenio.com\/index.php\/wp-json\/wp\/v2\/comments?post=10392"}],"version-history":[{"count":1,"href":"https:\/\/periodiconuevomilenio.com\/index.php\/wp-json\/wp\/v2\/posts\/10392\/revisions"}],"predecessor-version":[{"id":10394,"href":"https:\/\/periodiconuevomilenio.com\/index.php\/wp-json\/wp\/v2\/posts\/10392\/revisions\/10394"}],"wp:featuredmedia":[{"embeddable":true,"href":"https:\/\/periodiconuevomilenio.com\/index.php\/wp-json\/wp\/v2\/media\/10393"}],"wp:attachment":[{"href":"https:\/\/periodiconuevomilenio.com\/index.php\/wp-json\/wp\/v2\/media?parent=10392"}],"wp:term":[{"taxonomy":"category","embeddable":true,"href":"https:\/\/periodiconuevomilenio.com\/index.php\/wp-json\/wp\/v2\/categories?post=10392"},{"taxonomy":"post_tag","embeddable":true,"href":"https:\/\/periodiconuevomilenio.com\/index.php\/wp-json\/wp\/v2\/tags?post=10392"}],"curies":[{"name":"wp","href":"https:\/\/api.w.org\/{rel}","templated":true}]}}