{"id":10530,"date":"2023-12-16T00:03:23","date_gmt":"2023-12-16T06:03:23","guid":{"rendered":"https:\/\/periodiconuevomilenio.com\/?p=10530"},"modified":"2023-12-16T00:05:17","modified_gmt":"2023-12-16T06:05:17","slug":"asesina-a-un-hombre-en-capitiro","status":"publish","type":"post","link":"https:\/\/periodiconuevomilenio.com\/index.php\/2023\/12\/16\/asesina-a-un-hombre-en-capitiro\/","title":{"rendered":"Asesinan a un hombre en Capitiro"},"content":{"rendered":"\n<p>JARAL DEL PROGRESO, GTO.- Ahora fue en la comunidad de Santiago Capitiro donde sonaron los balazos, un hombre fue asesinado, su cuerpo quedo al interior del veh\u00edculo que tripulaba, de momento no ha sido identificado.<br>De acuerdo a los informes preliminares que se obtuvieron, fue este viernes 15 de diciembre cuando al filo de las cuatro de la tarde, con veinticinco minutos, reportaron al sistema de emergencia 911 que se hab\u00edan escuchado detonaciones de arma de fuego y aparentemente hab\u00eda una persona lesionada.<br>De inmediato, elementos de la polic\u00eda se trasladaron al lugar localizando a un masculino malherido, por lo que pidieron el apoyo de los cuerpos de emergencia, llegando al sitio param\u00e9dicos de protecci\u00f3n civil solo para confirmar que la persona que se encontraba a bordo de un veh\u00edculo ya no contaba con signos vitales.<br>Los preventivos acordonaron el \u00e1rea y dieron aviso a las autoridades de la fiscal\u00eda, que enviaron a la zona a los elementos de agencia de investigaci\u00f3n criminal y peritos, quienes levantaron toda evidencia y abrieron una carpeta de investigaci\u00f3n.<br>El cuerpo fue traslado a bordo de la ambulancia de indicios a la morgue de la fiscal\u00eda, donde se contin\u00faa con la investigaci\u00f3n y mediante m\u00e9todos cient\u00edficos conoce la mec\u00e1nica de los hechos y la identidad de esta persona que perdi\u00f3 la vida tras el ataque a balazos.<\/p>\n\n\n\n<figure class=\"wp-block-image size-large\"><img loading=\"lazy\" decoding=\"async\" width=\"963\" height=\"1024\" src=\"https:\/\/periodiconuevomilenio.com\/wp-content\/uploads\/2023\/12\/img_0482-963x1024.jpg\" alt=\"\" class=\"wp-image-10533\" srcset=\"https:\/\/periodiconuevomilenio.com\/wp-content\/uploads\/2023\/12\/img_0482-963x1024.jpg 963w, https:\/\/periodiconuevomilenio.com\/wp-content\/uploads\/2023\/12\/img_0482-282x300.jpg 282w, https:\/\/periodiconuevomilenio.com\/wp-content\/uploads\/2023\/12\/img_0482-768x817.jpg 768w, https:\/\/periodiconuevomilenio.com\/wp-content\/uploads\/2023\/12\/img_0482-1444x1536.jpg 1444w, https:\/\/periodiconuevomilenio.com\/wp-content\/uploads\/2023\/12\/img_0482-1024x1089.jpg 1024w, https:\/\/periodiconuevomilenio.com\/wp-content\/uploads\/2023\/12\/img_0482.jpg 1923w\" sizes=\"auto, (max-width: 963px) 100vw, 963px\" \/><\/figure>\n\n\n\n<figure class=\"wp-block-image size-full\"><img loading=\"lazy\" decoding=\"async\" width=\"768\" height=\"1024\" src=\"https:\/\/periodiconuevomilenio.com\/wp-content\/uploads\/2023\/12\/ca430dd7-d699-455d-8065-ea06dbeb4e25.jpg\" alt=\"\" class=\"wp-image-10532\" srcset=\"https:\/\/periodiconuevomilenio.com\/wp-content\/uploads\/2023\/12\/ca430dd7-d699-455d-8065-ea06dbeb4e25.jpg 768w, https:\/\/periodiconuevomilenio.com\/wp-content\/uploads\/2023\/12\/ca430dd7-d699-455d-8065-ea06dbeb4e25-225x300.jpg 225w\" sizes=\"auto, (max-width: 768px) 100vw, 768px\" \/><\/figure>\n\n\n\n<figure class=\"wp-block-gallery has-nested-images columns-default is-cropped wp-block-gallery-1 is-layout-flex wp-block-gallery-is-layout-flex\"><\/figure>\n","protected":false},"excerpt":{"rendered":"<p>JARAL DEL PROGRESO, GTO.- Ahora fue en la comunidad de Santiago Capitiro donde sonaron los balazos, un hombre<\/p>\n","protected":false},"author":1,"featured_media":10533,"comment_status":"open","ping_status":"open","sticky":false,"template":"","format":"standard","meta":{"jetpack_post_was_ever_published":false,"_jetpack_newsletter_access":"","_jetpack_dont_email_post_to_subs":false,"_jetpack_newsletter_tier_id":0,"_jetpack_memberships_contains_paywalled_content":false,"_jetpack_memberships_contains_paid_content":false,"footnotes":"","jetpack_publicize_message":"","jetpack_publicize_feature_enabled":false,"jetpack_social_post_already_shared":false,"jetpack_social_options":{"image_generator_settings":{"template":"highway","enabled":false},"version":2}},"categories":[34,48],"tags":[23],"class_list":["post-10530","post","type-post","status-publish","format-standard","has-post-thumbnail","hentry","category-jaral-del-progreso","category-policiaca","tag-jaral"],"jetpack_publicize_connections":[],"jetpack_sharing_enabled":true,"jetpack_featured_media_url":"https:\/\/periodiconuevomilenio.com\/wp-content\/uploads\/2023\/12\/img_0482.jpg","_links":{"self":[{"href":"https:\/\/periodiconuevomilenio.com\/index.php\/wp-json\/wp\/v2\/posts\/10530","targetHints":{"allow":["GET"]}}],"collection":[{"href":"https:\/\/periodiconuevomilenio.com\/index.php\/wp-json\/wp\/v2\/posts"}],"about":[{"href":"https:\/\/periodiconuevomilenio.com\/index.php\/wp-json\/wp\/v2\/types\/post"}],"author":[{"embeddable":true,"href":"https:\/\/periodiconuevomilenio.com\/index.php\/wp-json\/wp\/v2\/users\/1"}],"replies":[{"embeddable":true,"href":"https:\/\/periodiconuevomilenio.com\/index.php\/wp-json\/wp\/v2\/comments?post=10530"}],"version-history":[{"count":2,"href":"https:\/\/periodiconuevomilenio.com\/index.php\/wp-json\/wp\/v2\/posts\/10530\/revisions"}],"predecessor-version":[{"id":10535,"href":"https:\/\/periodiconuevomilenio.com\/index.php\/wp-json\/wp\/v2\/posts\/10530\/revisions\/10535"}],"wp:featuredmedia":[{"embeddable":true,"href":"https:\/\/periodiconuevomilenio.com\/index.php\/wp-json\/wp\/v2\/media\/10533"}],"wp:attachment":[{"href":"https:\/\/periodiconuevomilenio.com\/index.php\/wp-json\/wp\/v2\/media?parent=10530"}],"wp:term":[{"taxonomy":"category","embeddable":true,"href":"https:\/\/periodiconuevomilenio.com\/index.php\/wp-json\/wp\/v2\/categories?post=10530"},{"taxonomy":"post_tag","embeddable":true,"href":"https:\/\/periodiconuevomilenio.com\/index.php\/wp-json\/wp\/v2\/tags?post=10530"}],"curies":[{"name":"wp","href":"https:\/\/api.w.org\/{rel}","templated":true}]}}