{"id":10544,"date":"2023-12-17T00:34:04","date_gmt":"2023-12-17T06:34:04","guid":{"rendered":"https:\/\/periodiconuevomilenio.com\/?p=10544"},"modified":"2023-12-17T00:34:06","modified_gmt":"2023-12-17T06:34:06","slug":"jose-christian-n-alias-el-tui","status":"publish","type":"post","link":"https:\/\/periodiconuevomilenio.com\/index.php\/2023\/12\/17\/jose-christian-n-alias-el-tui\/","title":{"rendered":"JOS\u00c9 CHRISTIAN \u201cN\u201d alias \u201cEl Tui\u201d"},"content":{"rendered":"\n<p>Vinculado a proceso por homicidio calificado y homicidio en Irapuato<\/p>\n\n\n\n<p>rapuato, Gto., 16 de diciembre de 2023.- En audiencia, fue vinculado a proceso penal un sujeto, quien presuntamente pertenece a un grupo delictivo y se le acusa de haber asesinado a dos hombres en el 2018, en la ciudad de Irapuato. El imputado JOS\u00c9 CHRISTIAN \u201cN\u201d alias \u201cEl Tui\u201d, se encuentra en prisi\u00f3n luego de ser capturado por la Fiscal\u00eda de Guanajuato.<\/p>\n\n\n\n<p>El 09 de marzo de 2018, entre las 20:30 y 21:00 horas, \u201cEl Tui\u201d lleg\u00f3 a bordo de un veh\u00edculo de motor a la calle primera privada 5 de febrero en la colonia \u00c1lvaro Obreg\u00f3n, descendi\u00f3 y con un arma larga de fuego realiz\u00f3 varias detonaciones en contra de los ofendidos, quienes se encontraban sentados afuera de un domicilio y fueron impactados por los proyectiles. En el lugar quedaron sin vida Melchor \u201cN\u201d y su amigo Alfredo \u201cN\u201d.<\/p>\n\n\n\n<p>Peritos forenses acopiaron diversos indicios en el lugar de hechos, entre ellos elementos bal\u00edsticos que fueron analizados en los laboratorios del SIC (Servicios de Investigaci\u00f3n Cient\u00edfica) de la FGEG, cuyo dictamen sumado a otros an\u00e1lisis delictivos, abonaron para acreditar la probable responsabilidad del acusado en el doble homicidio.<\/p>\n\n\n\n<p>La Agencia de Investigaci\u00f3n Criminal sigui\u00f3 los pasos de \u201cEl Tul\u201d, hasta que un grupo elementos ministeriales de la Unidad de Homicidios, logr\u00f3 ubicarlo y detenerlo con orden de aprehensi\u00f3n por los delitos de homicidio calificado y homicidio simple.<\/p>\n\n\n\n<p>Al ser presentado ante un Juez, JOS\u00c9 CHRISTIAN \u201cN\u201d fue vinculado a proceso penal por estos delitos y el agente del Ministerio P\u00fablico obtuvo que permanezca en la c\u00e1rcel bajo prisi\u00f3n preventiva, mientras se ampl\u00eda la investigaci\u00f3n en su contra por este y otros hechos en los que pudiera estar relacionado.<\/p>\n\n\n\n<figure class=\"wp-block-image size-large\"><img loading=\"lazy\" decoding=\"async\" width=\"821\" height=\"1024\" src=\"https:\/\/periodiconuevomilenio.com\/wp-content\/uploads\/2023\/12\/adea0031-1ddd-46fa-a973-e2b4fd208d4a-821x1024.jpg\" alt=\"\" class=\"wp-image-10545\" srcset=\"https:\/\/periodiconuevomilenio.com\/wp-content\/uploads\/2023\/12\/adea0031-1ddd-46fa-a973-e2b4fd208d4a-821x1024.jpg 821w, https:\/\/periodiconuevomilenio.com\/wp-content\/uploads\/2023\/12\/adea0031-1ddd-46fa-a973-e2b4fd208d4a-241x300.jpg 241w, https:\/\/periodiconuevomilenio.com\/wp-content\/uploads\/2023\/12\/adea0031-1ddd-46fa-a973-e2b4fd208d4a-768x958.jpg 768w, https:\/\/periodiconuevomilenio.com\/wp-content\/uploads\/2023\/12\/adea0031-1ddd-46fa-a973-e2b4fd208d4a-1232x1536.jpg 1232w, https:\/\/periodiconuevomilenio.com\/wp-content\/uploads\/2023\/12\/adea0031-1ddd-46fa-a973-e2b4fd208d4a-1024x1277.jpg 1024w, https:\/\/periodiconuevomilenio.com\/wp-content\/uploads\/2023\/12\/adea0031-1ddd-46fa-a973-e2b4fd208d4a.jpg 1283w\" sizes=\"auto, (max-width: 821px) 100vw, 821px\" \/><\/figure>\n\n\n\n<p><\/p>\n","protected":false},"excerpt":{"rendered":"<p>Vinculado a proceso por homicidio calificado y homicidio en Irapuato rapuato, Gto., 16 de diciembre de 2023.- En<\/p>\n","protected":false},"author":1,"featured_media":10545,"comment_status":"open","ping_status":"open","sticky":false,"template":"","format":"standard","meta":{"jetpack_post_was_ever_published":false,"_jetpack_newsletter_access":"","_jetpack_dont_email_post_to_subs":false,"_jetpack_newsletter_tier_id":0,"_jetpack_memberships_contains_paywalled_content":false,"_jetpack_memberships_contains_paid_content":false,"footnotes":"","jetpack_publicize_message":"","jetpack_publicize_feature_enabled":false,"jetpack_social_post_already_shared":false,"jetpack_social_options":{"image_generator_settings":{"template":"highway","enabled":false},"version":2}},"categories":[31,48],"tags":[51],"class_list":["post-10544","post","type-post","status-publish","format-standard","has-post-thumbnail","hentry","category-estado","category-policiaca","tag-estado"],"jetpack_publicize_connections":[],"jetpack_sharing_enabled":true,"jetpack_featured_media_url":"https:\/\/periodiconuevomilenio.com\/wp-content\/uploads\/2023\/12\/adea0031-1ddd-46fa-a973-e2b4fd208d4a.jpg","_links":{"self":[{"href":"https:\/\/periodiconuevomilenio.com\/index.php\/wp-json\/wp\/v2\/posts\/10544","targetHints":{"allow":["GET"]}}],"collection":[{"href":"https:\/\/periodiconuevomilenio.com\/index.php\/wp-json\/wp\/v2\/posts"}],"about":[{"href":"https:\/\/periodiconuevomilenio.com\/index.php\/wp-json\/wp\/v2\/types\/post"}],"author":[{"embeddable":true,"href":"https:\/\/periodiconuevomilenio.com\/index.php\/wp-json\/wp\/v2\/users\/1"}],"replies":[{"embeddable":true,"href":"https:\/\/periodiconuevomilenio.com\/index.php\/wp-json\/wp\/v2\/comments?post=10544"}],"version-history":[{"count":1,"href":"https:\/\/periodiconuevomilenio.com\/index.php\/wp-json\/wp\/v2\/posts\/10544\/revisions"}],"predecessor-version":[{"id":10546,"href":"https:\/\/periodiconuevomilenio.com\/index.php\/wp-json\/wp\/v2\/posts\/10544\/revisions\/10546"}],"wp:featuredmedia":[{"embeddable":true,"href":"https:\/\/periodiconuevomilenio.com\/index.php\/wp-json\/wp\/v2\/media\/10545"}],"wp:attachment":[{"href":"https:\/\/periodiconuevomilenio.com\/index.php\/wp-json\/wp\/v2\/media?parent=10544"}],"wp:term":[{"taxonomy":"category","embeddable":true,"href":"https:\/\/periodiconuevomilenio.com\/index.php\/wp-json\/wp\/v2\/categories?post=10544"},{"taxonomy":"post_tag","embeddable":true,"href":"https:\/\/periodiconuevomilenio.com\/index.php\/wp-json\/wp\/v2\/tags?post=10544"}],"curies":[{"name":"wp","href":"https:\/\/api.w.org\/{rel}","templated":true}]}}