{"id":10547,"date":"2023-12-17T00:37:07","date_gmt":"2023-12-17T06:37:07","guid":{"rendered":"https:\/\/periodiconuevomilenio.com\/?p=10547"},"modified":"2023-12-17T00:37:08","modified_gmt":"2023-12-17T06:37:08","slug":"masacre-en-salamanca","status":"publish","type":"post","link":"https:\/\/periodiconuevomilenio.com\/index.php\/2023\/12\/17\/masacre-en-salamanca\/","title":{"rendered":"Masacre en Salamanca."},"content":{"rendered":"\n<p>*Comando armado ataca una barber\u00eda, deja saldo de 4 muertos y 3 heridos<\/p>\n\n\n\n<p>SALAMANCA, GTO.- La noche de este s\u00e1bado 16 de diciembre, hombres armados irrumpieron sorpresivamente una barber\u00eda en pleno centro de la ciudad y dispararon contra los que se encontraban en el lugar, dejando un saldo de cuatro muertos y tres heridos.<\/p>\n\n\n\n<p>Los lamentables hechos ocurrieron poco despu\u00e9s de las 8 de la noche en la calle Abasolo, entre S\u00e1nchez Torrado y Franciscos Villa, a media cuadra del mercado Tomasa Esteves, luego que a trav\u00e9s del sistema de emergencia 911 alertaran a la polic\u00eda sobre muchos balazos de grueso calibre que se hab\u00edan escuchado.<\/p>\n\n\n\n<p>Elementos de los tres \u00f3rdenes de gobierno atendieron el reporte y sobre la calle Abasolo, al interior de un local habilitado como Barber\u00eda, encontraron varias personas lesionadas por proyectil de arma de fuego.<\/p>\n\n\n\n<p>Al lugar tambi\u00e9n arribaron varias unidades de la Cruz Roja local, los socorristas atendieron a las cinco personas al interior del negocio; confirmaron el deceso de tres de ellos; dos m\u00e1s fueron trasladados para su atenci\u00f3n m\u00e9dica a un centro hospitalario.<br>A escaso 20 metros del lugar se localiz\u00f3 a otra persona del sexo masculino, la cual presentaba tambi\u00e9n varias lesiones de arma de fuego, tambi\u00e9n fue valorado por param\u00e9dicos de la Cruz Roja, quienes confirmaron su deceso.<br>As\u00ed mismo se atendi\u00f3 tambi\u00e9n a una mujer a 50 metros del lugar, fue estabilizada y trasladada de urgencia para su atenci\u00f3n m\u00e9dica.<br>Al interior de la barber\u00eda, dos de los fallecidos eran dependientes del negocio, uno m\u00e1s era cliente y los dos lesionados, clientes tambi\u00e9n.<br>La persona fallecida y la mujer lesionada en la v\u00eda p\u00fablica, fueron v\u00edctimas colaterales del ataque armado, del cual se desconoce hasta el momento el motivo.<\/p>\n\n\n\n<p>Trascendi\u00f3 que hasta el lugar arribo un veh\u00edculo del que se desconocen sus caracter\u00edsticas y en movimiento, varios sujetos desconocidos accionaron sus armas en contra de los ah\u00ed presentes y al huir siguieron disparando.<\/p>\n\n\n\n<p>Esta nueva MASACRE, en las inmediaciones del mercado Tomasa Esteves, provoc\u00f3 temor y p\u00e1nico entre los vecinos de la zona y en los comerciantes, quienes de inmediato bajaron sus cortinas y cerraron sus negocios.<\/p>\n\n\n\n<figure class=\"wp-block-image size-large\"><img loading=\"lazy\" decoding=\"async\" width=\"1024\" height=\"526\" src=\"https:\/\/periodiconuevomilenio.com\/wp-content\/uploads\/2023\/12\/409850829_903993587754857_6383787187177094521_n-1024x526.jpg\" alt=\"\" class=\"wp-image-10548\" srcset=\"https:\/\/periodiconuevomilenio.com\/wp-content\/uploads\/2023\/12\/409850829_903993587754857_6383787187177094521_n-1024x526.jpg 1024w, https:\/\/periodiconuevomilenio.com\/wp-content\/uploads\/2023\/12\/409850829_903993587754857_6383787187177094521_n-300x154.jpg 300w, https:\/\/periodiconuevomilenio.com\/wp-content\/uploads\/2023\/12\/409850829_903993587754857_6383787187177094521_n-768x395.jpg 768w, https:\/\/periodiconuevomilenio.com\/wp-content\/uploads\/2023\/12\/409850829_903993587754857_6383787187177094521_n.jpg 1160w\" sizes=\"auto, (max-width: 1024px) 100vw, 1024px\" \/><\/figure>\n\n\n\n<figure class=\"wp-block-image size-full\"><img loading=\"lazy\" decoding=\"async\" width=\"1013\" height=\"547\" src=\"https:\/\/periodiconuevomilenio.com\/wp-content\/uploads\/2023\/12\/411215486_903993551088194_5819849604011008926_n.jpg\" alt=\"\" class=\"wp-image-10549\" srcset=\"https:\/\/periodiconuevomilenio.com\/wp-content\/uploads\/2023\/12\/411215486_903993551088194_5819849604011008926_n.jpg 1013w, https:\/\/periodiconuevomilenio.com\/wp-content\/uploads\/2023\/12\/411215486_903993551088194_5819849604011008926_n-300x162.jpg 300w, https:\/\/periodiconuevomilenio.com\/wp-content\/uploads\/2023\/12\/411215486_903993551088194_5819849604011008926_n-768x415.jpg 768w\" sizes=\"auto, (max-width: 1013px) 100vw, 1013px\" \/><\/figure>\n\n\n\n<p><\/p>\n\n\n\n<p><\/p>\n\n\n\n<p><\/p>\n","protected":false},"excerpt":{"rendered":"<p>*Comando armado ataca una barber\u00eda, deja saldo de 4 muertos y 3 heridos SALAMANCA, GTO.- La noche de<\/p>\n","protected":false},"author":1,"featured_media":10548,"comment_status":"open","ping_status":"open","sticky":false,"template":"","format":"standard","meta":{"jetpack_post_was_ever_published":false,"_jetpack_newsletter_access":"","_jetpack_dont_email_post_to_subs":false,"_jetpack_newsletter_tier_id":0,"_jetpack_memberships_contains_paywalled_content":false,"_jetpack_memberships_contains_paid_content":false,"footnotes":"","jetpack_publicize_message":"","jetpack_publicize_feature_enabled":false,"jetpack_social_post_already_shared":false,"jetpack_social_options":{"image_generator_settings":{"template":"highway","enabled":false},"version":2}},"categories":[31,48],"tags":[51],"class_list":["post-10547","post","type-post","status-publish","format-standard","has-post-thumbnail","hentry","category-estado","category-policiaca","tag-estado"],"jetpack_publicize_connections":[],"jetpack_sharing_enabled":true,"jetpack_featured_media_url":"https:\/\/periodiconuevomilenio.com\/wp-content\/uploads\/2023\/12\/409850829_903993587754857_6383787187177094521_n.jpg","_links":{"self":[{"href":"https:\/\/periodiconuevomilenio.com\/index.php\/wp-json\/wp\/v2\/posts\/10547","targetHints":{"allow":["GET"]}}],"collection":[{"href":"https:\/\/periodiconuevomilenio.com\/index.php\/wp-json\/wp\/v2\/posts"}],"about":[{"href":"https:\/\/periodiconuevomilenio.com\/index.php\/wp-json\/wp\/v2\/types\/post"}],"author":[{"embeddable":true,"href":"https:\/\/periodiconuevomilenio.com\/index.php\/wp-json\/wp\/v2\/users\/1"}],"replies":[{"embeddable":true,"href":"https:\/\/periodiconuevomilenio.com\/index.php\/wp-json\/wp\/v2\/comments?post=10547"}],"version-history":[{"count":1,"href":"https:\/\/periodiconuevomilenio.com\/index.php\/wp-json\/wp\/v2\/posts\/10547\/revisions"}],"predecessor-version":[{"id":10550,"href":"https:\/\/periodiconuevomilenio.com\/index.php\/wp-json\/wp\/v2\/posts\/10547\/revisions\/10550"}],"wp:featuredmedia":[{"embeddable":true,"href":"https:\/\/periodiconuevomilenio.com\/index.php\/wp-json\/wp\/v2\/media\/10548"}],"wp:attachment":[{"href":"https:\/\/periodiconuevomilenio.com\/index.php\/wp-json\/wp\/v2\/media?parent=10547"}],"wp:term":[{"taxonomy":"category","embeddable":true,"href":"https:\/\/periodiconuevomilenio.com\/index.php\/wp-json\/wp\/v2\/categories?post=10547"},{"taxonomy":"post_tag","embeddable":true,"href":"https:\/\/periodiconuevomilenio.com\/index.php\/wp-json\/wp\/v2\/tags?post=10547"}],"curies":[{"name":"wp","href":"https:\/\/api.w.org\/{rel}","templated":true}]}}