{"id":10615,"date":"2023-12-19T21:30:53","date_gmt":"2023-12-20T03:30:53","guid":{"rendered":"https:\/\/periodiconuevomilenio.com\/?p=10615"},"modified":"2023-12-19T21:35:41","modified_gmt":"2023-12-20T03:35:41","slug":"nacho-ortega-no-va-por-la-presidencia-municipal","status":"publish","type":"post","link":"https:\/\/periodiconuevomilenio.com\/index.php\/2023\/12\/19\/nacho-ortega-no-va-por-la-presidencia-municipal\/","title":{"rendered":"Nacho Ortega NO VA por la Presidencia Municipal."},"content":{"rendered":"\n<p>JARAL DEL PROGRESO, GTO.- En entrevista telef\u00f3nica confirm\u00f3 que no participar\u00e1 por la Presidencia Municipal de Jaral del Progreso.<\/p>\n\n\n\n<p>\u201cAgradezco la invitaci\u00f3n de Morena en el Estado para abanderar su proyecto en mi Municipio. Sin embargo oportunidades con proyectos personales impiden que participemos de manera directa en pol\u00edtica. Jaral m\u00e1s que nunca necesita de un Presidente comprometido de tiempo completo.<\/p>\n\n\n\n<p>Mi mensaje hacia las personas que han puesto la confianza en m\u00ed es que la gente de Jaral merece tener servidores p\u00fablicos de vocaci\u00f3n que no jueguen con el gobierno como si fuera un parque de diversiones personal y tomen con seriedad la gobernanza, que no vendan su dignidad porque a la larga sale m\u00e1s cara, que razonen y juzguen a los candidatos por su trayectoria pero sobre todo por sus resultados, que dejen de escuchar y observen m\u00e1s.<\/p>\n\n\n\n<p>\u00a0Tengo la esperanza de que quien gobierne pr\u00f3ximamente mi Municipio sea un l\u00edder que deje de lado el Ego personal,\u00a0\u00a0 que se rodee de un equipo con personas capaces y responsables; con alma y esp\u00edritu de servicio entregado a resolver los problemas de la poblaci\u00f3n\u201d.<\/p>\n\n\n\n<figure class=\"wp-block-image size-full\"><img loading=\"lazy\" decoding=\"async\" width=\"720\" height=\"758\" src=\"https:\/\/periodiconuevomilenio.com\/wp-content\/uploads\/2023\/12\/WhatsApp-Image-2023-12-19-at-8.26.02-PM.jpeg\" alt=\"\" class=\"wp-image-10616\" srcset=\"https:\/\/periodiconuevomilenio.com\/wp-content\/uploads\/2023\/12\/WhatsApp-Image-2023-12-19-at-8.26.02-PM.jpeg 720w, https:\/\/periodiconuevomilenio.com\/wp-content\/uploads\/2023\/12\/WhatsApp-Image-2023-12-19-at-8.26.02-PM-285x300.jpeg 285w\" sizes=\"auto, (max-width: 720px) 100vw, 720px\" \/><\/figure>\n\n\n\n<figure class=\"wp-block-gallery has-nested-images columns-default is-cropped wp-block-gallery-1 is-layout-flex wp-block-gallery-is-layout-flex\"><\/figure>\n\n\n\n<p><\/p>\n\n\n\n<p><\/p>\n","protected":false},"excerpt":{"rendered":"<p>JARAL DEL PROGRESO, GTO.- En entrevista telef\u00f3nica confirm\u00f3 que no participar\u00e1 por la Presidencia Municipal de Jaral del<\/p>\n","protected":false},"author":1,"featured_media":10616,"comment_status":"open","ping_status":"open","sticky":false,"template":"","format":"standard","meta":{"jetpack_post_was_ever_published":false,"_jetpack_newsletter_access":"","_jetpack_dont_email_post_to_subs":false,"_jetpack_newsletter_tier_id":0,"_jetpack_memberships_contains_paywalled_content":false,"_jetpack_memberships_contains_paid_content":false,"footnotes":"","jetpack_publicize_message":"","jetpack_publicize_feature_enabled":false,"jetpack_social_post_already_shared":false,"jetpack_social_options":{"image_generator_settings":{"template":"highway","enabled":false},"version":2}},"categories":[34],"tags":[23],"class_list":["post-10615","post","type-post","status-publish","format-standard","has-post-thumbnail","hentry","category-jaral-del-progreso","tag-jaral"],"jetpack_publicize_connections":[],"jetpack_sharing_enabled":true,"jetpack_featured_media_url":"https:\/\/periodiconuevomilenio.com\/wp-content\/uploads\/2023\/12\/WhatsApp-Image-2023-12-19-at-8.26.02-PM.jpeg","_links":{"self":[{"href":"https:\/\/periodiconuevomilenio.com\/index.php\/wp-json\/wp\/v2\/posts\/10615","targetHints":{"allow":["GET"]}}],"collection":[{"href":"https:\/\/periodiconuevomilenio.com\/index.php\/wp-json\/wp\/v2\/posts"}],"about":[{"href":"https:\/\/periodiconuevomilenio.com\/index.php\/wp-json\/wp\/v2\/types\/post"}],"author":[{"embeddable":true,"href":"https:\/\/periodiconuevomilenio.com\/index.php\/wp-json\/wp\/v2\/users\/1"}],"replies":[{"embeddable":true,"href":"https:\/\/periodiconuevomilenio.com\/index.php\/wp-json\/wp\/v2\/comments?post=10615"}],"version-history":[{"count":1,"href":"https:\/\/periodiconuevomilenio.com\/index.php\/wp-json\/wp\/v2\/posts\/10615\/revisions"}],"predecessor-version":[{"id":10617,"href":"https:\/\/periodiconuevomilenio.com\/index.php\/wp-json\/wp\/v2\/posts\/10615\/revisions\/10617"}],"wp:featuredmedia":[{"embeddable":true,"href":"https:\/\/periodiconuevomilenio.com\/index.php\/wp-json\/wp\/v2\/media\/10616"}],"wp:attachment":[{"href":"https:\/\/periodiconuevomilenio.com\/index.php\/wp-json\/wp\/v2\/media?parent=10615"}],"wp:term":[{"taxonomy":"category","embeddable":true,"href":"https:\/\/periodiconuevomilenio.com\/index.php\/wp-json\/wp\/v2\/categories?post=10615"},{"taxonomy":"post_tag","embeddable":true,"href":"https:\/\/periodiconuevomilenio.com\/index.php\/wp-json\/wp\/v2\/tags?post=10615"}],"curies":[{"name":"wp","href":"https:\/\/api.w.org\/{rel}","templated":true}]}}