{"id":10644,"date":"2023-12-21T08:18:27","date_gmt":"2023-12-21T14:18:27","guid":{"rendered":"https:\/\/periodiconuevomilenio.com\/?p=10644"},"modified":"2023-12-21T08:18:29","modified_gmt":"2023-12-21T14:18:29","slug":"la-fiscalia-de-guanajuato-identifico-y-capturo-a-uno-de-los-autores-materiales-del-multihomicidio-de-los-cinco-estudiantes-de-medicina-en-celaya","status":"publish","type":"post","link":"https:\/\/periodiconuevomilenio.com\/index.php\/2023\/12\/21\/la-fiscalia-de-guanajuato-identifico-y-capturo-a-uno-de-los-autores-materiales-del-multihomicidio-de-los-cinco-estudiantes-de-medicina-en-celaya\/","title":{"rendered":"LA FISCAL\u00cdA DE GUANAJUATO IDENTIFIC\u00d3 Y CAPTUR\u00d3 A UNO DE LOS AUTORES MATERIALES DEL MULTIHOMICIDIO DE LOS CINCO ESTUDIANTES DE MEDICINA EN CELAYA."},"content":{"rendered":"\n<p>Guanajuato, Gto.- 21 de diciembre de 2023.-La Fiscal\u00eda de Guanajuato logr\u00f3 ubicar y detener con orden de aprehensi\u00f3n al presunto autor material de los asesinatos de cinco j\u00f3venes, registrado el 03 de diciembre 2023, en la Colonia Primera Fracci\u00f3n de Crespo en la ciudad de Celaya.<\/p>\n\n\n\n<p>Se cuenta con elementos de prueba que acreditan su participaci\u00f3n en diversos hechos delictivos como el homicidio de los estudiantes.<\/p>\n\n\n\n<p>Una c\u00e9lula especial de la Unidad de Homicidios, inici\u00f3 las investigaciones el d\u00eda de los hechos y recab\u00f3 informaci\u00f3n determinante para identificar al presunto responsable de este atroz multihomicidio.<\/p>\n\n\n\n<p>Con orden de aprehensi\u00f3n otorgada por un Juez, Agentes de Investigaci\u00f3n Criminal concretaron la detenci\u00f3n de FRANCISCO OMAR \u201cN\u201d, alias \u201cVerdus\u201d luego de seguir sus movimientos mediante trabajo inteligencia y an\u00e1lisis de informaci\u00f3n en campo y gabinete, que revel\u00f3 su ubicaci\u00f3n.<\/p>\n\n\n\n<p>En las pr\u00f3ximas horas el inculpado ser\u00e1 llevado ante un Juez, para que un Agente del Ministerio P\u00fablico le formule imputaci\u00f3n y solicite su vinculaci\u00f3n a proceso penal.<\/p>\n\n\n\n<figure class=\"wp-block-image size-large\"><img loading=\"lazy\" decoding=\"async\" width=\"821\" height=\"1024\" src=\"https:\/\/periodiconuevomilenio.com\/wp-content\/uploads\/2023\/12\/a2011e9a-9ac1-4289-8746-f99b07f07dea-821x1024.jpg\" alt=\"\" class=\"wp-image-10645\" srcset=\"https:\/\/periodiconuevomilenio.com\/wp-content\/uploads\/2023\/12\/a2011e9a-9ac1-4289-8746-f99b07f07dea-821x1024.jpg 821w, https:\/\/periodiconuevomilenio.com\/wp-content\/uploads\/2023\/12\/a2011e9a-9ac1-4289-8746-f99b07f07dea-241x300.jpg 241w, https:\/\/periodiconuevomilenio.com\/wp-content\/uploads\/2023\/12\/a2011e9a-9ac1-4289-8746-f99b07f07dea-768x958.jpg 768w, https:\/\/periodiconuevomilenio.com\/wp-content\/uploads\/2023\/12\/a2011e9a-9ac1-4289-8746-f99b07f07dea-1232x1536.jpg 1232w, https:\/\/periodiconuevomilenio.com\/wp-content\/uploads\/2023\/12\/a2011e9a-9ac1-4289-8746-f99b07f07dea-1024x1277.jpg 1024w, https:\/\/periodiconuevomilenio.com\/wp-content\/uploads\/2023\/12\/a2011e9a-9ac1-4289-8746-f99b07f07dea.jpg 1283w\" sizes=\"auto, (max-width: 821px) 100vw, 821px\" \/><\/figure>\n\n\n","protected":false},"excerpt":{"rendered":"<p>Guanajuato, Gto.- 21 de diciembre de 2023.-La Fiscal\u00eda de Guanajuato logr\u00f3 ubicar y detener con orden de aprehensi\u00f3n<\/p>\n","protected":false},"author":1,"featured_media":10645,"comment_status":"open","ping_status":"open","sticky":false,"template":"","format":"standard","meta":{"jetpack_post_was_ever_published":false,"_jetpack_newsletter_access":"","_jetpack_dont_email_post_to_subs":false,"_jetpack_newsletter_tier_id":0,"_jetpack_memberships_contains_paywalled_content":false,"_jetpack_memberships_contains_paid_content":false,"footnotes":"","jetpack_publicize_message":"","jetpack_publicize_feature_enabled":false,"jetpack_social_post_already_shared":false,"jetpack_social_options":{"image_generator_settings":{"template":"highway","enabled":false},"version":2}},"categories":[31,48],"tags":[51],"class_list":["post-10644","post","type-post","status-publish","format-standard","has-post-thumbnail","hentry","category-estado","category-policiaca","tag-estado"],"jetpack_publicize_connections":[],"jetpack_sharing_enabled":true,"jetpack_featured_media_url":"https:\/\/periodiconuevomilenio.com\/wp-content\/uploads\/2023\/12\/a2011e9a-9ac1-4289-8746-f99b07f07dea.jpg","_links":{"self":[{"href":"https:\/\/periodiconuevomilenio.com\/index.php\/wp-json\/wp\/v2\/posts\/10644","targetHints":{"allow":["GET"]}}],"collection":[{"href":"https:\/\/periodiconuevomilenio.com\/index.php\/wp-json\/wp\/v2\/posts"}],"about":[{"href":"https:\/\/periodiconuevomilenio.com\/index.php\/wp-json\/wp\/v2\/types\/post"}],"author":[{"embeddable":true,"href":"https:\/\/periodiconuevomilenio.com\/index.php\/wp-json\/wp\/v2\/users\/1"}],"replies":[{"embeddable":true,"href":"https:\/\/periodiconuevomilenio.com\/index.php\/wp-json\/wp\/v2\/comments?post=10644"}],"version-history":[{"count":1,"href":"https:\/\/periodiconuevomilenio.com\/index.php\/wp-json\/wp\/v2\/posts\/10644\/revisions"}],"predecessor-version":[{"id":10646,"href":"https:\/\/periodiconuevomilenio.com\/index.php\/wp-json\/wp\/v2\/posts\/10644\/revisions\/10646"}],"wp:featuredmedia":[{"embeddable":true,"href":"https:\/\/periodiconuevomilenio.com\/index.php\/wp-json\/wp\/v2\/media\/10645"}],"wp:attachment":[{"href":"https:\/\/periodiconuevomilenio.com\/index.php\/wp-json\/wp\/v2\/media?parent=10644"}],"wp:term":[{"taxonomy":"category","embeddable":true,"href":"https:\/\/periodiconuevomilenio.com\/index.php\/wp-json\/wp\/v2\/categories?post=10644"},{"taxonomy":"post_tag","embeddable":true,"href":"https:\/\/periodiconuevomilenio.com\/index.php\/wp-json\/wp\/v2\/tags?post=10644"}],"curies":[{"name":"wp","href":"https:\/\/api.w.org\/{rel}","templated":true}]}}