{"id":11088,"date":"2024-01-10T23:43:18","date_gmt":"2024-01-11T05:43:18","guid":{"rendered":"https:\/\/periodiconuevomilenio.com\/?p=11088"},"modified":"2024-01-11T00:54:15","modified_gmt":"2024-01-11T06:54:15","slug":"no-tomaron-encueta-al-dirigencia-del-pri-para-designar-candidata","status":"publish","type":"post","link":"https:\/\/periodiconuevomilenio.com\/index.php\/2024\/01\/10\/no-tomaron-encueta-al-dirigencia-del-pri-para-designar-candidata\/","title":{"rendered":"No tomaron En cuenta a la  dirigencia del PRI para designar candidata"},"content":{"rendered":"\n<p>Carta enviada la direcci\u00f3n por el presidente del comit\u00e9 del PRI Rodrigo Ortega<\/p>\n\n\n\n<p>&nbsp;JARAL DEL PROGRESO, GTO.-Hace unos meses decid\u00ed participar en la convocatoria para la renovaci\u00f3n del Comit\u00e9 Municipal del PRI en Jaral, confiando en respaldar un proyecto serio y ganador que pudiera representar a Jaral para devolverle la dignidad y representaci\u00f3n de trabajo que nos distingue a los Jaralenses.<\/p>\n\n\n\n<p>Como dirigente del PRI, manifest\u00e9 mis expectativas, referente a que nuestra candidatura deb\u00eda de ir mucho m\u00e1s all\u00e1 que simplemente sacar un proyecto que consistiera \u00fanicamente en \u00abparticipar por participar\u00bb, creo que el objetivo debe ser mejorar, lograr ese cambio tan anhelado por el pueblo Jaralense.<\/p>\n\n\n\n<p>Despu\u00e9s de exponer mi punto de vista, no fui tomado en cuenta para el cambio de g\u00e9nero, ni para designaci\u00f3n de la Candidata.<\/p>\n\n\n\n<p>Hoy \u201cnuestro pueblo carece de un l\u00edder\u201d que luche por las causas de su gente, por eso creo que un proyecto no debe limitarse a buscar \u00fanicamente una o unas pocas posiciones personales (Regidur\u00edas) pues de esos perfiles est\u00e1 llena la pol\u00edtica o politiquer\u00eda.<\/p>\n\n\n\n<p>Hoy las candidaturas carecen de respeto y honorabilidad, cualquiera aspira sin conocer LA GRAN RESPONSABILIDAD que conlleva el gobernar el presente y futuro de un Municipio.<\/p>\n\n\n\n<p>Hoy padecemos las consecuencias de perfilar candidatos sin vocaci\u00f3n de servicio y responsabilidad.<\/p>\n\n\n\n<p>Hoy no se trata de colores ni de siglas, hoy se trata de reflexionar si queremos que nos representen los intereses personales y vendamos nuestra dignidad, o si queremos impulsar desde el pueblo UN MOVIMIENTO DE CAMBIO.<\/p>\n\n\n\n<p>Hace falta que el pueblo exijamos responsabilidad, honorabilidad y Liderazgo.<\/p>\n\n\n\n<p>En lo personal, apoyar\u00e9 al proyecto que represente el cambio en nuestro pueblo. Merecemos m\u00e1s<\/p>\n\n\n\n<figure class=\"wp-block-image size-full\"><img loading=\"lazy\" decoding=\"async\" width=\"483\" height=\"572\" src=\"https:\/\/periodiconuevomilenio.com\/wp-content\/uploads\/2024\/01\/file.jpg\" alt=\"\" class=\"wp-image-11089\" srcset=\"https:\/\/periodiconuevomilenio.com\/wp-content\/uploads\/2024\/01\/file.jpg 483w, https:\/\/periodiconuevomilenio.com\/wp-content\/uploads\/2024\/01\/file-253x300.jpg 253w\" sizes=\"auto, (max-width: 483px) 100vw, 483px\" \/><\/figure>\n\n\n\n<figure class=\"wp-block-gallery has-nested-images columns-default is-cropped wp-block-gallery-1 is-layout-flex wp-block-gallery-is-layout-flex\"><\/figure>\n","protected":false},"excerpt":{"rendered":"<p>Carta enviada la direcci\u00f3n por el presidente del comit\u00e9 del PRI Rodrigo Ortega &nbsp;JARAL DEL PROGRESO, GTO.-Hace unos<\/p>\n","protected":false},"author":1,"featured_media":11089,"comment_status":"open","ping_status":"open","sticky":false,"template":"","format":"standard","meta":{"jetpack_post_was_ever_published":false,"_jetpack_newsletter_access":"","_jetpack_dont_email_post_to_subs":false,"_jetpack_newsletter_tier_id":0,"_jetpack_memberships_contains_paywalled_content":false,"_jetpack_memberships_contains_paid_content":false,"footnotes":"","jetpack_publicize_message":"","jetpack_publicize_feature_enabled":false,"jetpack_social_post_already_shared":false,"jetpack_social_options":{"image_generator_settings":{"template":"highway","enabled":false},"version":2}},"categories":[34],"tags":[23],"class_list":["post-11088","post","type-post","status-publish","format-standard","has-post-thumbnail","hentry","category-jaral-del-progreso","tag-jaral"],"jetpack_publicize_connections":[],"jetpack_sharing_enabled":true,"jetpack_featured_media_url":"https:\/\/periodiconuevomilenio.com\/wp-content\/uploads\/2024\/01\/file.jpg","_links":{"self":[{"href":"https:\/\/periodiconuevomilenio.com\/index.php\/wp-json\/wp\/v2\/posts\/11088","targetHints":{"allow":["GET"]}}],"collection":[{"href":"https:\/\/periodiconuevomilenio.com\/index.php\/wp-json\/wp\/v2\/posts"}],"about":[{"href":"https:\/\/periodiconuevomilenio.com\/index.php\/wp-json\/wp\/v2\/types\/post"}],"author":[{"embeddable":true,"href":"https:\/\/periodiconuevomilenio.com\/index.php\/wp-json\/wp\/v2\/users\/1"}],"replies":[{"embeddable":true,"href":"https:\/\/periodiconuevomilenio.com\/index.php\/wp-json\/wp\/v2\/comments?post=11088"}],"version-history":[{"count":2,"href":"https:\/\/periodiconuevomilenio.com\/index.php\/wp-json\/wp\/v2\/posts\/11088\/revisions"}],"predecessor-version":[{"id":11099,"href":"https:\/\/periodiconuevomilenio.com\/index.php\/wp-json\/wp\/v2\/posts\/11088\/revisions\/11099"}],"wp:featuredmedia":[{"embeddable":true,"href":"https:\/\/periodiconuevomilenio.com\/index.php\/wp-json\/wp\/v2\/media\/11089"}],"wp:attachment":[{"href":"https:\/\/periodiconuevomilenio.com\/index.php\/wp-json\/wp\/v2\/media?parent=11088"}],"wp:term":[{"taxonomy":"category","embeddable":true,"href":"https:\/\/periodiconuevomilenio.com\/index.php\/wp-json\/wp\/v2\/categories?post=11088"},{"taxonomy":"post_tag","embeddable":true,"href":"https:\/\/periodiconuevomilenio.com\/index.php\/wp-json\/wp\/v2\/tags?post=11088"}],"curies":[{"name":"wp","href":"https:\/\/api.w.org\/{rel}","templated":true}]}}