{"id":11152,"date":"2024-01-13T13:43:40","date_gmt":"2024-01-13T19:43:40","guid":{"rendered":"https:\/\/periodiconuevomilenio.com\/?p=11152"},"modified":"2024-01-13T13:43:42","modified_gmt":"2024-01-13T19:43:42","slug":"carambola-vehicular-en-la-federal-43","status":"publish","type":"post","link":"https:\/\/periodiconuevomilenio.com\/index.php\/2024\/01\/13\/carambola-vehicular-en-la-federal-43\/","title":{"rendered":"Carambola vehicular en la Federal 43"},"content":{"rendered":"\n<p>VALLE DE SANTIAGO, GTO.-La madrugada de este s\u00e1bado 13 de enero se registr\u00f3 un terrible accidente vehicular en el que participaron varios veh\u00edculos, hechos ocurridos en la carretera federal 43, tramo Valle &#8211; Salamanca, a la altura de Rancho Seco.<\/p>\n\n\n\n<p>El reloj marcaba la una de la ma\u00f1ana con 35 minutos cuando al sistema de emergencia 911 lleg\u00f3 una llama de auxilio solicitando la presencia de ambulancias y cuerpos de rescate porque se ten\u00eda registrado un choque m\u00faltiple donde hab\u00eda participado tres unidades de motor y hab\u00eda heridos.<\/p>\n\n\n\n<p>Esto provoco de inmediato la movilizaci\u00f3n de patrullas y ambulancias de bomberos, Protecci\u00f3n Civil y Cruz Roja que atendieron el llamado, encontrando tres veh\u00edculos involucrados, un veh\u00edculo marca Chevrolet captiva color rojo, un segundo marca Ford f-150 cabina color guinda y la tercera unidad marca Chevrolet aveo color guinda.<\/p>\n\n\n\n<p>Asimismo, en el lugar se encontraban algunas personas lesionadas que fueron atendidas por param\u00e9dicos de la cruz roja, quienes revisan a 4 femeninas en el lugar indicando que se encontraban en c\u00f3digo verde y ninguna requiere traslado al hospital.<br>Por lo que se solicita el arribo de las autoridades correspondientes, la Guardia Nacional, Divisi\u00f3n Caminos, para que se hiciera cargo del accidente, ya que est\u00e1 dentro de su jurisdicci\u00f3n.<\/p>\n\n\n\n<figure class=\"wp-block-image size-full\"><img loading=\"lazy\" decoding=\"async\" width=\"540\" height=\"377\" src=\"https:\/\/periodiconuevomilenio.com\/wp-content\/uploads\/2024\/01\/00585334-a7a5-436c-8944-9b3b4416bdee.jpg\" alt=\"\" class=\"wp-image-11153\" srcset=\"https:\/\/periodiconuevomilenio.com\/wp-content\/uploads\/2024\/01\/00585334-a7a5-436c-8944-9b3b4416bdee.jpg 540w, https:\/\/periodiconuevomilenio.com\/wp-content\/uploads\/2024\/01\/00585334-a7a5-436c-8944-9b3b4416bdee-300x209.jpg 300w\" sizes=\"auto, (max-width: 540px) 100vw, 540px\" \/><\/figure>\n\n\n\n<figure class=\"wp-block-gallery has-nested-images columns-default is-cropped wp-block-gallery-1 is-layout-flex wp-block-gallery-is-layout-flex\"><\/figure>\n","protected":false},"excerpt":{"rendered":"<p>VALLE DE SANTIAGO, GTO.-La madrugada de este s\u00e1bado 13 de enero se registr\u00f3 un terrible accidente vehicular en<\/p>\n","protected":false},"author":1,"featured_media":11153,"comment_status":"open","ping_status":"open","sticky":false,"template":"","format":"standard","meta":{"jetpack_post_was_ever_published":false,"_jetpack_newsletter_access":"","_jetpack_dont_email_post_to_subs":false,"_jetpack_newsletter_tier_id":0,"_jetpack_memberships_contains_paywalled_content":false,"_jetpack_memberships_contains_paid_content":false,"footnotes":"","jetpack_publicize_message":"","jetpack_publicize_feature_enabled":false,"jetpack_social_post_already_shared":false,"jetpack_social_options":{"image_generator_settings":{"template":"highway","enabled":false},"version":2}},"categories":[39],"tags":[],"class_list":["post-11152","post","type-post","status-publish","format-standard","has-post-thumbnail","hentry","category-valle-de-santiago"],"jetpack_publicize_connections":[],"jetpack_sharing_enabled":true,"jetpack_featured_media_url":"https:\/\/periodiconuevomilenio.com\/wp-content\/uploads\/2024\/01\/00585334-a7a5-436c-8944-9b3b4416bdee.jpg","_links":{"self":[{"href":"https:\/\/periodiconuevomilenio.com\/index.php\/wp-json\/wp\/v2\/posts\/11152","targetHints":{"allow":["GET"]}}],"collection":[{"href":"https:\/\/periodiconuevomilenio.com\/index.php\/wp-json\/wp\/v2\/posts"}],"about":[{"href":"https:\/\/periodiconuevomilenio.com\/index.php\/wp-json\/wp\/v2\/types\/post"}],"author":[{"embeddable":true,"href":"https:\/\/periodiconuevomilenio.com\/index.php\/wp-json\/wp\/v2\/users\/1"}],"replies":[{"embeddable":true,"href":"https:\/\/periodiconuevomilenio.com\/index.php\/wp-json\/wp\/v2\/comments?post=11152"}],"version-history":[{"count":1,"href":"https:\/\/periodiconuevomilenio.com\/index.php\/wp-json\/wp\/v2\/posts\/11152\/revisions"}],"predecessor-version":[{"id":11154,"href":"https:\/\/periodiconuevomilenio.com\/index.php\/wp-json\/wp\/v2\/posts\/11152\/revisions\/11154"}],"wp:featuredmedia":[{"embeddable":true,"href":"https:\/\/periodiconuevomilenio.com\/index.php\/wp-json\/wp\/v2\/media\/11153"}],"wp:attachment":[{"href":"https:\/\/periodiconuevomilenio.com\/index.php\/wp-json\/wp\/v2\/media?parent=11152"}],"wp:term":[{"taxonomy":"category","embeddable":true,"href":"https:\/\/periodiconuevomilenio.com\/index.php\/wp-json\/wp\/v2\/categories?post=11152"},{"taxonomy":"post_tag","embeddable":true,"href":"https:\/\/periodiconuevomilenio.com\/index.php\/wp-json\/wp\/v2\/tags?post=11152"}],"curies":[{"name":"wp","href":"https:\/\/api.w.org\/{rel}","templated":true}]}}