{"id":11175,"date":"2024-01-14T01:02:19","date_gmt":"2024-01-14T07:02:19","guid":{"rendered":"https:\/\/periodiconuevomilenio.com\/?p=11175"},"modified":"2024-01-14T01:02:21","modified_gmt":"2024-01-14T07:02:21","slug":"elias-acompano-a-dos-almas-en-pena-a-visitar-la-cueva-copalena","status":"publish","type":"post","link":"https:\/\/periodiconuevomilenio.com\/index.php\/2024\/01\/14\/elias-acompano-a-dos-almas-en-pena-a-visitar-la-cueva-copalena\/","title":{"rendered":"El\u00edas  acompa\u00f1\u00f3 a dos almas en pena a visitar la Cueva Copale\u00f1a."},"content":{"rendered":"\n<p>VALLE DE SANTIAGO, GTO.- No dejan de sorprender historias y leyendas que se generan en torno a este municipio, en el que recientemente una persona conocida decidi\u00f3 jug\u00e1rsela y acompa\u00f1o a dos forasteros que lo invitaron a visitar y explorar la famosa cueva Copale\u00f1a que se encuentra en la zona conocida como el Malpais, sin saber que ya estaban muertos.<\/p>\n\n\n\n<p>Lo cierto es que una tarde-noche de apenas el mes pasado 23 de diciembre del 2023 \u00e9l decidi\u00f3 ir a comprar una caguama para mitigar la sed en la Lagunilla donde vive El\u00edas , quien de manera verbal nos cuenta su experiencia.<\/p>\n\n\n\n<p>Lo cierto es que le gusta qui\u00e9n dir\u00eda el arg\u00fcende y cuando lleg\u00f3 a la tienda de los Murillos se top\u00f3 con esas dos personas j\u00f3venes que nunca hab\u00eda visto en su vida, para eso eran las 7 u 8 de la noche, le comentaron que estaban interesados en conocer la Copale\u00f1a una cueva muy enigm\u00e1tica que se encuentra muy cerca del lugar, le dijeron que eran periodistas y decidi\u00f3 acompa\u00f1arlos.<\/p>\n\n\n\n<p>Aunque previo a ello, les recomend\u00f3 que hubiera que tomar precauciones por eso de la inseguridad que se vive y por la hora que era, cosas por el estilo, sin embargo le comentaron a El\u00edas que no tuviera miedo que ellos ya conoc\u00edan el terreno as\u00ed que en cuesti\u00f3n de 10 a 15 minutos ya estaban en el lugar.<\/p>\n\n\n\n<p>Ingresaron al lugar los dos forasteros y El\u00edas, caminaron unos 250 pasos, seg\u00fan cuenta, y vieron un gran tesoro en su interior, y pasadizos derrumbados por el paso del tiempo, \u00ablos periodistas\u00bb le comentaron que muchos de esos t\u00faneles conectaban con los templos de Santa Rosa, la Parroquia y la Merced.<\/p>\n\n\n\n<p>Sin embargo, avanzaban mucho pese a que \u00e9l sab\u00eda que la cueva tiene derrumbes y no es tan profunda, por lo que le dio miedo y decidi\u00f3 regresar sin antes observar una piedra com\u00fan y corriente que la tom\u00f3 y la puso en la bolsa de su chamarra emprendiendo la salida, sin ni siquiera pensar en tomar pedazos de oro que seg\u00fan \u00e9l vio.<\/p>\n\n\n\n<p>Lo extra\u00f1o es que solo salieron \u00e9l y otra persona, faltaba uno, le comento El\u00edas a que le contesto que no se preocupara, que conoc\u00eda el terreno que seguramente los alcanzar\u00eda en un rato y as\u00ed sigui\u00f3 caminando por el camino a la charca de repente voltea a platicar con su compa\u00f1ero y ya no estaba, por lo que se fue asustado a recoger su caguama que por cierto no hab\u00eda pagado, pero que ya estaba pagado por esos dos extra\u00f1os personajes, pero no le cont\u00f3 nada al de la tienda de lo sucedido.<\/p>\n\n\n\n<p>Espero un tiempo prudente y ya no volvi\u00f3 a verlos, asustado fue a su casa, le cont\u00f3 a su esposa y familia lo que hab\u00eda sucedido y otro d\u00eda muy temprano fue a la Polic\u00eda y platic\u00f3 con el director de tr\u00e1nsito, ya que en un tiempo El\u00edas  formo parte de esa corporaci\u00f3n, le dijo que ven\u00eda ver que pod\u00edan hacer porque esos amigos ya no aparecieron y ten\u00eda temor de que lo fuera a culpar de su desaparici\u00f3n porque varios del rancho lo vieron que se fueron con \u00e9l.<\/p>\n\n\n\n<p>Otro d\u00eda regres\u00f3 al lugar y vio extra\u00f1amente que por el lugar donde pasaron la noche anterior no hab\u00eda rastros y pareciera que en muchos a\u00f1os nadie hab\u00eda pasado por ese lugar.<\/p>\n\n\n\n<p>Al actual titular de tr\u00e1nsito le comento que si no hab\u00eda reporte de algunas personas asesinadas, que hubieran aparecido muertas o desaparecidas, le comento que no, pero vio una foto que se encontraba en el lugar, grande su sorpresa a ver que era uno de ellos lo identific\u00f3 plenamente, pero era una persona que hab\u00eda fallecido en 1924.<\/p>\n\n\n\n<p>Se fue a su casa, algunos lo tildaron de loco, de borracho, pero \u00e9l solo sabe que todo esto fue cierto y prueban de ello es la piedra que conserva y que extra\u00f1amente cambia de colores y aspectos, cada que toma una fotograf\u00eda se ven diferentes rostros, algunos maleficios y que ah\u00ed est\u00e1 dispuesto a mostrarles la roca y pidi\u00f3 que se diera a conocer esta historia que hoy les contamos y le llevamos a ustedes a trav\u00e9s de las p\u00e1ginas de su peri\u00f3dico Nuevo Milenio. Juzgue usted.<\/p>\n\n\n\n<figure class=\"wp-block-image size-large\"><img loading=\"lazy\" decoding=\"async\" width=\"1024\" height=\"768\" src=\"https:\/\/periodiconuevomilenio.com\/wp-content\/uploads\/2024\/01\/412700844_308532755488550_4251600801113553674_n-1024x768.jpg\" alt=\"\" class=\"wp-image-11176\" srcset=\"https:\/\/periodiconuevomilenio.com\/wp-content\/uploads\/2024\/01\/412700844_308532755488550_4251600801113553674_n-1024x768.jpg 1024w, https:\/\/periodiconuevomilenio.com\/wp-content\/uploads\/2024\/01\/412700844_308532755488550_4251600801113553674_n-300x225.jpg 300w, https:\/\/periodiconuevomilenio.com\/wp-content\/uploads\/2024\/01\/412700844_308532755488550_4251600801113553674_n-768x576.jpg 768w, https:\/\/periodiconuevomilenio.com\/wp-content\/uploads\/2024\/01\/412700844_308532755488550_4251600801113553674_n-1536x1152.jpg 1536w, https:\/\/periodiconuevomilenio.com\/wp-content\/uploads\/2024\/01\/412700844_308532755488550_4251600801113553674_n.jpg 2048w\" sizes=\"auto, (max-width: 1024px) 100vw, 1024px\" \/><\/figure>\n\n\n\n<figure class=\"wp-block-image size-large\"><img loading=\"lazy\" decoding=\"async\" width=\"1024\" height=\"576\" src=\"https:\/\/periodiconuevomilenio.com\/wp-content\/uploads\/2024\/01\/fb_img_1700922463695-1024x576.jpg\" alt=\"\" class=\"wp-image-11177\" srcset=\"https:\/\/periodiconuevomilenio.com\/wp-content\/uploads\/2024\/01\/fb_img_1700922463695-1024x576.jpg 1024w, https:\/\/periodiconuevomilenio.com\/wp-content\/uploads\/2024\/01\/fb_img_1700922463695-300x169.jpg 300w, https:\/\/periodiconuevomilenio.com\/wp-content\/uploads\/2024\/01\/fb_img_1700922463695-768x432.jpg 768w, https:\/\/periodiconuevomilenio.com\/wp-content\/uploads\/2024\/01\/fb_img_1700922463695.jpg 1040w\" sizes=\"auto, (max-width: 1024px) 100vw, 1024px\" \/><\/figure>\n","protected":false},"excerpt":{"rendered":"<p>VALLE DE SANTIAGO, GTO.- No dejan de sorprender historias y leyendas que se generan en torno a este<\/p>\n","protected":false},"author":1,"featured_media":11177,"comment_status":"open","ping_status":"open","sticky":false,"template":"","format":"standard","meta":{"jetpack_post_was_ever_published":false,"_jetpack_newsletter_access":"","_jetpack_dont_email_post_to_subs":false,"_jetpack_newsletter_tier_id":0,"_jetpack_memberships_contains_paywalled_content":false,"_jetpack_memberships_contains_paid_content":false,"footnotes":"","jetpack_publicize_message":"","jetpack_publicize_feature_enabled":true,"jetpack_social_post_already_shared":true,"jetpack_social_options":{"image_generator_settings":{"template":"highway","enabled":false},"version":2}},"categories":[39],"tags":[22],"class_list":["post-11175","post","type-post","status-publish","format-standard","has-post-thumbnail","hentry","category-valle-de-santiago","tag-valle"],"jetpack_publicize_connections":[],"jetpack_sharing_enabled":true,"jetpack_featured_media_url":"https:\/\/periodiconuevomilenio.com\/wp-content\/uploads\/2024\/01\/fb_img_1700922463695.jpg","_links":{"self":[{"href":"https:\/\/periodiconuevomilenio.com\/index.php\/wp-json\/wp\/v2\/posts\/11175","targetHints":{"allow":["GET"]}}],"collection":[{"href":"https:\/\/periodiconuevomilenio.com\/index.php\/wp-json\/wp\/v2\/posts"}],"about":[{"href":"https:\/\/periodiconuevomilenio.com\/index.php\/wp-json\/wp\/v2\/types\/post"}],"author":[{"embeddable":true,"href":"https:\/\/periodiconuevomilenio.com\/index.php\/wp-json\/wp\/v2\/users\/1"}],"replies":[{"embeddable":true,"href":"https:\/\/periodiconuevomilenio.com\/index.php\/wp-json\/wp\/v2\/comments?post=11175"}],"version-history":[{"count":1,"href":"https:\/\/periodiconuevomilenio.com\/index.php\/wp-json\/wp\/v2\/posts\/11175\/revisions"}],"predecessor-version":[{"id":11178,"href":"https:\/\/periodiconuevomilenio.com\/index.php\/wp-json\/wp\/v2\/posts\/11175\/revisions\/11178"}],"wp:featuredmedia":[{"embeddable":true,"href":"https:\/\/periodiconuevomilenio.com\/index.php\/wp-json\/wp\/v2\/media\/11177"}],"wp:attachment":[{"href":"https:\/\/periodiconuevomilenio.com\/index.php\/wp-json\/wp\/v2\/media?parent=11175"}],"wp:term":[{"taxonomy":"category","embeddable":true,"href":"https:\/\/periodiconuevomilenio.com\/index.php\/wp-json\/wp\/v2\/categories?post=11175"},{"taxonomy":"post_tag","embeddable":true,"href":"https:\/\/periodiconuevomilenio.com\/index.php\/wp-json\/wp\/v2\/tags?post=11175"}],"curies":[{"name":"wp","href":"https:\/\/api.w.org\/{rel}","templated":true}]}}