{"id":11368,"date":"2024-01-22T14:33:21","date_gmt":"2024-01-22T20:33:21","guid":{"rendered":"https:\/\/periodiconuevomilenio.com\/?p=11368"},"modified":"2024-01-22T14:33:23","modified_gmt":"2024-01-22T20:33:23","slug":"choque-entre-dos-vehiculos-deja-dos-personas-heridas","status":"publish","type":"post","link":"https:\/\/periodiconuevomilenio.com\/index.php\/2024\/01\/22\/choque-entre-dos-vehiculos-deja-dos-personas-heridas\/","title":{"rendered":"Choque entre dos veh\u00edculos deja dos personas heridas."},"content":{"rendered":"\n<p>Valle de Santiago, Gto.- \u2014 Dos personas heridas son el saldo de un accidente vial en la carretera estatal Valle de Santiago \u2014 Jaral del Progreso, a la altura del poblado de San Jos\u00e9 de Ar\u00e1ceo.<\/p>\n\n\n\n<p>Este choque entre dos autom\u00f3viles moviliz\u00f3 a cuerpos de auxilio y rescate que atendieron a los lesionados; por fortuna, las heridas que presentaron los conductores de las unidades involucradas en el accidente no fueron de consideraci\u00f3n.<\/p>\n\n\n\n<p>Fue a filo de las 11 de la noche con 15 minutos cuando al sistema de emergencia 911 lleg\u00f3 una llama de auxilio, poniendo en alerta a la polic\u00eda y movilizando patrullas y ambulancias de auxilio y rescate, entre ellas Bomberos, Cruz Roja y Protecci\u00f3n Civil.<\/p>\n\n\n\n<p>En el lugar del reporte se visualiza sobre la cinta asf\u00e1ltica un veh\u00edculo tipo Sentra, marca Nissan, color azul. Por lo que el conductor es atendido por param\u00e9dicos de cruz roja, indicando que se encontraba en c\u00f3digo verde.<\/p>\n\n\n\n<p>Metros m\u00e1s adelante se encontraba otro veh\u00edculo volcado, siendo un Seat, Ibiza, mismo que se encontraba al interior del veh\u00edculo el conductor, param\u00e9dicos de Cruz Roja, quienes le dan atenci\u00f3n, trasladando al masculino en c\u00f3digo amarillo al Hospital de este municipio.<\/p>\n\n\n\n<p>Haciendo de conocimiento a autoridades competentes para que se hagan cargo de dicho evento.<\/p>\n\n\n\n<figure class=\"wp-block-image size-full\"><img loading=\"lazy\" decoding=\"async\" width=\"873\" height=\"823\" src=\"https:\/\/periodiconuevomilenio.com\/wp-content\/uploads\/2024\/01\/693d3911-e0a3-4883-bbd1-e2c4e3bcfb78.jpg\" alt=\"\" class=\"wp-image-11370\" srcset=\"https:\/\/periodiconuevomilenio.com\/wp-content\/uploads\/2024\/01\/693d3911-e0a3-4883-bbd1-e2c4e3bcfb78.jpg 873w, https:\/\/periodiconuevomilenio.com\/wp-content\/uploads\/2024\/01\/693d3911-e0a3-4883-bbd1-e2c4e3bcfb78-300x283.jpg 300w, https:\/\/periodiconuevomilenio.com\/wp-content\/uploads\/2024\/01\/693d3911-e0a3-4883-bbd1-e2c4e3bcfb78-768x724.jpg 768w\" sizes=\"auto, (max-width: 873px) 100vw, 873px\" \/><\/figure>\n\n\n\n<figure class=\"wp-block-image size-large\"><img loading=\"lazy\" decoding=\"async\" width=\"1024\" height=\"768\" src=\"https:\/\/periodiconuevomilenio.com\/wp-content\/uploads\/2024\/01\/07d43fe8-774b-453d-9409-a52f552d4425-1024x768.jpg\" alt=\"\" class=\"wp-image-11369\" srcset=\"https:\/\/periodiconuevomilenio.com\/wp-content\/uploads\/2024\/01\/07d43fe8-774b-453d-9409-a52f552d4425-1024x768.jpg 1024w, https:\/\/periodiconuevomilenio.com\/wp-content\/uploads\/2024\/01\/07d43fe8-774b-453d-9409-a52f552d4425-300x225.jpg 300w, https:\/\/periodiconuevomilenio.com\/wp-content\/uploads\/2024\/01\/07d43fe8-774b-453d-9409-a52f552d4425-768x576.jpg 768w, https:\/\/periodiconuevomilenio.com\/wp-content\/uploads\/2024\/01\/07d43fe8-774b-453d-9409-a52f552d4425.jpg 1164w\" sizes=\"auto, (max-width: 1024px) 100vw, 1024px\" \/><\/figure>\n","protected":false},"excerpt":{"rendered":"<p>Valle de Santiago, Gto.- \u2014 Dos personas heridas son el saldo de un accidente vial en la carretera<\/p>\n","protected":false},"author":1,"featured_media":11370,"comment_status":"open","ping_status":"open","sticky":false,"template":"","format":"standard","meta":{"jetpack_post_was_ever_published":false,"_jetpack_newsletter_access":"","_jetpack_dont_email_post_to_subs":false,"_jetpack_newsletter_tier_id":0,"_jetpack_memberships_contains_paywalled_content":false,"_jetpack_memberships_contains_paid_content":false,"footnotes":"","jetpack_publicize_message":"","jetpack_publicize_feature_enabled":false,"jetpack_social_post_already_shared":false,"jetpack_social_options":{"image_generator_settings":{"template":"highway","enabled":false},"version":2}},"categories":[48,39],"tags":[51,22],"class_list":["post-11368","post","type-post","status-publish","format-standard","has-post-thumbnail","hentry","category-policiaca","category-valle-de-santiago","tag-estado","tag-valle"],"jetpack_publicize_connections":[],"jetpack_sharing_enabled":true,"jetpack_featured_media_url":"https:\/\/periodiconuevomilenio.com\/wp-content\/uploads\/2024\/01\/693d3911-e0a3-4883-bbd1-e2c4e3bcfb78.jpg","_links":{"self":[{"href":"https:\/\/periodiconuevomilenio.com\/index.php\/wp-json\/wp\/v2\/posts\/11368","targetHints":{"allow":["GET"]}}],"collection":[{"href":"https:\/\/periodiconuevomilenio.com\/index.php\/wp-json\/wp\/v2\/posts"}],"about":[{"href":"https:\/\/periodiconuevomilenio.com\/index.php\/wp-json\/wp\/v2\/types\/post"}],"author":[{"embeddable":true,"href":"https:\/\/periodiconuevomilenio.com\/index.php\/wp-json\/wp\/v2\/users\/1"}],"replies":[{"embeddable":true,"href":"https:\/\/periodiconuevomilenio.com\/index.php\/wp-json\/wp\/v2\/comments?post=11368"}],"version-history":[{"count":1,"href":"https:\/\/periodiconuevomilenio.com\/index.php\/wp-json\/wp\/v2\/posts\/11368\/revisions"}],"predecessor-version":[{"id":11371,"href":"https:\/\/periodiconuevomilenio.com\/index.php\/wp-json\/wp\/v2\/posts\/11368\/revisions\/11371"}],"wp:featuredmedia":[{"embeddable":true,"href":"https:\/\/periodiconuevomilenio.com\/index.php\/wp-json\/wp\/v2\/media\/11370"}],"wp:attachment":[{"href":"https:\/\/periodiconuevomilenio.com\/index.php\/wp-json\/wp\/v2\/media?parent=11368"}],"wp:term":[{"taxonomy":"category","embeddable":true,"href":"https:\/\/periodiconuevomilenio.com\/index.php\/wp-json\/wp\/v2\/categories?post=11368"},{"taxonomy":"post_tag","embeddable":true,"href":"https:\/\/periodiconuevomilenio.com\/index.php\/wp-json\/wp\/v2\/tags?post=11368"}],"curies":[{"name":"wp","href":"https:\/\/api.w.org\/{rel}","templated":true}]}}