{"id":11634,"date":"2024-02-01T21:55:51","date_gmt":"2024-02-02T03:55:51","guid":{"rendered":"https:\/\/periodiconuevomilenio.com\/?p=11634"},"modified":"2024-02-01T21:55:53","modified_gmt":"2024-02-02T03:55:53","slug":"el-amigo-es-declarado-penalmente-responsable-por-el-asesinato-de-una-mujer-y-sentenciado-a-26-anos-de-carcel","status":"publish","type":"post","link":"https:\/\/periodiconuevomilenio.com\/index.php\/2024\/02\/01\/el-amigo-es-declarado-penalmente-responsable-por-el-asesinato-de-una-mujer-y-sentenciado-a-26-anos-de-carcel\/","title":{"rendered":"\u201cEl Amigo\u201d es declarado penalmente responsable por el asesinato de una mujer y sentenciado a 26 a\u00f1os de c\u00e1rcel."},"content":{"rendered":"\n<p>San Miguel de Allende, Gto. 01 de febrero de 2024.- El sujeto que mat\u00f3 a Karen de la Paz \u201cN\u201d, la tarde del 31 de julio de 2021 en la colonia Adolfo L\u00f3pez Mateos, ha sido sentenciado y permanecer\u00e1 en la c\u00e1rcel.<\/p>\n\n\n\n<p>La Fiscal\u00eda de Guanajuato esclareci\u00f3 los hechos con evidencias basadas en pruebas cient\u00edficas para fundamentar esta decisi\u00f3n.<\/p>\n\n\n\n<p>La citada sentencia condenatoria para AAR\u00d3N EDUARDO \u201cN\u201d por el delito de homicidio calificado, es el resultado de las indagatorias que el Ministerio P\u00fablico expuso ante el juez, a partir de la l\u00ednea de investigaci\u00f3n sobre evidencia cient\u00edfica.<\/p>\n\n\n\n<p>En la presentaci\u00f3n de los hechos se\u00f1alados en el cuadro de apertura y debatido por la Fiscal\u00eda, el acusado y la v\u00edctima se encontraban en 31 de julio en el interior de un domicilio en la calle Tabasco de la colonia Adolfo L\u00f3pez Mateos, en San Miguel de Allende, ah\u00ed se perpetr\u00f3 el crimen.<\/p>\n\n\n\n<p>Investigadores y peritos de la Fiscal\u00eda Regional, llevaron a cabo el desahogo de pruebas entre entrevistas, reportes de criminalistas, resultados de laboratorio, evidencias f\u00edsicas, entre otros.<\/p>\n\n\n\n<p>Lo anterior condujo a la detenci\u00f3n de AAR\u00d3N EDUARDO \u201cN\u201d, apodado \u201cEl Amigo\u201d, quien fue notificado de la sentencia de 26 a\u00f1os en prisi\u00f3n como pena privativa, sin tener beneficios ni sustitutos procesales por el delito de homicidio calificado.<\/p>\n\n\n\n<figure class=\"wp-block-image size-large\"><img loading=\"lazy\" decoding=\"async\" width=\"819\" height=\"1024\" src=\"https:\/\/periodiconuevomilenio.com\/wp-content\/uploads\/2024\/02\/4ac036b9-d9b8-4450-a5a0-9c4bd3ae0c33-819x1024.jpg\" alt=\"\" class=\"wp-image-11635\" srcset=\"https:\/\/periodiconuevomilenio.com\/wp-content\/uploads\/2024\/02\/4ac036b9-d9b8-4450-a5a0-9c4bd3ae0c33-819x1024.jpg 819w, https:\/\/periodiconuevomilenio.com\/wp-content\/uploads\/2024\/02\/4ac036b9-d9b8-4450-a5a0-9c4bd3ae0c33-240x300.jpg 240w, https:\/\/periodiconuevomilenio.com\/wp-content\/uploads\/2024\/02\/4ac036b9-d9b8-4450-a5a0-9c4bd3ae0c33-768x960.jpg 768w, https:\/\/periodiconuevomilenio.com\/wp-content\/uploads\/2024\/02\/4ac036b9-d9b8-4450-a5a0-9c4bd3ae0c33.jpg 1024w\" sizes=\"auto, (max-width: 819px) 100vw, 819px\" \/><\/figure>\n\n\n","protected":false},"excerpt":{"rendered":"<p>San Miguel de Allende, Gto. 01 de febrero de 2024.- El sujeto que mat\u00f3 a Karen de la<\/p>\n","protected":false},"author":1,"featured_media":11635,"comment_status":"open","ping_status":"open","sticky":false,"template":"","format":"standard","meta":{"jetpack_post_was_ever_published":false,"_jetpack_newsletter_access":"","_jetpack_dont_email_post_to_subs":false,"_jetpack_newsletter_tier_id":0,"_jetpack_memberships_contains_paywalled_content":false,"_jetpack_memberships_contains_paid_content":false,"footnotes":"","jetpack_publicize_message":"","jetpack_publicize_feature_enabled":false,"jetpack_social_post_already_shared":false,"jetpack_social_options":{"image_generator_settings":{"template":"highway","enabled":false},"version":2}},"categories":[31,48],"tags":[51],"class_list":["post-11634","post","type-post","status-publish","format-standard","has-post-thumbnail","hentry","category-estado","category-policiaca","tag-estado"],"jetpack_publicize_connections":[],"jetpack_sharing_enabled":true,"jetpack_featured_media_url":"https:\/\/periodiconuevomilenio.com\/wp-content\/uploads\/2024\/02\/4ac036b9-d9b8-4450-a5a0-9c4bd3ae0c33.jpg","_links":{"self":[{"href":"https:\/\/periodiconuevomilenio.com\/index.php\/wp-json\/wp\/v2\/posts\/11634","targetHints":{"allow":["GET"]}}],"collection":[{"href":"https:\/\/periodiconuevomilenio.com\/index.php\/wp-json\/wp\/v2\/posts"}],"about":[{"href":"https:\/\/periodiconuevomilenio.com\/index.php\/wp-json\/wp\/v2\/types\/post"}],"author":[{"embeddable":true,"href":"https:\/\/periodiconuevomilenio.com\/index.php\/wp-json\/wp\/v2\/users\/1"}],"replies":[{"embeddable":true,"href":"https:\/\/periodiconuevomilenio.com\/index.php\/wp-json\/wp\/v2\/comments?post=11634"}],"version-history":[{"count":1,"href":"https:\/\/periodiconuevomilenio.com\/index.php\/wp-json\/wp\/v2\/posts\/11634\/revisions"}],"predecessor-version":[{"id":11636,"href":"https:\/\/periodiconuevomilenio.com\/index.php\/wp-json\/wp\/v2\/posts\/11634\/revisions\/11636"}],"wp:featuredmedia":[{"embeddable":true,"href":"https:\/\/periodiconuevomilenio.com\/index.php\/wp-json\/wp\/v2\/media\/11635"}],"wp:attachment":[{"href":"https:\/\/periodiconuevomilenio.com\/index.php\/wp-json\/wp\/v2\/media?parent=11634"}],"wp:term":[{"taxonomy":"category","embeddable":true,"href":"https:\/\/periodiconuevomilenio.com\/index.php\/wp-json\/wp\/v2\/categories?post=11634"},{"taxonomy":"post_tag","embeddable":true,"href":"https:\/\/periodiconuevomilenio.com\/index.php\/wp-json\/wp\/v2\/tags?post=11634"}],"curies":[{"name":"wp","href":"https:\/\/api.w.org\/{rel}","templated":true}]}}