{"id":11665,"date":"2024-02-05T23:58:31","date_gmt":"2024-02-06T05:58:31","guid":{"rendered":"https:\/\/periodiconuevomilenio.com\/?p=11665"},"modified":"2024-02-05T23:58:34","modified_gmt":"2024-02-06T05:58:34","slug":"invitana-la-ciudadania-que-aun-no-recogen-su-nueva-ine-en-el-modulo-que-la-solicitaron-para-que-vayan-por-ella-antes-del-14-de-marzo","status":"publish","type":"post","link":"https:\/\/periodiconuevomilenio.com\/index.php\/2024\/02\/05\/invitana-la-ciudadania-que-aun-no-recogen-su-nueva-ine-en-el-modulo-que-la-solicitaron-para-que-vayan-por-ella-antes-del-14-de-marzo\/","title":{"rendered":"invitana la ciudadan\u00eda que a\u00fan no recogen su nueva INE en el M\u00f3dulo que la solicitaron, para que vayan por ella antes del 14 de marzo"},"content":{"rendered":"\n<p>El Vocal Eje<a><\/a>cutivo, el Mtro. Alejandro Elizarrar\u00e1s Corona y el Vocal del Registro Federal de Electores, el Lic. Jorge Amado Vergara Campos de la 13 Junta Distrital Ejecutiva;invitana la ciudadan\u00eda que a\u00fan no recogen su nueva INE en el M\u00f3dulo que la solicitaron, para que vayan por ella <strong><u>antes del 14 de marzo<\/u><\/strong>, porque despu\u00e9s de ese d\u00eda no podr\u00e1n obtenerla hasta que pasen las votaciones, asimismo no podr\u00e1n participar en las elecciones del 2 de junio pr\u00f3ximo.<\/p>\n\n\n\n<p>El Vocal del Registro Federal de Electores de la 13 Junta Distrital, el Lic. Jorge Amado Vergara Campos inform\u00f3 que el tr\u00e1mite para recogerla es muy sencillo y r\u00e1pido. Aclar\u00f3 que la \u00fanica INE con la que las personas ciudadanas podr\u00e1n votar el 2 de junio es la que se encuentra en el M\u00f3dulo; si tienen una anterior, les ser\u00e1 rechazada en las casillas electorales; de all\u00ed la importancia de recogerla antes del 14 de marzo.<\/p>\n\n\n\n<p>Para lo cual, El m\u00f3dulo de atenci\u00f3n ciudadana en Valle de Santiago, se ubica en Calle \u00c1lvaro Obreg\u00f3n 83b, Zona Centro.<\/p>\n\n\n\n<p><strong>De <\/strong><strong>LUNES a VIERNES de <\/strong><strong>08:00 a. m. a <\/strong><strong>03:00 p. m.<\/strong><\/p>\n\n\n\n<p><strong>S\u00c1BADOS <\/strong><strong>de febrero, 2 y 9 de marzo<\/strong><\/p>\n\n\n\n<p><strong>DOMINGO<\/strong><strong> 3 y 10 de marzo<\/strong><\/p>\n\n\n\n<p><strong>&nbsp;<\/strong><strong>de <\/strong><strong>9:00 <\/strong><strong>a.m. a <\/strong><strong>4:00<\/strong><strong> p.m.<\/strong><\/p>\n\n\n\n<h3 class=\"wp-block-heading\">&nbsp;<\/h3>\n\n\n\n<h3 class=\"wp-block-heading\">Para mayores informes: oficinas de la Junta Distrital 13 Ejecutiva en C. Salvador D\u00edaz Mir\u00f3n, No. 24, Zona Centro, C.P. 38400 en Valle de Santiago, Gto. y en <a href=\"https:\/\/www.facebook.com\/INEGuanajuato13JDE\">https:\/\/www.facebook.com\/INEGuanajuato13JDE<\/a> y <a href=\"https:\/\/twitter.com\/INEGto13JDE\">https:\/\/twitter.com\/INEGto13JDE<\/a><\/h3>\n\n\n\n<figure class=\"wp-block-image size-full\"><img loading=\"lazy\" decoding=\"async\" width=\"783\" height=\"782\" src=\"https:\/\/periodiconuevomilenio.com\/wp-content\/uploads\/2024\/02\/INE.jpg\" alt=\"\" class=\"wp-image-11666\" srcset=\"https:\/\/periodiconuevomilenio.com\/wp-content\/uploads\/2024\/02\/INE.jpg 783w, https:\/\/periodiconuevomilenio.com\/wp-content\/uploads\/2024\/02\/INE-300x300.jpg 300w, https:\/\/periodiconuevomilenio.com\/wp-content\/uploads\/2024\/02\/INE-150x150.jpg 150w, https:\/\/periodiconuevomilenio.com\/wp-content\/uploads\/2024\/02\/INE-768x767.jpg 768w, https:\/\/periodiconuevomilenio.com\/wp-content\/uploads\/2024\/02\/INE-350x350.jpg 350w\" sizes=\"auto, (max-width: 783px) 100vw, 783px\" \/><\/figure>\n\n\n","protected":false},"excerpt":{"rendered":"<p>El Vocal Ejecutivo, el Mtro. Alejandro Elizarrar\u00e1s Corona y el Vocal del Registro Federal de Electores, el Lic.<\/p>\n","protected":false},"author":1,"featured_media":11666,"comment_status":"open","ping_status":"open","sticky":false,"template":"","format":"standard","meta":{"jetpack_post_was_ever_published":false,"_jetpack_newsletter_access":"","_jetpack_dont_email_post_to_subs":false,"_jetpack_newsletter_tier_id":0,"_jetpack_memberships_contains_paywalled_content":false,"_jetpack_memberships_contains_paid_content":false,"footnotes":"","jetpack_publicize_message":"","jetpack_publicize_feature_enabled":false,"jetpack_social_post_already_shared":false,"jetpack_social_options":{"image_generator_settings":{"template":"highway","enabled":false},"version":2}},"categories":[39],"tags":[22],"class_list":["post-11665","post","type-post","status-publish","format-standard","has-post-thumbnail","hentry","category-valle-de-santiago","tag-valle"],"jetpack_publicize_connections":[],"jetpack_sharing_enabled":true,"jetpack_featured_media_url":"https:\/\/periodiconuevomilenio.com\/wp-content\/uploads\/2024\/02\/INE.jpg","_links":{"self":[{"href":"https:\/\/periodiconuevomilenio.com\/index.php\/wp-json\/wp\/v2\/posts\/11665","targetHints":{"allow":["GET"]}}],"collection":[{"href":"https:\/\/periodiconuevomilenio.com\/index.php\/wp-json\/wp\/v2\/posts"}],"about":[{"href":"https:\/\/periodiconuevomilenio.com\/index.php\/wp-json\/wp\/v2\/types\/post"}],"author":[{"embeddable":true,"href":"https:\/\/periodiconuevomilenio.com\/index.php\/wp-json\/wp\/v2\/users\/1"}],"replies":[{"embeddable":true,"href":"https:\/\/periodiconuevomilenio.com\/index.php\/wp-json\/wp\/v2\/comments?post=11665"}],"version-history":[{"count":1,"href":"https:\/\/periodiconuevomilenio.com\/index.php\/wp-json\/wp\/v2\/posts\/11665\/revisions"}],"predecessor-version":[{"id":11667,"href":"https:\/\/periodiconuevomilenio.com\/index.php\/wp-json\/wp\/v2\/posts\/11665\/revisions\/11667"}],"wp:featuredmedia":[{"embeddable":true,"href":"https:\/\/periodiconuevomilenio.com\/index.php\/wp-json\/wp\/v2\/media\/11666"}],"wp:attachment":[{"href":"https:\/\/periodiconuevomilenio.com\/index.php\/wp-json\/wp\/v2\/media?parent=11665"}],"wp:term":[{"taxonomy":"category","embeddable":true,"href":"https:\/\/periodiconuevomilenio.com\/index.php\/wp-json\/wp\/v2\/categories?post=11665"},{"taxonomy":"post_tag","embeddable":true,"href":"https:\/\/periodiconuevomilenio.com\/index.php\/wp-json\/wp\/v2\/tags?post=11665"}],"curies":[{"name":"wp","href":"https:\/\/api.w.org\/{rel}","templated":true}]}}