{"id":11716,"date":"2024-02-07T20:36:57","date_gmt":"2024-02-08T02:36:57","guid":{"rendered":"https:\/\/periodiconuevomilenio.com\/?p=11716"},"modified":"2024-02-07T20:36:59","modified_gmt":"2024-02-08T02:36:59","slug":"anuncia-fiscal-carlos-zamarripa-construccion-del-tercer-centro-regional-de-procuracion-de-justicia-de-la-fiscalia-de-guanajuato","status":"publish","type":"post","link":"https:\/\/periodiconuevomilenio.com\/index.php\/2024\/02\/07\/anuncia-fiscal-carlos-zamarripa-construccion-del-tercer-centro-regional-de-procuracion-de-justicia-de-la-fiscalia-de-guanajuato\/","title":{"rendered":"Anuncia Fiscal Carlos Zamarripa construcci\u00f3n del tercer Centro Regional de Procuraci\u00f3n de Justicia de la Fiscal\u00eda de Guanajuato."},"content":{"rendered":"\n<p>\u2022 Con sede en Yuriria, el complejo albergar\u00e1 instalaciones funcionales para personal ministerial y atender a ciudadanos de Morole\u00f3n y Uriangato.<br><br>Yuriria, Gto., 07 de febrero de 2024.- El Fiscal Carlos Zamarripa Aguirre anunci\u00f3 la construcci\u00f3n del tercer Centro Regional de Procuraci\u00f3n de Justicia de la Fiscal\u00eda de Guanajuato, que albergar\u00e1 instalaciones funcionales para personal ministerial y atender a ciudadanos de Yuriria, Morole\u00f3n y Uriangato.<br><br>El inmueble, \u00fanico en su tipo en la Regi\u00f3n, estar\u00e1 integrado por personal profesional y especializado, con capacidades adecuadas para satisfacer las demandas de procuraci\u00f3n de justicia de la ciudadan\u00eda.<br><br>En reuni\u00f3n con miembros del cabildo y la alcaldesa Ma. De los \u00c1ngeles L\u00f3pez Bedolla, el titular de la Fiscal\u00eda de Guanajuato agradeci\u00f3 al municipio la donaci\u00f3n de un terreno de dos hect\u00e1reas para cumplir este objetivo.<br><br>Dijo que la instalaci\u00f3n a construir, tercero que se construye en Guanajuato, despu\u00e9s de los edificios de Pur\u00edsima del Rinc\u00f3n y P\u00e9njamo, contar\u00e1 con espacios para el funcionamiento de \u00e1reas como la Unidad de Robo a Casa Habitaci\u00f3n; M\u00f3dulos de Atenci\u00f3n Primaria; Unidad de An\u00e1lisis y Resoluci\u00f3n Temprana; Mediaci\u00f3n y Conciliaci\u00f3n; Medidas Cautelares; Unidad de Tramitaci\u00f3n Com\u00fan; Unidad de Litigaci\u00f3n, m\u00f3dulos de expedici\u00f3n de cartas de antecedentes penales, revisi\u00f3n vehicular y otras \u00e1reas de la Agencia de Investigaci\u00f3n Criminal.<\/p>\n\n\n\n<figure class=\"wp-block-gallery has-nested-images columns-default is-cropped wp-block-gallery-1 is-layout-flex wp-block-gallery-is-layout-flex\">\n<figure class=\"wp-block-image size-large\"><img loading=\"lazy\" decoding=\"async\" width=\"1024\" height=\"682\" data-id=\"11718\" src=\"https:\/\/periodiconuevomilenio.com\/wp-content\/uploads\/2024\/02\/IMAGEN-FGE-037-2024.5-1024x682.jpg\" alt=\"\" class=\"wp-image-11718\" srcset=\"https:\/\/periodiconuevomilenio.com\/wp-content\/uploads\/2024\/02\/IMAGEN-FGE-037-2024.5-1024x682.jpg 1024w, https:\/\/periodiconuevomilenio.com\/wp-content\/uploads\/2024\/02\/IMAGEN-FGE-037-2024.5-300x200.jpg 300w, https:\/\/periodiconuevomilenio.com\/wp-content\/uploads\/2024\/02\/IMAGEN-FGE-037-2024.5-768x512.jpg 768w, https:\/\/periodiconuevomilenio.com\/wp-content\/uploads\/2024\/02\/IMAGEN-FGE-037-2024.5.jpg 1280w\" sizes=\"auto, (max-width: 1024px) 100vw, 1024px\" \/><\/figure>\n\n\n\n<figure class=\"wp-block-image size-large\"><img loading=\"lazy\" decoding=\"async\" width=\"1024\" height=\"682\" data-id=\"11717\" src=\"https:\/\/periodiconuevomilenio.com\/wp-content\/uploads\/2024\/02\/IMAGEN-FGE-037-2024.3-1024x682.jpg\" alt=\"\" class=\"wp-image-11717\" srcset=\"https:\/\/periodiconuevomilenio.com\/wp-content\/uploads\/2024\/02\/IMAGEN-FGE-037-2024.3-1024x682.jpg 1024w, https:\/\/periodiconuevomilenio.com\/wp-content\/uploads\/2024\/02\/IMAGEN-FGE-037-2024.3-300x200.jpg 300w, https:\/\/periodiconuevomilenio.com\/wp-content\/uploads\/2024\/02\/IMAGEN-FGE-037-2024.3-768x512.jpg 768w, https:\/\/periodiconuevomilenio.com\/wp-content\/uploads\/2024\/02\/IMAGEN-FGE-037-2024.3.jpg 1280w\" sizes=\"auto, (max-width: 1024px) 100vw, 1024px\" \/><\/figure>\n<\/figure>\n\n\n\n<p><br><br>Carlos Zamarripa Aguirre reconoci\u00f3 aqu\u00ed la visi\u00f3n de colaboraci\u00f3n y conjunci\u00f3n de esfuerzos de la autoridad municipal en la tarea de procurar justicia.<br><br>\u201cEn la Fiscal\u00eda General del Estado compartimos y somos conscientes de lo que conlleva investigar y perseguir delitos en todo el territorio estatal y esta tarea no podr\u00eda lograrse sin el apoyo de autoridades ocupadas y preocupadas, como el \u00a0Ayuntamiento de Yuriria y la alcaldesa Mar\u00eda de los \u00c1ngeles, por apoyar las condiciones y cumplir este objetivo\u201d, subray\u00f3.<br><br>Previo al acuerdo de donaci\u00f3n aprobado, el Fiscal explic\u00f3 los alcances, las fechas probables de inicio y t\u00e9rmino, los metros de construcci\u00f3n, la consistencia de espacios, entre otros detalles.<br><br>Se hizo menci\u00f3n en la condici\u00f3n de disponer de espacios f\u00edsicos funcionales para la actividad procuradora de justicia, estructurados de tal manera que se permita el desarrollo efectivo de las diversas actividades que conlleva la tarea ministerial, la atenci\u00f3n decorosa y digna de las v\u00edctimas, as\u00ed como la prestaci\u00f3n de servicios disponibles para la poblaci\u00f3n de cuatro municipios.<br><br>A su vez, la alcaldesa agradeci\u00f3 el esfuerzo por la construcci\u00f3n del Centro Regional de Procuraci\u00f3n de Justicia.<\/p>\n","protected":false},"excerpt":{"rendered":"<p>\u2022 Con sede en Yuriria, el complejo albergar\u00e1 instalaciones funcionales para personal ministerial y atender a ciudadanos de<\/p>\n","protected":false},"author":1,"featured_media":11717,"comment_status":"open","ping_status":"open","sticky":false,"template":"","format":"standard","meta":{"jetpack_post_was_ever_published":false,"_jetpack_newsletter_access":"","_jetpack_dont_email_post_to_subs":false,"_jetpack_newsletter_tier_id":0,"_jetpack_memberships_contains_paywalled_content":false,"_jetpack_memberships_contains_paid_content":false,"footnotes":"","jetpack_publicize_message":"","jetpack_publicize_feature_enabled":false,"jetpack_social_post_already_shared":false,"jetpack_social_options":{"image_generator_settings":{"template":"highway","enabled":false},"version":2}},"categories":[31,40],"tags":[51,30],"class_list":["post-11716","post","type-post","status-publish","format-standard","has-post-thumbnail","hentry","category-estado","category-yuriria","tag-estado","tag-yuriria"],"jetpack_publicize_connections":[],"jetpack_sharing_enabled":true,"jetpack_featured_media_url":"https:\/\/periodiconuevomilenio.com\/wp-content\/uploads\/2024\/02\/IMAGEN-FGE-037-2024.3.jpg","_links":{"self":[{"href":"https:\/\/periodiconuevomilenio.com\/index.php\/wp-json\/wp\/v2\/posts\/11716","targetHints":{"allow":["GET"]}}],"collection":[{"href":"https:\/\/periodiconuevomilenio.com\/index.php\/wp-json\/wp\/v2\/posts"}],"about":[{"href":"https:\/\/periodiconuevomilenio.com\/index.php\/wp-json\/wp\/v2\/types\/post"}],"author":[{"embeddable":true,"href":"https:\/\/periodiconuevomilenio.com\/index.php\/wp-json\/wp\/v2\/users\/1"}],"replies":[{"embeddable":true,"href":"https:\/\/periodiconuevomilenio.com\/index.php\/wp-json\/wp\/v2\/comments?post=11716"}],"version-history":[{"count":1,"href":"https:\/\/periodiconuevomilenio.com\/index.php\/wp-json\/wp\/v2\/posts\/11716\/revisions"}],"predecessor-version":[{"id":11719,"href":"https:\/\/periodiconuevomilenio.com\/index.php\/wp-json\/wp\/v2\/posts\/11716\/revisions\/11719"}],"wp:featuredmedia":[{"embeddable":true,"href":"https:\/\/periodiconuevomilenio.com\/index.php\/wp-json\/wp\/v2\/media\/11717"}],"wp:attachment":[{"href":"https:\/\/periodiconuevomilenio.com\/index.php\/wp-json\/wp\/v2\/media?parent=11716"}],"wp:term":[{"taxonomy":"category","embeddable":true,"href":"https:\/\/periodiconuevomilenio.com\/index.php\/wp-json\/wp\/v2\/categories?post=11716"},{"taxonomy":"post_tag","embeddable":true,"href":"https:\/\/periodiconuevomilenio.com\/index.php\/wp-json\/wp\/v2\/tags?post=11716"}],"curies":[{"name":"wp","href":"https:\/\/api.w.org\/{rel}","templated":true}]}}