{"id":11765,"date":"2024-02-09T00:38:11","date_gmt":"2024-02-09T06:38:11","guid":{"rendered":"https:\/\/periodiconuevomilenio.com\/?p=11765"},"modified":"2024-02-09T00:38:13","modified_gmt":"2024-02-09T06:38:13","slug":"sonaron-balazos-en-la-calle-libertad","status":"publish","type":"post","link":"https:\/\/periodiconuevomilenio.com\/index.php\/2024\/02\/09\/sonaron-balazos-en-la-calle-libertad\/","title":{"rendered":"Sonaron balazos en la calle Libertad."},"content":{"rendered":"\n<p>Hay una persona herida de gravedad.<\/p>\n\n\n\n<p>Valle de Santiago, Gto.- Un ataque&nbsp; a&nbsp; balazos&nbsp; se registr\u00f3 esta tarde en la calle Libertad, casi esquina con Andr\u00e9s Tamayo, donde un masculino result\u00f3 herido por impactos de arma de fuego y fue trasladado grave al hospital.<\/p>\n\n\n\n<p>Fue al filo de las cinco de la tarde con 6 minutos de este jueves 8 de febrero, cuando se recibi\u00f3 una llamada al sistema de emergencia 911, poniendo en alerta a la polic\u00eda porque se hab\u00edan escuchado disparos de arma de fuego y al parecer hab\u00eda una persona lesionada.<\/p>\n\n\n\n<p>La polic\u00eda se traslad\u00f3 al lugar indicado, percat\u00e1ndose de que sobre la calle Libertad, a la altura del n\u00famero 160E, se encontraban da\u00f1os al inmueble en puerta y fachada por proyectil de arma de fuego.<\/p>\n\n\n\n<p>&nbsp;As\u00ed mismo, en&nbsp; el interior del inmueble se localiza a una persona del sexo masculino herida por proyectil de arma de fuego, por lo cual se solicita el apoyo de los cuerpos de emergencia, arribando al lugar param\u00e9dicos de Bomberos, los cuales trasladan al herido al hospital para atenci\u00f3n m\u00e9dica, mismo en c\u00f3digo rojo.<\/p>\n\n\n\n<p>Por lo que se acordona el \u00e1rea y se procede a dar aviso a las autoridades de la fiscal\u00eda del estado que acudieron al lugar para abrir una carpeta de investigaci\u00f3n en torno a estos hechos.<\/p>\n\n\n\n<figure class=\"wp-block-gallery has-nested-images columns-default is-cropped wp-block-gallery-1 is-layout-flex wp-block-gallery-is-layout-flex\">\n<figure class=\"wp-block-image size-large\"><img loading=\"lazy\" decoding=\"async\" width=\"639\" height=\"456\" data-id=\"11766\" src=\"https:\/\/periodiconuevomilenio.com\/wp-content\/uploads\/2024\/02\/7ca66ba9-8b3d-4f10-a336-22d46dd19e72.jpg\" alt=\"\" class=\"wp-image-11766\" srcset=\"https:\/\/periodiconuevomilenio.com\/wp-content\/uploads\/2024\/02\/7ca66ba9-8b3d-4f10-a336-22d46dd19e72.jpg 639w, https:\/\/periodiconuevomilenio.com\/wp-content\/uploads\/2024\/02\/7ca66ba9-8b3d-4f10-a336-22d46dd19e72-300x214.jpg 300w\" sizes=\"auto, (max-width: 639px) 100vw, 639px\" \/><\/figure>\n\n\n\n<figure class=\"wp-block-image size-large\"><img loading=\"lazy\" decoding=\"async\" width=\"1024\" height=\"599\" data-id=\"11767\" src=\"https:\/\/periodiconuevomilenio.com\/wp-content\/uploads\/2024\/02\/c73c717c-2e0e-483d-ab89-6453eceb512f-1024x599.jpg\" alt=\"\" class=\"wp-image-11767\" srcset=\"https:\/\/periodiconuevomilenio.com\/wp-content\/uploads\/2024\/02\/c73c717c-2e0e-483d-ab89-6453eceb512f-1024x599.jpg 1024w, https:\/\/periodiconuevomilenio.com\/wp-content\/uploads\/2024\/02\/c73c717c-2e0e-483d-ab89-6453eceb512f-300x175.jpg 300w, https:\/\/periodiconuevomilenio.com\/wp-content\/uploads\/2024\/02\/c73c717c-2e0e-483d-ab89-6453eceb512f-768x449.jpg 768w, https:\/\/periodiconuevomilenio.com\/wp-content\/uploads\/2024\/02\/c73c717c-2e0e-483d-ab89-6453eceb512f.jpg 1192w\" sizes=\"auto, (max-width: 1024px) 100vw, 1024px\" \/><\/figure>\n<\/figure>\n\n\n","protected":false},"excerpt":{"rendered":"<p>Hay una persona herida de gravedad. Valle de Santiago, Gto.- Un ataque&nbsp; a&nbsp; balazos&nbsp; se registr\u00f3 esta tarde<\/p>\n","protected":false},"author":1,"featured_media":11766,"comment_status":"open","ping_status":"open","sticky":false,"template":"","format":"standard","meta":{"jetpack_post_was_ever_published":false,"_jetpack_newsletter_access":"","_jetpack_dont_email_post_to_subs":false,"_jetpack_newsletter_tier_id":0,"_jetpack_memberships_contains_paywalled_content":false,"_jetpack_memberships_contains_paid_content":false,"footnotes":"","jetpack_publicize_message":"","jetpack_publicize_feature_enabled":false,"jetpack_social_post_already_shared":false,"jetpack_social_options":{"image_generator_settings":{"template":"highway","enabled":false},"version":2}},"categories":[48,39],"tags":[22],"class_list":["post-11765","post","type-post","status-publish","format-standard","has-post-thumbnail","hentry","category-policiaca","category-valle-de-santiago","tag-valle"],"jetpack_publicize_connections":[],"jetpack_sharing_enabled":true,"jetpack_featured_media_url":"https:\/\/periodiconuevomilenio.com\/wp-content\/uploads\/2024\/02\/7ca66ba9-8b3d-4f10-a336-22d46dd19e72.jpg","_links":{"self":[{"href":"https:\/\/periodiconuevomilenio.com\/index.php\/wp-json\/wp\/v2\/posts\/11765","targetHints":{"allow":["GET"]}}],"collection":[{"href":"https:\/\/periodiconuevomilenio.com\/index.php\/wp-json\/wp\/v2\/posts"}],"about":[{"href":"https:\/\/periodiconuevomilenio.com\/index.php\/wp-json\/wp\/v2\/types\/post"}],"author":[{"embeddable":true,"href":"https:\/\/periodiconuevomilenio.com\/index.php\/wp-json\/wp\/v2\/users\/1"}],"replies":[{"embeddable":true,"href":"https:\/\/periodiconuevomilenio.com\/index.php\/wp-json\/wp\/v2\/comments?post=11765"}],"version-history":[{"count":1,"href":"https:\/\/periodiconuevomilenio.com\/index.php\/wp-json\/wp\/v2\/posts\/11765\/revisions"}],"predecessor-version":[{"id":11768,"href":"https:\/\/periodiconuevomilenio.com\/index.php\/wp-json\/wp\/v2\/posts\/11765\/revisions\/11768"}],"wp:featuredmedia":[{"embeddable":true,"href":"https:\/\/periodiconuevomilenio.com\/index.php\/wp-json\/wp\/v2\/media\/11766"}],"wp:attachment":[{"href":"https:\/\/periodiconuevomilenio.com\/index.php\/wp-json\/wp\/v2\/media?parent=11765"}],"wp:term":[{"taxonomy":"category","embeddable":true,"href":"https:\/\/periodiconuevomilenio.com\/index.php\/wp-json\/wp\/v2\/categories?post=11765"},{"taxonomy":"post_tag","embeddable":true,"href":"https:\/\/periodiconuevomilenio.com\/index.php\/wp-json\/wp\/v2\/tags?post=11765"}],"curies":[{"name":"wp","href":"https:\/\/api.w.org\/{rel}","templated":true}]}}