{"id":11772,"date":"2024-02-09T12:19:13","date_gmt":"2024-02-09T18:19:13","guid":{"rendered":"https:\/\/periodiconuevomilenio.com\/?p=11772"},"modified":"2024-02-09T12:19:15","modified_gmt":"2024-02-09T18:19:15","slug":"jose-alberto-n","status":"publish","type":"post","link":"https:\/\/periodiconuevomilenio.com\/index.php\/2024\/02\/09\/jose-alberto-n\/","title":{"rendered":"JOS\u00c9 ALBERTO \u201cN\u201d"},"content":{"rendered":"\n<p>Sentenciado a m\u00e1s de 30 a\u00f1os en prisi\u00f3n por trata de personas.<\/p>\n\n\n\n<p>Le\u00f3n, Gto., 09 de febrero de 2024.- La intervenci\u00f3n de agentes de la Unidad Especializada en Combate a la Trata de Personas y Corrupci\u00f3n de Menores (UECOT) de la Fiscal\u00eda de Guanajuato, rescat\u00f3 y puso a salvo a una v\u00edctima de trata de personas.<\/p>\n\n\n\n<p>El responsable de estos hechos ha sido enjuiciado y la Fiscal\u00eda logr\u00f3 que fuera sentenciado a 33 a\u00f1os con 9 meses de prisi\u00f3n, tras ser hallado culpable del delito de trata de personas.<\/p>\n\n\n\n<p>Identificado como JOS\u00c9 ALBERTO \u201cN\u201d, de 44 a\u00f1os, obten\u00eda un beneficio econ\u00f3mico explotando sexualmente a la v\u00edctima.<\/p>\n\n\n\n<p>El trabajo de los Agentes de Investigaci\u00f3n Criminal orient\u00f3 la comprobaci\u00f3n y persecuci\u00f3n de la comisi\u00f3n de hechos delictivos e identificaci\u00f3n del responsable, al recibir la denuncia de la v\u00edctima.<\/p>\n\n\n\n<p>Especialistas forenses de la UECOT se dieron a la tarea de revisar cuidadosamente el contenido de la denuncia y detectaron indicios que acreditaban este hecho punible.<\/p>\n\n\n\n<p>Expertos en an\u00e1lisis forense digital y criminal\u00edstica de la Fiscal\u00eda de Guanajuato utilizaron analizaron grandes vol\u00famenes de datos y detectaron patrones indicativos de actividades relacionadas con este delito.<\/p>\n\n\n\n<p>Al identificar al acusado, se encontraron elementos de prueba que se\u00f1alaron a JOS\u00c9 ALBERTO \u201cN\u201d como responsable del delito en menci\u00f3n.<\/p>\n\n\n\n<p>El imputado fue detenido y el Agente del Ministerio P\u00fablico logr\u00f3 que fuera vinculado a proceso penal por el delito de trata de personas. Se complement\u00f3 la investigaci\u00f3n y el acusado fue llevado a juicio, donde se obtuvo una sentencia de 33 a\u00f1os con 9 meses, sin beneficios sustitutivos de la pena privativa de prisi\u00f3n.<\/p>\n\n\n\n<figure class=\"wp-block-image size-large\"><img loading=\"lazy\" decoding=\"async\" width=\"819\" height=\"1024\" src=\"https:\/\/periodiconuevomilenio.com\/wp-content\/uploads\/2024\/02\/48e01b31-9801-4b05-8aec-f4a5dbcc3054-819x1024.jpg\" alt=\"\" class=\"wp-image-11773\" srcset=\"https:\/\/periodiconuevomilenio.com\/wp-content\/uploads\/2024\/02\/48e01b31-9801-4b05-8aec-f4a5dbcc3054-819x1024.jpg 819w, https:\/\/periodiconuevomilenio.com\/wp-content\/uploads\/2024\/02\/48e01b31-9801-4b05-8aec-f4a5dbcc3054-240x300.jpg 240w, https:\/\/periodiconuevomilenio.com\/wp-content\/uploads\/2024\/02\/48e01b31-9801-4b05-8aec-f4a5dbcc3054-768x960.jpg 768w, https:\/\/periodiconuevomilenio.com\/wp-content\/uploads\/2024\/02\/48e01b31-9801-4b05-8aec-f4a5dbcc3054-1024x1280.jpg 1024w, https:\/\/periodiconuevomilenio.com\/wp-content\/uploads\/2024\/02\/48e01b31-9801-4b05-8aec-f4a5dbcc3054.jpg 1080w\" sizes=\"auto, (max-width: 819px) 100vw, 819px\" \/><\/figure>\n\n\n","protected":false},"excerpt":{"rendered":"<p>Sentenciado a m\u00e1s de 30 a\u00f1os en prisi\u00f3n por trata de personas. Le\u00f3n, Gto., 09 de febrero de<\/p>\n","protected":false},"author":1,"featured_media":11773,"comment_status":"open","ping_status":"open","sticky":false,"template":"","format":"standard","meta":{"jetpack_post_was_ever_published":false,"_jetpack_newsletter_access":"","_jetpack_dont_email_post_to_subs":false,"_jetpack_newsletter_tier_id":0,"_jetpack_memberships_contains_paywalled_content":false,"_jetpack_memberships_contains_paid_content":false,"footnotes":"","jetpack_publicize_message":"","jetpack_publicize_feature_enabled":false,"jetpack_social_post_already_shared":false,"jetpack_social_options":{"image_generator_settings":{"template":"highway","enabled":false},"version":2}},"categories":[31,48],"tags":[51],"class_list":["post-11772","post","type-post","status-publish","format-standard","has-post-thumbnail","hentry","category-estado","category-policiaca","tag-estado"],"jetpack_publicize_connections":[],"jetpack_sharing_enabled":true,"jetpack_featured_media_url":"https:\/\/periodiconuevomilenio.com\/wp-content\/uploads\/2024\/02\/48e01b31-9801-4b05-8aec-f4a5dbcc3054.jpg","_links":{"self":[{"href":"https:\/\/periodiconuevomilenio.com\/index.php\/wp-json\/wp\/v2\/posts\/11772","targetHints":{"allow":["GET"]}}],"collection":[{"href":"https:\/\/periodiconuevomilenio.com\/index.php\/wp-json\/wp\/v2\/posts"}],"about":[{"href":"https:\/\/periodiconuevomilenio.com\/index.php\/wp-json\/wp\/v2\/types\/post"}],"author":[{"embeddable":true,"href":"https:\/\/periodiconuevomilenio.com\/index.php\/wp-json\/wp\/v2\/users\/1"}],"replies":[{"embeddable":true,"href":"https:\/\/periodiconuevomilenio.com\/index.php\/wp-json\/wp\/v2\/comments?post=11772"}],"version-history":[{"count":1,"href":"https:\/\/periodiconuevomilenio.com\/index.php\/wp-json\/wp\/v2\/posts\/11772\/revisions"}],"predecessor-version":[{"id":11774,"href":"https:\/\/periodiconuevomilenio.com\/index.php\/wp-json\/wp\/v2\/posts\/11772\/revisions\/11774"}],"wp:featuredmedia":[{"embeddable":true,"href":"https:\/\/periodiconuevomilenio.com\/index.php\/wp-json\/wp\/v2\/media\/11773"}],"wp:attachment":[{"href":"https:\/\/periodiconuevomilenio.com\/index.php\/wp-json\/wp\/v2\/media?parent=11772"}],"wp:term":[{"taxonomy":"category","embeddable":true,"href":"https:\/\/periodiconuevomilenio.com\/index.php\/wp-json\/wp\/v2\/categories?post=11772"},{"taxonomy":"post_tag","embeddable":true,"href":"https:\/\/periodiconuevomilenio.com\/index.php\/wp-json\/wp\/v2\/tags?post=11772"}],"curies":[{"name":"wp","href":"https:\/\/api.w.org\/{rel}","templated":true}]}}