{"id":11782,"date":"2024-02-09T21:56:28","date_gmt":"2024-02-10T03:56:28","guid":{"rendered":"https:\/\/periodiconuevomilenio.com\/?p=11782"},"modified":"2024-02-09T21:56:31","modified_gmt":"2024-02-10T03:56:31","slug":"tres-mil-soldados-mas-para-guanajuato","status":"publish","type":"post","link":"https:\/\/periodiconuevomilenio.com\/index.php\/2024\/02\/09\/tres-mil-soldados-mas-para-guanajuato\/","title":{"rendered":"Tres mil soldados m\u00e1s Para \u00a0Guanajuato"},"content":{"rendered":"\n<p>La XVI Zona Militar recibe 3 mil elementos de la Fuerza de Tarea Conjunta M\u00e9xico para combatir la delincuencia en municipios con alta incidencia delictiva de varios municipios de Guanajuato.<\/p>\n\n\n\n<p>El estado de Guanajuato forma parte de una estrategia federal de combate a la delincuencia organizada,<strong>&nbsp;cada d\u00eda elementos del Ej\u00e9rcito Mexicano y la Guardia Nacional realizan distintas labores que buscan prevenir e inhibir la comisi\u00f3n de delitos<\/strong>, principalmente los relacionados con la delincuencia organizada como lo son el tr\u00e1fico de armas o drogas.<\/p>\n\n\n\n<p>Este jueves llegaron&nbsp;<strong>mil 780 elementos de la Fuerza de Tarea Conjunta, y el s\u00e1bado llegar\u00e1n m\u00e1s de mil 500 m\u00e1s<\/strong>, para desplegarse en distintas zonas del estado y fortalecer de esta forma los operativos de prevenci\u00f3n y revisi\u00f3n.<\/p>\n\n\n\n<p>El capit\u00e1n segundo de artiller\u00eda&nbsp;<strong>Omar Agust\u00edn Zarco Tovar<\/strong>, explic\u00f3 que dentro del marco de esta estrategia de seguridad p\u00fablica del Gobierno Federal fue que se despleg\u00f3 la tarea conjunta M\u00e9xico.<\/p>\n\n\n\n<p>Esta \u00e1rea se encuentra integrada por elementos del Ej\u00e9rcito Mexicano y la Guardia Nacional, los agentes han sido desplegados en labores de reconocimiento y prevenci\u00f3n de manera transversal con autoridades municipales y estatales y cuentan con presencia en colonias, comunidades y caminos que se encuentran marcados como sitios de alta incidencia delictiva o bien,&nbsp;<strong>se encuentran cerca de estas zonas, cada operativo es realizado de manera planificada, pero estrat\u00e9gica de manera que adem\u00e1s de contarse con mayor cobertura territorial, puedan evitar que las operatividades sean evadidas.<\/strong><\/p>\n\n\n\n<p><em>\u201cEl objetivo de la Fuerza de Tarea Conjunta M\u00e9xico es inhibir y reducir los \u00edndices delictivos y de homicidios relacionados al crimen organizado, llevamos a cabo actividades en coordinaci\u00f3n con autoridades locales de los tres \u00f3rdenes de gobierno como patrullamientos terrestres, a pie y motorizados y la aplicaci\u00f3n de la ley federal de armas de fuego\u201d<\/em>, dijo el capit\u00e1n segundo.<\/p>\n\n\n\n<p>Adem\u00e1s se lleva a cabo el establecimiento de puestos de inspecci\u00f3n ciudadana,&nbsp;<strong>as\u00ed como actividades de proximidad social, Omar Agust\u00edn Zarco Tovar recalc\u00f3 que las labores que realiza la Fuerza de tarea Conjunta M\u00e9xico son realizadas en estricto apego a la ley, garantizando los derechos humanos.<\/strong><\/p>\n\n\n\n<p><em>\u201cDe esta manera el Ej\u00e9rcito Mexicano refrenda su compromiso con la poblaci\u00f3n de velar y salvaguardar el bienestar y la seguridad de sus ciudadanos fortaleciendo el estado de derecho\u201d.<\/em><\/p>\n\n\n\n<p>Durante la operatividad realizaron inspecci\u00f3n de algunos veh\u00edculos y personas, de esta manera pueden prevenir la comisi\u00f3n de posibles delitos.<\/p>\n\n\n\n<figure class=\"wp-block-image size-large\"><img loading=\"lazy\" decoding=\"async\" width=\"1024\" height=\"640\" src=\"https:\/\/periodiconuevomilenio.com\/wp-content\/uploads\/2024\/02\/9822473a-e4a5-4950-bd36-e15cdbdb0595-1-1024x640.jpg\" alt=\"\" class=\"wp-image-11783\" srcset=\"https:\/\/periodiconuevomilenio.com\/wp-content\/uploads\/2024\/02\/9822473a-e4a5-4950-bd36-e15cdbdb0595-1-1024x640.jpg 1024w, https:\/\/periodiconuevomilenio.com\/wp-content\/uploads\/2024\/02\/9822473a-e4a5-4950-bd36-e15cdbdb0595-1-300x187.jpg 300w, https:\/\/periodiconuevomilenio.com\/wp-content\/uploads\/2024\/02\/9822473a-e4a5-4950-bd36-e15cdbdb0595-1-768x480.jpg 768w, https:\/\/periodiconuevomilenio.com\/wp-content\/uploads\/2024\/02\/9822473a-e4a5-4950-bd36-e15cdbdb0595-1-1536x960.jpg 1536w, https:\/\/periodiconuevomilenio.com\/wp-content\/uploads\/2024\/02\/9822473a-e4a5-4950-bd36-e15cdbdb0595-1-2048x1279.jpg 2048w\" sizes=\"auto, (max-width: 1024px) 100vw, 1024px\" \/><\/figure>\n\n\n","protected":false},"excerpt":{"rendered":"<p>La XVI Zona Militar recibe 3 mil elementos de la Fuerza de Tarea Conjunta M\u00e9xico para combatir la<\/p>\n","protected":false},"author":1,"featured_media":11708,"comment_status":"open","ping_status":"open","sticky":false,"template":"","format":"standard","meta":{"jetpack_post_was_ever_published":false,"_jetpack_newsletter_access":"","_jetpack_dont_email_post_to_subs":false,"_jetpack_newsletter_tier_id":0,"_jetpack_memberships_contains_paywalled_content":false,"_jetpack_memberships_contains_paid_content":false,"footnotes":"","jetpack_publicize_message":"","jetpack_publicize_feature_enabled":false,"jetpack_social_post_already_shared":false,"jetpack_social_options":{"image_generator_settings":{"template":"highway","enabled":false},"version":2}},"categories":[31,47],"tags":[22],"class_list":["post-11782","post","type-post","status-publish","format-standard","has-post-thumbnail","hentry","category-estado","category-nacional","tag-valle"],"jetpack_publicize_connections":[],"jetpack_sharing_enabled":true,"jetpack_featured_media_url":"https:\/\/periodiconuevomilenio.com\/wp-content\/uploads\/2024\/02\/a17f8577-e256-4630-a367-ce716fbedb85-scaled.jpg","_links":{"self":[{"href":"https:\/\/periodiconuevomilenio.com\/index.php\/wp-json\/wp\/v2\/posts\/11782","targetHints":{"allow":["GET"]}}],"collection":[{"href":"https:\/\/periodiconuevomilenio.com\/index.php\/wp-json\/wp\/v2\/posts"}],"about":[{"href":"https:\/\/periodiconuevomilenio.com\/index.php\/wp-json\/wp\/v2\/types\/post"}],"author":[{"embeddable":true,"href":"https:\/\/periodiconuevomilenio.com\/index.php\/wp-json\/wp\/v2\/users\/1"}],"replies":[{"embeddable":true,"href":"https:\/\/periodiconuevomilenio.com\/index.php\/wp-json\/wp\/v2\/comments?post=11782"}],"version-history":[{"count":1,"href":"https:\/\/periodiconuevomilenio.com\/index.php\/wp-json\/wp\/v2\/posts\/11782\/revisions"}],"predecessor-version":[{"id":11784,"href":"https:\/\/periodiconuevomilenio.com\/index.php\/wp-json\/wp\/v2\/posts\/11782\/revisions\/11784"}],"wp:featuredmedia":[{"embeddable":true,"href":"https:\/\/periodiconuevomilenio.com\/index.php\/wp-json\/wp\/v2\/media\/11708"}],"wp:attachment":[{"href":"https:\/\/periodiconuevomilenio.com\/index.php\/wp-json\/wp\/v2\/media?parent=11782"}],"wp:term":[{"taxonomy":"category","embeddable":true,"href":"https:\/\/periodiconuevomilenio.com\/index.php\/wp-json\/wp\/v2\/categories?post=11782"},{"taxonomy":"post_tag","embeddable":true,"href":"https:\/\/periodiconuevomilenio.com\/index.php\/wp-json\/wp\/v2\/tags?post=11782"}],"curies":[{"name":"wp","href":"https:\/\/api.w.org\/{rel}","templated":true}]}}