{"id":11802,"date":"2024-02-09T22:55:27","date_gmt":"2024-02-10T04:55:27","guid":{"rendered":"https:\/\/periodiconuevomilenio.com\/?p=11802"},"modified":"2024-02-09T22:55:29","modified_gmt":"2024-02-10T04:55:29","slug":"sale-de-proteccion-civil-ramiro-aguilera","status":"publish","type":"post","link":"https:\/\/periodiconuevomilenio.com\/index.php\/2024\/02\/09\/sale-de-proteccion-civil-ramiro-aguilera\/","title":{"rendered":"Sale de Protecci\u00f3n Civil Ramiro Aguilera."},"content":{"rendered":"\n<p>Valle de Santiago, Gto.- Hace unos d\u00edas se registraron cambios en la administraci\u00f3n, aparte de los que ya hab\u00edamos comentado que fue la salida de V\u00edctor Flores en Desarrollo Rural y Manuel Enr\u00edquez de Desarrollo Econ\u00f3mico, tambi\u00e9n se dio la salida de Ramiro Aguilera G\u00f3mez de Protecci\u00f3n Civil y V\u00edctor Flores.<\/p>\n\n\n\n<p>Estos cambios se dieron a escasos 8 meses de que termine la administraci\u00f3n y, seg\u00fan confirmaron en comunicaci\u00f3n social, son cambios rutinarios para reforzar el trabajo que se viene desarrollando en este municipio.<\/p>\n\n\n\n<p>De las tres dependencias municipales, todos fueron movidos de su cargo, a excepci\u00f3n de Ramiro Aguilera, que qued\u00f3 fuera de la coordinaci\u00f3n de protecci\u00f3n civil luego de permanecer por poco m\u00e1s de 8 a\u00f1os al frente de esta dependencia donde se est\u00e1n dando buenos resultados.<\/p>\n\n\n\n<p>Los motivos de su separaci\u00f3n se desconocen, solo se dijo que queda como encargado de despacho Roberto Cruz, mientras que en la direcci\u00f3n de desarrollo econ\u00f3mico queda de encargado \u00c1ngel Rico, y mueven al director en desarrollo Rural a Manuel Enr\u00edquez.<\/p>\n\n\n\n<figure class=\"wp-block-image size-full\"><img loading=\"lazy\" decoding=\"async\" width=\"611\" height=\"728\" src=\"https:\/\/periodiconuevomilenio.com\/wp-content\/uploads\/2024\/02\/78b0335c-a640-4a77-a610-5daa27a750ff.jpg\" alt=\"\" class=\"wp-image-11804\" srcset=\"https:\/\/periodiconuevomilenio.com\/wp-content\/uploads\/2024\/02\/78b0335c-a640-4a77-a610-5daa27a750ff.jpg 611w, https:\/\/periodiconuevomilenio.com\/wp-content\/uploads\/2024\/02\/78b0335c-a640-4a77-a610-5daa27a750ff-252x300.jpg 252w\" sizes=\"auto, (max-width: 611px) 100vw, 611px\" \/><\/figure>\n\n\n\n<figure class=\"wp-block-image size-large\"><img loading=\"lazy\" decoding=\"async\" width=\"683\" height=\"1024\" src=\"https:\/\/periodiconuevomilenio.com\/wp-content\/uploads\/2024\/02\/img_6950-683x1024.jpg\" alt=\"\" class=\"wp-image-11803\" srcset=\"https:\/\/periodiconuevomilenio.com\/wp-content\/uploads\/2024\/02\/img_6950-683x1024.jpg 683w, https:\/\/periodiconuevomilenio.com\/wp-content\/uploads\/2024\/02\/img_6950-200x300.jpg 200w, https:\/\/periodiconuevomilenio.com\/wp-content\/uploads\/2024\/02\/img_6950-768x1152.jpg 768w, https:\/\/periodiconuevomilenio.com\/wp-content\/uploads\/2024\/02\/img_6950-1024x1536.jpg 1024w, https:\/\/periodiconuevomilenio.com\/wp-content\/uploads\/2024\/02\/img_6950-1365x2048.jpg 1365w, https:\/\/periodiconuevomilenio.com\/wp-content\/uploads\/2024\/02\/img_6950-scaled.jpg 1707w\" sizes=\"auto, (max-width: 683px) 100vw, 683px\" \/><\/figure>\n\n\n","protected":false},"excerpt":{"rendered":"<p>Valle de Santiago, Gto.- Hace unos d\u00edas se registraron cambios en la administraci\u00f3n, aparte de los que ya<\/p>\n","protected":false},"author":1,"featured_media":11803,"comment_status":"open","ping_status":"open","sticky":false,"template":"","format":"standard","meta":{"jetpack_post_was_ever_published":false,"_jetpack_newsletter_access":"","_jetpack_dont_email_post_to_subs":false,"_jetpack_newsletter_tier_id":0,"_jetpack_memberships_contains_paywalled_content":false,"_jetpack_memberships_contains_paid_content":false,"footnotes":"","jetpack_publicize_message":"","jetpack_publicize_feature_enabled":false,"jetpack_social_post_already_shared":false,"jetpack_social_options":{"image_generator_settings":{"template":"highway","enabled":false},"version":2}},"categories":[39],"tags":[22],"class_list":["post-11802","post","type-post","status-publish","format-standard","has-post-thumbnail","hentry","category-valle-de-santiago","tag-valle"],"jetpack_publicize_connections":[],"jetpack_sharing_enabled":true,"jetpack_featured_media_url":"https:\/\/periodiconuevomilenio.com\/wp-content\/uploads\/2024\/02\/img_6950-scaled.jpg","_links":{"self":[{"href":"https:\/\/periodiconuevomilenio.com\/index.php\/wp-json\/wp\/v2\/posts\/11802","targetHints":{"allow":["GET"]}}],"collection":[{"href":"https:\/\/periodiconuevomilenio.com\/index.php\/wp-json\/wp\/v2\/posts"}],"about":[{"href":"https:\/\/periodiconuevomilenio.com\/index.php\/wp-json\/wp\/v2\/types\/post"}],"author":[{"embeddable":true,"href":"https:\/\/periodiconuevomilenio.com\/index.php\/wp-json\/wp\/v2\/users\/1"}],"replies":[{"embeddable":true,"href":"https:\/\/periodiconuevomilenio.com\/index.php\/wp-json\/wp\/v2\/comments?post=11802"}],"version-history":[{"count":1,"href":"https:\/\/periodiconuevomilenio.com\/index.php\/wp-json\/wp\/v2\/posts\/11802\/revisions"}],"predecessor-version":[{"id":11805,"href":"https:\/\/periodiconuevomilenio.com\/index.php\/wp-json\/wp\/v2\/posts\/11802\/revisions\/11805"}],"wp:featuredmedia":[{"embeddable":true,"href":"https:\/\/periodiconuevomilenio.com\/index.php\/wp-json\/wp\/v2\/media\/11803"}],"wp:attachment":[{"href":"https:\/\/periodiconuevomilenio.com\/index.php\/wp-json\/wp\/v2\/media?parent=11802"}],"wp:term":[{"taxonomy":"category","embeddable":true,"href":"https:\/\/periodiconuevomilenio.com\/index.php\/wp-json\/wp\/v2\/categories?post=11802"},{"taxonomy":"post_tag","embeddable":true,"href":"https:\/\/periodiconuevomilenio.com\/index.php\/wp-json\/wp\/v2\/tags?post=11802"}],"curies":[{"name":"wp","href":"https:\/\/api.w.org\/{rel}","templated":true}]}}