{"id":1183,"date":"2023-03-11T00:07:23","date_gmt":"2023-03-11T06:07:23","guid":{"rendered":"https:\/\/periodiconuevomilenio.com\/?p=1183"},"modified":"2023-03-11T00:07:25","modified_gmt":"2023-03-11T06:07:25","slug":"erandi-bermudez-celebro-las-modificaciones-a-la-ley-para-castigar-la-violencia-vicaria","status":"publish","type":"post","link":"https:\/\/periodiconuevomilenio.com\/index.php\/2023\/03\/11\/erandi-bermudez-celebro-las-modificaciones-a-la-ley-para-castigar-la-violencia-vicaria\/","title":{"rendered":"<strong>ERANDI BERM\u00daDEZ CELEBR\u00d3 LAS MODIFICACIONES A LA LEY PARA CASTIGAR LA VIOLENCIA VICARIA<\/strong>"},"content":{"rendered":"\n<ul class=\"wp-block-list\">\n<li><strong>En v\u00edsperas del D\u00eda Internacional de la Mujer, el Senado de la Rep\u00fablica aumenta la pena contra la violencia vicaria.<\/strong><\/li>\n<\/ul>\n\n\n\n<p>El senador Erandi Berm\u00fadez M\u00e9ndez celebr\u00f3 las reforma a la Ley General de Acceso de las Mujeres a una Vida Libre de Violencia, al C\u00f3digo Civil y al C\u00f3digo Penal Federal, para castigar la violencia contra las mujeres conocida como violencia vicaria. Estos cambios fueron aprobados en el Senado de la Rep\u00fablica y en la C\u00e1mara de Diputados en el marco del D\u00eda Internacional de la Mujer.<\/p>\n\n\n\n<p>Ahora se contempla una pena de hasta 5 a\u00f1os de prisi\u00f3n para castigar cualquier acto u omisi\u00f3n que tiene el objetivo de causar da\u00f1o o perjuicio a las mujeres a trav\u00e9s de personas allegadas, en particular de hijos e hijas.<\/p>\n\n\n\n<p>Pese a no ser expl\u00edcita, este tipo de violencia es de las m\u00e1s comunes y da\u00f1inas, ya que en mayor o menor medida, atenta contra la salud mental de todas las v\u00edctimas involucradas. Por ello, se incluy\u00f3 en la legislaci\u00f3n no s\u00f3lo castigar los actos de violencia f\u00edsica, sino tambi\u00e9n la violencia psicol\u00f3gica que viene de descalificar a la figura materna, ya que afecta el v\u00ednculo materno filial.<\/p>\n\n\n\n<p>Tambi\u00e9n se condena el ocultar, retener y sustraer a hijos e hijas, familiares o personas allegadas; tambi\u00e9n se castigan las amenazas de estas acciones. As\u00ed como el interponer acciones legales con hechos falsos o inexistentes, tambi\u00e9n condicionar la entrega de la pensi\u00f3n alimenticia.<\/p>\n\n\n\n<p>El Senador coment\u00f3 que el impacto de estas reformas en el marco del D\u00eda Internacional de la Mujer es doble: por un lado, se hace un llamado a la sociedad para tomar en cuenta la violencia vicaria (a menudo minimizada o pasada por alto), y se enfatiza la necesidad de apoyar a las v\u00edctimas. Por otro lado, se env\u00eda un mensaje claro de que los legisladores est\u00e1n tomando medidas concretas para proteger a las mujeres y sus hijos e hijas.<\/p>\n\n\n\n<p>Igualmente, asegur\u00f3 que estas reformas son necesarias para sensibilizar a la sociedad sobre la importancia de prevenir y erradicar la violencia de g\u00e9nero en todas sus formas. Insisti\u00f3 en que es responsabilidad de todos contribuir a la implementaci\u00f3n efectiva de estas leyes, para la construcci\u00f3n de una sociedad m\u00e1s justa e igualitaria. <strong><\/strong><\/p>\n","protected":false},"excerpt":{"rendered":"<p>El senador Erandi Berm\u00fadez M\u00e9ndez celebr\u00f3 las reforma a la Ley General de Acceso de las Mujeres a<\/p>\n","protected":false},"author":1,"featured_media":1184,"comment_status":"open","ping_status":"open","sticky":false,"template":"","format":"standard","meta":{"jetpack_post_was_ever_published":false,"_jetpack_newsletter_access":"","_jetpack_dont_email_post_to_subs":false,"_jetpack_newsletter_tier_id":0,"_jetpack_memberships_contains_paywalled_content":false,"_jetpack_memberships_contains_paid_content":false,"footnotes":"","jetpack_publicize_message":"","jetpack_publicize_feature_enabled":true,"jetpack_social_post_already_shared":true,"jetpack_social_options":{"image_generator_settings":{"template":"highway","enabled":false},"version":2}},"categories":[47],"tags":[],"class_list":["post-1183","post","type-post","status-publish","format-standard","has-post-thumbnail","hentry","category-nacional"],"jetpack_publicize_connections":[],"jetpack_sharing_enabled":true,"jetpack_featured_media_url":"https:\/\/periodiconuevomilenio.com\/wp-content\/uploads\/2023\/03\/IMG_3448.jpg","_links":{"self":[{"href":"https:\/\/periodiconuevomilenio.com\/index.php\/wp-json\/wp\/v2\/posts\/1183","targetHints":{"allow":["GET"]}}],"collection":[{"href":"https:\/\/periodiconuevomilenio.com\/index.php\/wp-json\/wp\/v2\/posts"}],"about":[{"href":"https:\/\/periodiconuevomilenio.com\/index.php\/wp-json\/wp\/v2\/types\/post"}],"author":[{"embeddable":true,"href":"https:\/\/periodiconuevomilenio.com\/index.php\/wp-json\/wp\/v2\/users\/1"}],"replies":[{"embeddable":true,"href":"https:\/\/periodiconuevomilenio.com\/index.php\/wp-json\/wp\/v2\/comments?post=1183"}],"version-history":[{"count":1,"href":"https:\/\/periodiconuevomilenio.com\/index.php\/wp-json\/wp\/v2\/posts\/1183\/revisions"}],"predecessor-version":[{"id":1185,"href":"https:\/\/periodiconuevomilenio.com\/index.php\/wp-json\/wp\/v2\/posts\/1183\/revisions\/1185"}],"wp:featuredmedia":[{"embeddable":true,"href":"https:\/\/periodiconuevomilenio.com\/index.php\/wp-json\/wp\/v2\/media\/1184"}],"wp:attachment":[{"href":"https:\/\/periodiconuevomilenio.com\/index.php\/wp-json\/wp\/v2\/media?parent=1183"}],"wp:term":[{"taxonomy":"category","embeddable":true,"href":"https:\/\/periodiconuevomilenio.com\/index.php\/wp-json\/wp\/v2\/categories?post=1183"},{"taxonomy":"post_tag","embeddable":true,"href":"https:\/\/periodiconuevomilenio.com\/index.php\/wp-json\/wp\/v2\/tags?post=1183"}],"curies":[{"name":"wp","href":"https:\/\/api.w.org\/{rel}","templated":true}]}}