{"id":11862,"date":"2024-02-13T08:45:29","date_gmt":"2024-02-13T14:45:29","guid":{"rendered":"https:\/\/periodiconuevomilenio.com\/?p=11862"},"modified":"2024-02-13T08:45:31","modified_gmt":"2024-02-13T14:45:31","slug":"con-el-miercoles-de-ceniza-comienza-la-cuaresma","status":"publish","type":"post","link":"https:\/\/periodiconuevomilenio.com\/index.php\/2024\/02\/13\/con-el-miercoles-de-ceniza-comienza-la-cuaresma\/","title":{"rendered":"Con el mi\u00e9rcoles de Ceniza comienza la Cuaresma"},"content":{"rendered":"\n<p>Ma\u00f1ana iniciamos la \u00e9poca de Cuaresma. Sabes lo que significa? He aqu\u00ed algunos T\u00edtulos de los muchos que posee nuestro Padre y Hermano Jesucristo. Estamos a horas de que nos recuerden que polvo somos y al polvo regresamos. Nada nos llevaremos, sino lo que hagamos desde el coraz\u00f3n a nuestros hermanos en Cristo Jes\u00fas. Maravilloso d\u00eda!!! Bendiciones<\/p>\n\n\n\n<p>Arturo Castro Rojas<\/p>\n\n\n\n<figure class=\"wp-block-image size-full\"><img loading=\"lazy\" decoding=\"async\" width=\"232\" height=\"300\" src=\"https:\/\/periodiconuevomilenio.com\/wp-content\/uploads\/2024\/02\/74494751_2442891399166381_8108219933483073536_n-1-232x300-1.jpg\" alt=\"\" class=\"wp-image-11863\"\/><\/figure>\n\n\n","protected":false},"excerpt":{"rendered":"<p>Ma\u00f1ana iniciamos la \u00e9poca de Cuaresma. Sabes lo que significa? He aqu\u00ed algunos T\u00edtulos de los muchos que<\/p>\n","protected":false},"author":1,"featured_media":11863,"comment_status":"open","ping_status":"open","sticky":false,"template":"","format":"standard","meta":{"jetpack_post_was_ever_published":false,"_jetpack_newsletter_access":"","_jetpack_dont_email_post_to_subs":false,"_jetpack_newsletter_tier_id":0,"_jetpack_memberships_contains_paywalled_content":false,"_jetpack_memberships_contains_paid_content":false,"footnotes":"","jetpack_publicize_message":"","jetpack_publicize_feature_enabled":false,"jetpack_social_post_already_shared":false,"jetpack_social_options":{"image_generator_settings":{"template":"highway","enabled":false},"version":2}},"categories":[43,39],"tags":[22],"class_list":["post-11862","post","type-post","status-publish","format-standard","has-post-thumbnail","hentry","category-editoriales","category-valle-de-santiago","tag-valle"],"jetpack_publicize_connections":[],"jetpack_sharing_enabled":true,"jetpack_featured_media_url":"https:\/\/periodiconuevomilenio.com\/wp-content\/uploads\/2024\/02\/74494751_2442891399166381_8108219933483073536_n-1-232x300-1.jpg","_links":{"self":[{"href":"https:\/\/periodiconuevomilenio.com\/index.php\/wp-json\/wp\/v2\/posts\/11862","targetHints":{"allow":["GET"]}}],"collection":[{"href":"https:\/\/periodiconuevomilenio.com\/index.php\/wp-json\/wp\/v2\/posts"}],"about":[{"href":"https:\/\/periodiconuevomilenio.com\/index.php\/wp-json\/wp\/v2\/types\/post"}],"author":[{"embeddable":true,"href":"https:\/\/periodiconuevomilenio.com\/index.php\/wp-json\/wp\/v2\/users\/1"}],"replies":[{"embeddable":true,"href":"https:\/\/periodiconuevomilenio.com\/index.php\/wp-json\/wp\/v2\/comments?post=11862"}],"version-history":[{"count":1,"href":"https:\/\/periodiconuevomilenio.com\/index.php\/wp-json\/wp\/v2\/posts\/11862\/revisions"}],"predecessor-version":[{"id":11864,"href":"https:\/\/periodiconuevomilenio.com\/index.php\/wp-json\/wp\/v2\/posts\/11862\/revisions\/11864"}],"wp:featuredmedia":[{"embeddable":true,"href":"https:\/\/periodiconuevomilenio.com\/index.php\/wp-json\/wp\/v2\/media\/11863"}],"wp:attachment":[{"href":"https:\/\/periodiconuevomilenio.com\/index.php\/wp-json\/wp\/v2\/media?parent=11862"}],"wp:term":[{"taxonomy":"category","embeddable":true,"href":"https:\/\/periodiconuevomilenio.com\/index.php\/wp-json\/wp\/v2\/categories?post=11862"},{"taxonomy":"post_tag","embeddable":true,"href":"https:\/\/periodiconuevomilenio.com\/index.php\/wp-json\/wp\/v2\/tags?post=11862"}],"curies":[{"name":"wp","href":"https:\/\/api.w.org\/{rel}","templated":true}]}}