{"id":11923,"date":"2024-02-14T23:28:00","date_gmt":"2024-02-15T05:28:00","guid":{"rendered":"https:\/\/periodiconuevomilenio.com\/?p=11923"},"modified":"2024-02-15T00:21:38","modified_gmt":"2024-02-15T06:21:38","slug":"se-llamo-brayan-salvador-n","status":"publish","type":"post","link":"https:\/\/periodiconuevomilenio.com\/index.php\/2024\/02\/14\/se-llamo-brayan-salvador-n\/","title":{"rendered":"Se llam\u00f3 Brayan Salvador \u201cN\u201d."},"content":{"rendered":"\n<p><strong>La persona ejecutada frente a la ETA.<\/strong><\/p>\n\n\n\n<p><strong>Valle de Santiago, Gto.- Ya fue plenamente identificada por sus familiares la persona que fue asesinada la tarde del pasado martes 13 de febrero cuando tripulaba en una moto y fue atacado a balazos justo cuando pasaba&nbsp; por la puerta de la secundaria t\u00e9cnica&nbsp; No. 20.<\/strong><\/p>\n\n\n\n<p><strong>La fiscal\u00eda del estado, tuvo conocimiento de esto&nbsp; a trav\u00e9s de la comisar\u00eda de seguridad p\u00fablica, eso de las 2 de la tarde, con 45 minutos de este martes 13 de febrero, se report\u00f3 al sistema de emergencia 911 que se hab\u00edan escuchado muchos disparos por el rumbo de la secundaria conocida como la ETA. Y hab\u00eda una persona herida, confirmado por param\u00e9dicos&nbsp; de bomberos, que ya no contaba con signos vitales.<\/strong><\/p>\n\n\n\n<p><strong>La fiscal\u00eda, en su informe diario,&nbsp; revel\u00f3 que esto ocurri\u00f3 en la colonia Ranchos Unidos, donde se encontr\u00f3 a una persona fallecida de sexo masculino, identificada como Brayan Salvador \u201cN\u201d.<\/strong><\/p>\n\n\n\n<p><strong>Presento heridas de las producidas por proyectiles disparados por arma de fuego y en el lugar se recogieron indicios c\u00f3mo fueron casquillos percutidos, lo que hace suponer que fue asesinado en el lugar donde localizaron el cuerpo.<\/strong><\/p>\n\n\n\n<figure class=\"wp-block-image size-full\"><img loading=\"lazy\" decoding=\"async\" width=\"899\" height=\"642\" src=\"https:\/\/periodiconuevomilenio.com\/wp-content\/uploads\/2024\/02\/6bfdff49-7551-427f-bfc3-c3449f2cb3c6-1.jpg\" alt=\"\" class=\"wp-image-11924\" srcset=\"https:\/\/periodiconuevomilenio.com\/wp-content\/uploads\/2024\/02\/6bfdff49-7551-427f-bfc3-c3449f2cb3c6-1.jpg 899w, https:\/\/periodiconuevomilenio.com\/wp-content\/uploads\/2024\/02\/6bfdff49-7551-427f-bfc3-c3449f2cb3c6-1-300x214.jpg 300w, https:\/\/periodiconuevomilenio.com\/wp-content\/uploads\/2024\/02\/6bfdff49-7551-427f-bfc3-c3449f2cb3c6-1-768x548.jpg 768w\" sizes=\"auto, (max-width: 899px) 100vw, 899px\" \/><\/figure>\n","protected":false},"excerpt":{"rendered":"<p>La persona ejecutada frente a la ETA. Valle de Santiago, Gto.- Ya fue plenamente identificada por sus familiares<\/p>\n","protected":false},"author":1,"featured_media":11924,"comment_status":"open","ping_status":"open","sticky":false,"template":"","format":"standard","meta":{"jetpack_post_was_ever_published":false,"_jetpack_newsletter_access":"","_jetpack_dont_email_post_to_subs":false,"_jetpack_newsletter_tier_id":0,"_jetpack_memberships_contains_paywalled_content":false,"_jetpack_memberships_contains_paid_content":false,"footnotes":"","jetpack_publicize_message":"","jetpack_publicize_feature_enabled":false,"jetpack_social_post_already_shared":false,"jetpack_social_options":{"image_generator_settings":{"template":"highway","enabled":false},"version":2}},"categories":[48,39],"tags":[22],"class_list":["post-11923","post","type-post","status-publish","format-standard","has-post-thumbnail","hentry","category-policiaca","category-valle-de-santiago","tag-valle"],"jetpack_publicize_connections":[],"jetpack_sharing_enabled":true,"jetpack_featured_media_url":"https:\/\/periodiconuevomilenio.com\/wp-content\/uploads\/2024\/02\/6bfdff49-7551-427f-bfc3-c3449f2cb3c6-1.jpg","_links":{"self":[{"href":"https:\/\/periodiconuevomilenio.com\/index.php\/wp-json\/wp\/v2\/posts\/11923","targetHints":{"allow":["GET"]}}],"collection":[{"href":"https:\/\/periodiconuevomilenio.com\/index.php\/wp-json\/wp\/v2\/posts"}],"about":[{"href":"https:\/\/periodiconuevomilenio.com\/index.php\/wp-json\/wp\/v2\/types\/post"}],"author":[{"embeddable":true,"href":"https:\/\/periodiconuevomilenio.com\/index.php\/wp-json\/wp\/v2\/users\/1"}],"replies":[{"embeddable":true,"href":"https:\/\/periodiconuevomilenio.com\/index.php\/wp-json\/wp\/v2\/comments?post=11923"}],"version-history":[{"count":1,"href":"https:\/\/periodiconuevomilenio.com\/index.php\/wp-json\/wp\/v2\/posts\/11923\/revisions"}],"predecessor-version":[{"id":11925,"href":"https:\/\/periodiconuevomilenio.com\/index.php\/wp-json\/wp\/v2\/posts\/11923\/revisions\/11925"}],"wp:featuredmedia":[{"embeddable":true,"href":"https:\/\/periodiconuevomilenio.com\/index.php\/wp-json\/wp\/v2\/media\/11924"}],"wp:attachment":[{"href":"https:\/\/periodiconuevomilenio.com\/index.php\/wp-json\/wp\/v2\/media?parent=11923"}],"wp:term":[{"taxonomy":"category","embeddable":true,"href":"https:\/\/periodiconuevomilenio.com\/index.php\/wp-json\/wp\/v2\/categories?post=11923"},{"taxonomy":"post_tag","embeddable":true,"href":"https:\/\/periodiconuevomilenio.com\/index.php\/wp-json\/wp\/v2\/tags?post=11923"}],"curies":[{"name":"wp","href":"https:\/\/api.w.org\/{rel}","templated":true}]}}