{"id":11982,"date":"2024-02-17T10:16:50","date_gmt":"2024-02-17T16:16:50","guid":{"rendered":"https:\/\/periodiconuevomilenio.com\/?p=11982"},"modified":"2024-02-17T10:16:52","modified_gmt":"2024-02-17T16:16:52","slug":"jose-alberto-n-o-ramiro-alberto-n","status":"publish","type":"post","link":"https:\/\/periodiconuevomilenio.com\/index.php\/2024\/02\/17\/jose-alberto-n-o-ramiro-alberto-n\/","title":{"rendered":"JOS\u00c9 ALBERTO \u201cN\u201d \u00f3 RAMIRO ALBERTO \u00abN\u00bb"},"content":{"rendered":"\n<p>Vinculado a proceso penal por doble homicidio en Irapuato<\/p>\n\n\n\n<p>Irapuato, Gto., 17 de febrero de 2024.- Un sujeto identificado con nombres distintos, fue detenido por la Fiscal\u00eda de Guanajuato, por su presunta responsabilidad en los asesinatos de dos hombres, registrados en la colonia \u00c1lvaro Obreg\u00f3n en la ciudad de Irapuato.<\/p>\n\n\n\n<p>El 09 de marzo de 2018, entre las 20:00 y 21:00 horas, JOS\u00c9 ALBERTO \u201cN\u201d \u00f3 RAMIRO ALBERTO \u00abN\u00bb, de 30 a\u00f1os edad, junto con otros sujetos ya detenidos, particip\u00f3 en una acci\u00f3n criminal para privar de la vida a dos hombres identificados como Melchor \u201cN\u201d y Alfredo \u201cN\u201d, quienes se encontraban sentados afuera de un domicilio, en la calle Primera Privada 5 de febrero de la colonia \u00c1lvaro Obreg\u00f3n.<\/p>\n\n\n\n<p>Portando armas de fuego y a bordo de dos veh\u00edculos, los agresores llegaron a la privada por la calle Abundio G\u00f3mez, donde unos se posicionaron en la entrada, mientras el acusado y los dem\u00e1s se aproximaron a las v\u00edctimas para dispararles varias veces y huir del lugar, dejando atr\u00e1s los cuerpos ya sin vida.<\/p>\n\n\n\n<p>La investigaci\u00f3n se mantuvo para dar con el paradero de JOS\u00c9 ALBERTO \u201cN\u201d \u00f3 RAMIRO ALBERTO \u00abN\u00bb, quien se mov\u00eda con bajo perfil, sin un domicilio fijo, hasta que fue ubicado con trabajo de inteligencia por parte de Agentes de Investigaci\u00f3n Criminal, quienes cumplimentaron la orden de aprehensi\u00f3n.<\/p>\n\n\n\n<p>El detenido fue llevado ante la autoridad judicial, donde compareci\u00f3 por los cargos criminales que el Ministerio P\u00fablico finc\u00f3 en su contra, y tras conocer las pruebas que lo incriminan, el Juez concluy\u00f3 la audiencia con su vinculaci\u00f3n a proceso penal por el doble homicidio.<\/p>\n\n\n\n<figure class=\"wp-block-image size-large\"><img loading=\"lazy\" decoding=\"async\" width=\"819\" height=\"1024\" src=\"https:\/\/periodiconuevomilenio.com\/wp-content\/uploads\/2024\/02\/b398705f-95d5-4955-bbf6-18b4c4e037f7-819x1024.jpg\" alt=\"\" class=\"wp-image-11983\" srcset=\"https:\/\/periodiconuevomilenio.com\/wp-content\/uploads\/2024\/02\/b398705f-95d5-4955-bbf6-18b4c4e037f7-819x1024.jpg 819w, https:\/\/periodiconuevomilenio.com\/wp-content\/uploads\/2024\/02\/b398705f-95d5-4955-bbf6-18b4c4e037f7-240x300.jpg 240w, https:\/\/periodiconuevomilenio.com\/wp-content\/uploads\/2024\/02\/b398705f-95d5-4955-bbf6-18b4c4e037f7-768x960.jpg 768w, https:\/\/periodiconuevomilenio.com\/wp-content\/uploads\/2024\/02\/b398705f-95d5-4955-bbf6-18b4c4e037f7-1024x1280.jpg 1024w, https:\/\/periodiconuevomilenio.com\/wp-content\/uploads\/2024\/02\/b398705f-95d5-4955-bbf6-18b4c4e037f7.jpg 1080w\" sizes=\"auto, (max-width: 819px) 100vw, 819px\" \/><\/figure>\n\n\n","protected":false},"excerpt":{"rendered":"<p>Vinculado a proceso penal por doble homicidio en Irapuato Irapuato, Gto., 17 de febrero de 2024.- Un sujeto<\/p>\n","protected":false},"author":1,"featured_media":11983,"comment_status":"open","ping_status":"open","sticky":false,"template":"","format":"standard","meta":{"jetpack_post_was_ever_published":false,"_jetpack_newsletter_access":"","_jetpack_dont_email_post_to_subs":false,"_jetpack_newsletter_tier_id":0,"_jetpack_memberships_contains_paywalled_content":false,"_jetpack_memberships_contains_paid_content":false,"footnotes":"","jetpack_publicize_message":"","jetpack_publicize_feature_enabled":false,"jetpack_social_post_already_shared":false,"jetpack_social_options":{"image_generator_settings":{"template":"highway","enabled":false},"version":2}},"categories":[31,48],"tags":[51],"class_list":["post-11982","post","type-post","status-publish","format-standard","has-post-thumbnail","hentry","category-estado","category-policiaca","tag-estado"],"jetpack_publicize_connections":[],"jetpack_sharing_enabled":true,"jetpack_featured_media_url":"https:\/\/periodiconuevomilenio.com\/wp-content\/uploads\/2024\/02\/b398705f-95d5-4955-bbf6-18b4c4e037f7.jpg","_links":{"self":[{"href":"https:\/\/periodiconuevomilenio.com\/index.php\/wp-json\/wp\/v2\/posts\/11982","targetHints":{"allow":["GET"]}}],"collection":[{"href":"https:\/\/periodiconuevomilenio.com\/index.php\/wp-json\/wp\/v2\/posts"}],"about":[{"href":"https:\/\/periodiconuevomilenio.com\/index.php\/wp-json\/wp\/v2\/types\/post"}],"author":[{"embeddable":true,"href":"https:\/\/periodiconuevomilenio.com\/index.php\/wp-json\/wp\/v2\/users\/1"}],"replies":[{"embeddable":true,"href":"https:\/\/periodiconuevomilenio.com\/index.php\/wp-json\/wp\/v2\/comments?post=11982"}],"version-history":[{"count":1,"href":"https:\/\/periodiconuevomilenio.com\/index.php\/wp-json\/wp\/v2\/posts\/11982\/revisions"}],"predecessor-version":[{"id":11984,"href":"https:\/\/periodiconuevomilenio.com\/index.php\/wp-json\/wp\/v2\/posts\/11982\/revisions\/11984"}],"wp:featuredmedia":[{"embeddable":true,"href":"https:\/\/periodiconuevomilenio.com\/index.php\/wp-json\/wp\/v2\/media\/11983"}],"wp:attachment":[{"href":"https:\/\/periodiconuevomilenio.com\/index.php\/wp-json\/wp\/v2\/media?parent=11982"}],"wp:term":[{"taxonomy":"category","embeddable":true,"href":"https:\/\/periodiconuevomilenio.com\/index.php\/wp-json\/wp\/v2\/categories?post=11982"},{"taxonomy":"post_tag","embeddable":true,"href":"https:\/\/periodiconuevomilenio.com\/index.php\/wp-json\/wp\/v2\/tags?post=11982"}],"curies":[{"name":"wp","href":"https:\/\/api.w.org\/{rel}","templated":true}]}}