{"id":12000,"date":"2024-02-18T13:02:48","date_gmt":"2024-02-18T19:02:48","guid":{"rendered":"https:\/\/periodiconuevomilenio.com\/?p=12000"},"modified":"2024-02-18T13:02:50","modified_gmt":"2024-02-18T19:02:50","slug":"ingresa-al-hospital-una-persona-con-heridas-de-bala","status":"publish","type":"post","link":"https:\/\/periodiconuevomilenio.com\/index.php\/2024\/02\/18\/ingresa-al-hospital-una-persona-con-heridas-de-bala\/","title":{"rendered":"Ingresa al hospital una persona con heridas de bala."},"content":{"rendered":"\n<p>VALLE DE SANTIAGO,GTO.- La tarde noche de este s\u00e1bado 17 de febrero ingreso al bicentenario una persona con lesiones producidas por arma de fuego, en la comisaria de seguridad p\u00fablica informaron que el hecho sucedi\u00f3 en la ciudad de Salamanca y solo fue traslado a este municipio a recibir atenci\u00f3n m\u00e9dica.<br>Se trata de un masculino lesionado por arma de fuego que se registr\u00f3 su ingreso al hospital Bicentenario al filo de las 19:30 horas de este s\u00e1bado y fueron avisados que en el hospital arrib\u00f3 una persona al parecer lesionada por balas.<br>Se envi\u00f3 una patrulla con elementos que confirmaron que dicho reporte era afirmativo, en la cual familiares llevaron al masculino, el cual iba herido por proyectil de arma de fuego, hechos que ocurrieron en la ciudad de Salamanca. Indicando el m\u00e9dico en turno, que el masculino se encuentra en c\u00f3digo amarillo con un impacto de arma de fuego.<br>Asimismo, se avisa a las autoridades competentes para que realicen las investigaciones correspondientes.<\/p>\n\n\n\n<figure class=\"wp-block-image size-full\"><img loading=\"lazy\" decoding=\"async\" width=\"693\" height=\"445\" src=\"https:\/\/periodiconuevomilenio.com\/wp-content\/uploads\/2024\/02\/421533012_757614459728684_8002729715345774786_n.jpg\" alt=\"\" class=\"wp-image-12001\" srcset=\"https:\/\/periodiconuevomilenio.com\/wp-content\/uploads\/2024\/02\/421533012_757614459728684_8002729715345774786_n.jpg 693w, https:\/\/periodiconuevomilenio.com\/wp-content\/uploads\/2024\/02\/421533012_757614459728684_8002729715345774786_n-300x193.jpg 300w\" sizes=\"auto, (max-width: 693px) 100vw, 693px\" \/><\/figure>\n\n\n","protected":false},"excerpt":{"rendered":"<p>VALLE DE SANTIAGO,GTO.- La tarde noche de este s\u00e1bado 17 de febrero ingreso al bicentenario una persona con<\/p>\n","protected":false},"author":1,"featured_media":12001,"comment_status":"open","ping_status":"open","sticky":false,"template":"","format":"standard","meta":{"jetpack_post_was_ever_published":false,"_jetpack_newsletter_access":"","_jetpack_dont_email_post_to_subs":false,"_jetpack_newsletter_tier_id":0,"_jetpack_memberships_contains_paywalled_content":false,"_jetpack_memberships_contains_paid_content":false,"footnotes":"","jetpack_publicize_message":"","jetpack_publicize_feature_enabled":false,"jetpack_social_post_already_shared":false,"jetpack_social_options":{"image_generator_settings":{"template":"highway","enabled":false},"version":2}},"categories":[48,39],"tags":[22],"class_list":["post-12000","post","type-post","status-publish","format-standard","has-post-thumbnail","hentry","category-policiaca","category-valle-de-santiago","tag-valle"],"jetpack_publicize_connections":[],"jetpack_sharing_enabled":true,"jetpack_featured_media_url":"https:\/\/periodiconuevomilenio.com\/wp-content\/uploads\/2024\/02\/421533012_757614459728684_8002729715345774786_n.jpg","_links":{"self":[{"href":"https:\/\/periodiconuevomilenio.com\/index.php\/wp-json\/wp\/v2\/posts\/12000","targetHints":{"allow":["GET"]}}],"collection":[{"href":"https:\/\/periodiconuevomilenio.com\/index.php\/wp-json\/wp\/v2\/posts"}],"about":[{"href":"https:\/\/periodiconuevomilenio.com\/index.php\/wp-json\/wp\/v2\/types\/post"}],"author":[{"embeddable":true,"href":"https:\/\/periodiconuevomilenio.com\/index.php\/wp-json\/wp\/v2\/users\/1"}],"replies":[{"embeddable":true,"href":"https:\/\/periodiconuevomilenio.com\/index.php\/wp-json\/wp\/v2\/comments?post=12000"}],"version-history":[{"count":1,"href":"https:\/\/periodiconuevomilenio.com\/index.php\/wp-json\/wp\/v2\/posts\/12000\/revisions"}],"predecessor-version":[{"id":12002,"href":"https:\/\/periodiconuevomilenio.com\/index.php\/wp-json\/wp\/v2\/posts\/12000\/revisions\/12002"}],"wp:featuredmedia":[{"embeddable":true,"href":"https:\/\/periodiconuevomilenio.com\/index.php\/wp-json\/wp\/v2\/media\/12001"}],"wp:attachment":[{"href":"https:\/\/periodiconuevomilenio.com\/index.php\/wp-json\/wp\/v2\/media?parent=12000"}],"wp:term":[{"taxonomy":"category","embeddable":true,"href":"https:\/\/periodiconuevomilenio.com\/index.php\/wp-json\/wp\/v2\/categories?post=12000"},{"taxonomy":"post_tag","embeddable":true,"href":"https:\/\/periodiconuevomilenio.com\/index.php\/wp-json\/wp\/v2\/tags?post=12000"}],"curies":[{"name":"wp","href":"https:\/\/api.w.org\/{rel}","templated":true}]}}