{"id":1206,"date":"2023-03-12T11:48:53","date_gmt":"2023-03-12T17:48:53","guid":{"rendered":"https:\/\/periodiconuevomilenio.com\/?p=1206"},"modified":"2023-03-12T11:48:55","modified_gmt":"2023-03-12T17:48:55","slug":"dos-presuntos-homicidas-son-detenidos-y-enviados-a-prision-en-salamanca","status":"publish","type":"post","link":"https:\/\/periodiconuevomilenio.com\/index.php\/2023\/03\/12\/dos-presuntos-homicidas-son-detenidos-y-enviados-a-prision-en-salamanca\/","title":{"rendered":"<strong>Dos presuntos homicidas son detenidos y enviados a prisi\u00f3n\u00a0en\u00a0Salamanca<\/strong>"},"content":{"rendered":"\n<p>Salamanca, Gto., 11 de marzo de 2023.- &nbsp;La Fiscal\u00eda General del Estado obtuvo prisi\u00f3n para dos presuntos homicidas en Salamanca, uno es inculpado de privar de la vida a un hombre en una barber\u00eda, el otro es acusado de asesinar a un masculino y lesionar gravemente a una menor, en un domicilio particular en Avenida del Trabajo. Los hechos ocurrieron en junio y octubre de 2022, respectivamente.<\/p>\n\n\n\n<p>En un primer caso, PEDRO FABI\u00c1N \u201cN\u201d, fue detenido como presunto responsable de un homicidio reportado el 30 de junio de 2022, al interior de un local utilizado como barber\u00eda, en la planta alta de un inmueble ubicado en la calle Benito Ju\u00e1rez, en zona centro. Alrededor de las 15:30 horas, el ofendido Laureano de Jes\u00fas \u201cN\u201d, se encontraba realizando actividades propias del oficio, y en ese momento lleg\u00f3 el imputado a bordo de una motocicleta y le dispar\u00f3 con un arma de fuego a la altura de la cabeza, provocando su deceso en el lugar.<\/p>\n\n\n\n<p>El presunto agresor fue detenido por la Agencia de Investigaci\u00f3n Criminal, y llevado a audiencia, donde el Ministerio P\u00fablico le formul\u00f3 imputaci\u00f3n por el delito de homicidio simple. El Juez consider\u00f3 las evidencias presentadas por la Fiscal\u00eda y resolvi\u00f3 vincularlo a proceso, con medida cautelar de prisi\u00f3n preventiva.<\/p>\n\n\n\n<p>En otra carpeta de investigaci\u00f3n iniciada en la misma ciudad, el 01 de octubre de 2022, por el delito de homicidio y tentativa de homicidio, la AIC realiz\u00f3 una serie de diligencias que llevaron a la detenci\u00f3n de JOS\u00c9 EVERARDO \u201cN\u201d, acusado como presunto responsable del asesinato de Pedro Luis \u201cN\u201d y de las lesiones que casi le cuestan la vida a una menor de edad, v\u00edctima directa de la agresi\u00f3n.<\/p>\n\n\n\n<p>De acuerdo a la investigaci\u00f3n, los ofendidos Pedro Luis y la menor de edad se encontraban al interior de un domicilio ubicado en la Avenida del Trabajo, lugar al que arrib\u00f3 el acusado a bordo de una motocicleta tipo cross, se dirigi\u00f3 a la puerta, exigi\u00f3 que le abrieran. En ese momento el inquilino se asom\u00f3 por una ventana y recibi\u00f3 un impacto de bala en el cuello que le provoc\u00f3 la muerte.<\/p>\n\n\n\n<p>JOS\u00c9 EVERARDO \u201cN\u201d alias \u201cEl Pollo\u201d, fue detenido bajo orden de aprehensi\u00f3n y en audiencia inicial fue vinculado a proceso penal por los delitos de homicidio calificado y homicidio calificado en grado de tentativa.<\/p>\n\n\n","protected":false},"excerpt":{"rendered":"<p>Salamanca, Gto., 11 de marzo de 2023.- &nbsp;La Fiscal\u00eda General del Estado obtuvo prisi\u00f3n para dos presuntos homicidas<\/p>\n","protected":false},"author":1,"featured_media":1207,"comment_status":"open","ping_status":"open","sticky":false,"template":"","format":"standard","meta":{"jetpack_post_was_ever_published":false,"_jetpack_newsletter_access":"","_jetpack_dont_email_post_to_subs":false,"_jetpack_newsletter_tier_id":0,"_jetpack_memberships_contains_paywalled_content":false,"_jetpack_memberships_contains_paid_content":false,"footnotes":"","jetpack_publicize_message":"","jetpack_publicize_feature_enabled":true,"jetpack_social_post_already_shared":true,"jetpack_social_options":{"image_generator_settings":{"template":"highway","enabled":false},"version":2}},"categories":[48],"tags":[],"class_list":["post-1206","post","type-post","status-publish","format-standard","has-post-thumbnail","hentry","category-policiaca"],"jetpack_publicize_connections":[],"jetpack_sharing_enabled":true,"jetpack_featured_media_url":"https:\/\/periodiconuevomilenio.com\/wp-content\/uploads\/2023\/03\/COMUNICADO-FGE_090_-2023.jpeg","_links":{"self":[{"href":"https:\/\/periodiconuevomilenio.com\/index.php\/wp-json\/wp\/v2\/posts\/1206","targetHints":{"allow":["GET"]}}],"collection":[{"href":"https:\/\/periodiconuevomilenio.com\/index.php\/wp-json\/wp\/v2\/posts"}],"about":[{"href":"https:\/\/periodiconuevomilenio.com\/index.php\/wp-json\/wp\/v2\/types\/post"}],"author":[{"embeddable":true,"href":"https:\/\/periodiconuevomilenio.com\/index.php\/wp-json\/wp\/v2\/users\/1"}],"replies":[{"embeddable":true,"href":"https:\/\/periodiconuevomilenio.com\/index.php\/wp-json\/wp\/v2\/comments?post=1206"}],"version-history":[{"count":1,"href":"https:\/\/periodiconuevomilenio.com\/index.php\/wp-json\/wp\/v2\/posts\/1206\/revisions"}],"predecessor-version":[{"id":1208,"href":"https:\/\/periodiconuevomilenio.com\/index.php\/wp-json\/wp\/v2\/posts\/1206\/revisions\/1208"}],"wp:featuredmedia":[{"embeddable":true,"href":"https:\/\/periodiconuevomilenio.com\/index.php\/wp-json\/wp\/v2\/media\/1207"}],"wp:attachment":[{"href":"https:\/\/periodiconuevomilenio.com\/index.php\/wp-json\/wp\/v2\/media?parent=1206"}],"wp:term":[{"taxonomy":"category","embeddable":true,"href":"https:\/\/periodiconuevomilenio.com\/index.php\/wp-json\/wp\/v2\/categories?post=1206"},{"taxonomy":"post_tag","embeddable":true,"href":"https:\/\/periodiconuevomilenio.com\/index.php\/wp-json\/wp\/v2\/tags?post=1206"}],"curies":[{"name":"wp","href":"https:\/\/api.w.org\/{rel}","templated":true}]}}