{"id":12257,"date":"2024-03-01T23:09:10","date_gmt":"2024-03-02T05:09:10","guid":{"rendered":"https:\/\/periodiconuevomilenio.com\/?p=12257"},"modified":"2024-03-01T23:09:13","modified_gmt":"2024-03-02T05:09:13","slug":"diego-n-es-vinculado-a-proceso-penal-por-desaparicion-cometida-por-particulares-en-irapuato","status":"publish","type":"post","link":"https:\/\/periodiconuevomilenio.com\/index.php\/2024\/03\/01\/diego-n-es-vinculado-a-proceso-penal-por-desaparicion-cometida-por-particulares-en-irapuato\/","title":{"rendered":"DIEGO \u201cN\u201d es vinculado a proceso penal por desaparici\u00f3n cometida por particulares en Irapuato"},"content":{"rendered":"\n<p>Irapuato, Gto., 01 de marzo de 2024.- Es vinculado a proceso penal un joven de 22 a\u00f1os, acusado por el delito de desaparici\u00f3n cometida por particulares en Irapuato.<\/p>\n\n\n\n<p>El 27 de diciembre de 2023, Sandra \u201cN\u201d fue privada de la libertad cuando se encontraba en un puesto de \u201cHot Dogs\u201d, ubicado en la avenida Guanajuato; hasta la fecha se desconoce su paradero.<\/p>\n\n\n\n<p>En audiencia, un Agente del Ministerio P\u00fablico present\u00f3 pruebas que acreditan la presunta intervenci\u00f3n del acusado en los hechos registrados alrededor de las 23:00 horas, cerca del templo Alma Mater, cuando la ofendida fue subida a un veh\u00edculo en contra de su voluntad.<\/p>\n\n\n\n<p>El presunto responsable fue identificado como DIEGO \u201cN\u201d, a quien Agentes de Investigaci\u00f3n Criminal le cumplimentaron una orden de aprehensi\u00f3n por el delito de desaparici\u00f3n cometida por particulares, delito por el que fue vinculado a proceso penal.<\/p>\n\n\n\n<figure class=\"wp-block-image size-large\"><img loading=\"lazy\" decoding=\"async\" width=\"819\" height=\"1024\" src=\"https:\/\/periodiconuevomilenio.com\/wp-content\/uploads\/2024\/03\/thumbnail-819x1024.jpg\" alt=\"\" class=\"wp-image-12258\" srcset=\"https:\/\/periodiconuevomilenio.com\/wp-content\/uploads\/2024\/03\/thumbnail-819x1024.jpg 819w, https:\/\/periodiconuevomilenio.com\/wp-content\/uploads\/2024\/03\/thumbnail-240x300.jpg 240w, https:\/\/periodiconuevomilenio.com\/wp-content\/uploads\/2024\/03\/thumbnail-768x960.jpg 768w, https:\/\/periodiconuevomilenio.com\/wp-content\/uploads\/2024\/03\/thumbnail-1024x1280.jpg 1024w, https:\/\/periodiconuevomilenio.com\/wp-content\/uploads\/2024\/03\/thumbnail.jpg 1080w\" sizes=\"auto, (max-width: 819px) 100vw, 819px\" \/><\/figure>\n\n\n\n<figure class=\"wp-block-gallery has-nested-images columns-default is-cropped wp-block-gallery-1 is-layout-flex wp-block-gallery-is-layout-flex\"><\/figure>\n","protected":false},"excerpt":{"rendered":"<p>Irapuato, Gto., 01 de marzo de 2024.- Es vinculado a proceso penal un joven de 22 a\u00f1os, acusado<\/p>\n","protected":false},"author":1,"featured_media":12258,"comment_status":"open","ping_status":"open","sticky":false,"template":"","format":"standard","meta":{"jetpack_post_was_ever_published":false,"_jetpack_newsletter_access":"","_jetpack_dont_email_post_to_subs":false,"_jetpack_newsletter_tier_id":0,"_jetpack_memberships_contains_paywalled_content":false,"_jetpack_memberships_contains_paid_content":false,"footnotes":"","jetpack_publicize_message":"","jetpack_publicize_feature_enabled":true,"jetpack_social_post_already_shared":true,"jetpack_social_options":{"image_generator_settings":{"template":"highway","enabled":false},"version":2}},"categories":[31,48],"tags":[51],"class_list":["post-12257","post","type-post","status-publish","format-standard","has-post-thumbnail","hentry","category-estado","category-policiaca","tag-estado"],"jetpack_publicize_connections":[],"jetpack_sharing_enabled":true,"jetpack_featured_media_url":"https:\/\/periodiconuevomilenio.com\/wp-content\/uploads\/2024\/03\/thumbnail.jpg","_links":{"self":[{"href":"https:\/\/periodiconuevomilenio.com\/index.php\/wp-json\/wp\/v2\/posts\/12257","targetHints":{"allow":["GET"]}}],"collection":[{"href":"https:\/\/periodiconuevomilenio.com\/index.php\/wp-json\/wp\/v2\/posts"}],"about":[{"href":"https:\/\/periodiconuevomilenio.com\/index.php\/wp-json\/wp\/v2\/types\/post"}],"author":[{"embeddable":true,"href":"https:\/\/periodiconuevomilenio.com\/index.php\/wp-json\/wp\/v2\/users\/1"}],"replies":[{"embeddable":true,"href":"https:\/\/periodiconuevomilenio.com\/index.php\/wp-json\/wp\/v2\/comments?post=12257"}],"version-history":[{"count":1,"href":"https:\/\/periodiconuevomilenio.com\/index.php\/wp-json\/wp\/v2\/posts\/12257\/revisions"}],"predecessor-version":[{"id":12259,"href":"https:\/\/periodiconuevomilenio.com\/index.php\/wp-json\/wp\/v2\/posts\/12257\/revisions\/12259"}],"wp:featuredmedia":[{"embeddable":true,"href":"https:\/\/periodiconuevomilenio.com\/index.php\/wp-json\/wp\/v2\/media\/12258"}],"wp:attachment":[{"href":"https:\/\/periodiconuevomilenio.com\/index.php\/wp-json\/wp\/v2\/media?parent=12257"}],"wp:term":[{"taxonomy":"category","embeddable":true,"href":"https:\/\/periodiconuevomilenio.com\/index.php\/wp-json\/wp\/v2\/categories?post=12257"},{"taxonomy":"post_tag","embeddable":true,"href":"https:\/\/periodiconuevomilenio.com\/index.php\/wp-json\/wp\/v2\/tags?post=12257"}],"curies":[{"name":"wp","href":"https:\/\/api.w.org\/{rel}","templated":true}]}}