{"id":1235,"date":"2023-03-13T09:47:05","date_gmt":"2023-03-13T15:47:05","guid":{"rendered":"https:\/\/periodiconuevomilenio.com\/?p=1235"},"modified":"2023-03-13T09:47:08","modified_gmt":"2023-03-13T15:47:08","slug":"los-mexicanos-se-han-dividido-mas-que-nunca-en-los-ultimos-seis-anos-erandi-bermudez","status":"publish","type":"post","link":"https:\/\/periodiconuevomilenio.com\/index.php\/2023\/03\/13\/los-mexicanos-se-han-dividido-mas-que-nunca-en-los-ultimos-seis-anos-erandi-bermudez\/","title":{"rendered":"<strong>LOS MEXICANOS SE HAN DIVIDIDO M\u00c1S QUE NUNCA EN LOS \u00daLTIMOS SEIS A\u00d1OS: ERANDI BERM\u00daDEZ<\/strong>"},"content":{"rendered":"\n<ul class=\"wp-block-list\">\n<li><strong>Es irresponsable no reconocer que los problemas no se est\u00e1n resolviendo y tampoco sirve la estrategia.<\/strong><\/li>\n<\/ul>\n\n\n\n<p>El senador Erandi Berm\u00fadez M\u00e9ndez se reuni\u00f3 con vecinos de la Colonia Valle Dorado en el municipio de Le\u00f3n, donde coment\u00f3 que uno de los obst\u00e1culos m\u00e1s grandes que ha enfrentado durante su trabajo en el Senado de la Rep\u00fablica es la polarizaci\u00f3n.<\/p>\n\n\n\n<p>\u201cAlgo que nos ha afectado mucho como pa\u00eds es la divisi\u00f3n, y la pol\u00edtica ha sido la principal responsable de esta situaci\u00f3n, no es culpa de nadie en particular porque para pelear se necesitan dos y al final, quien queda en medio de la situaci\u00f3n son los ciudadanos.\u201d<\/p>\n\n\n\n<p>Detall\u00f3 que, al contrario que en a\u00f1os anteriores, los conflictos y ataques no se han detenido ni siquiera despu\u00e9s de las elecciones, sin aportar nada constructivo al debate.<\/p>\n\n\n\n<p>\u201cDe aqu\u00ed a un a\u00f1o habr\u00e1 otra campa\u00f1a pol\u00edtica para la presidencia, pero han sido seis a\u00f1os sin haber tomado una tregua, tambi\u00e9n reconozco que el PAN y los dem\u00e1s partidos se la han pasado se\u00f1alando para seguir peleando.\u201d<\/p>\n\n\n\n<p>Coment\u00f3 que este clima de conflicto enfrenta a los mexicanos entre s\u00ed y los hace perder la perspectiva de trabajar por el bien com\u00fan y que el pa\u00eds es para todos.<\/p>\n\n\n\n<p>\u201cHe escuchado comentarios de que las personas que votaron por el PAN no deber\u00edan ir a recibir apoyos, al final del d\u00eda los recursos son de todos. Por eso, en lo personal no comparto la divisi\u00f3n que hace el presidente de la Rep\u00fablica entre el que tiene con el que no tiene, el que sabe con el que no sabe, eso es lo que m\u00e1s nos est\u00e1 afectando.\u201d<\/p>\n\n\n\n<p>A\u00f1adi\u00f3 que se deber\u00eda poder se\u00f1alar al Gobierno Federal que algunos de sus programas y estrategias son perfectibles, sin necesidad de que lo tomen como una descalificaci\u00f3n, sin embargo, nunca se ha visto una apertura al di\u00e1logo constructivo.<\/p>\n\n\n\n<p>\u201cPor ejemplo, no estoy en contra de los programas sociales, hay gente que si necesita un empujoncito se le tiene que dar, pero hay que asegurar que esos est\u00edmulos ayudan a combatir la desigualdad, llevando un control, realizando estudios.\u201d<\/p>\n\n\n\n<p>Insisti\u00f3 que la polarizaci\u00f3n ha afectado a los mexicanos, creando distracciones y entorpeciendo la rendici\u00f3n de cuentas.<\/p>\n\n\n\n<p>\u201cNos han afectado y el resultado son problemas grav\u00edsimos como la inseguridad, es irresponsable no reconocer que esos problemas no se est\u00e1n resolviendo y tampoco sirve la estrategia. El primer paso para resolver un conflicto es reconocerlo, tambi\u00e9n necesitamos ayuda de las familias, los pol\u00edticos, hasta de los medios de comunicaci\u00f3n, para sacar las cosas hacia adelante.\u201d<\/p>\n","protected":false},"excerpt":{"rendered":"<p>El senador Erandi Berm\u00fadez M\u00e9ndez se reuni\u00f3 con vecinos de la Colonia Valle Dorado en el municipio de<\/p>\n","protected":false},"author":1,"featured_media":1236,"comment_status":"open","ping_status":"open","sticky":false,"template":"","format":"standard","meta":{"jetpack_post_was_ever_published":false,"_jetpack_newsletter_access":"","_jetpack_dont_email_post_to_subs":false,"_jetpack_newsletter_tier_id":0,"_jetpack_memberships_contains_paywalled_content":false,"_jetpack_memberships_contains_paid_content":false,"footnotes":"","jetpack_publicize_message":"","jetpack_publicize_feature_enabled":false,"jetpack_social_post_already_shared":false,"jetpack_social_options":{"image_generator_settings":{"template":"highway","enabled":false},"version":2}},"categories":[32,47],"tags":[50],"class_list":["post-1235","post","type-post","status-publish","format-standard","has-post-thumbnail","hentry","category-abasolo","category-nacional","tag-nacional"],"jetpack_publicize_connections":[],"jetpack_sharing_enabled":true,"jetpack_featured_media_url":"https:\/\/periodiconuevomilenio.com\/wp-content\/uploads\/2023\/03\/335632071_526640872955196_6952909047954268996_n.jpg","_links":{"self":[{"href":"https:\/\/periodiconuevomilenio.com\/index.php\/wp-json\/wp\/v2\/posts\/1235","targetHints":{"allow":["GET"]}}],"collection":[{"href":"https:\/\/periodiconuevomilenio.com\/index.php\/wp-json\/wp\/v2\/posts"}],"about":[{"href":"https:\/\/periodiconuevomilenio.com\/index.php\/wp-json\/wp\/v2\/types\/post"}],"author":[{"embeddable":true,"href":"https:\/\/periodiconuevomilenio.com\/index.php\/wp-json\/wp\/v2\/users\/1"}],"replies":[{"embeddable":true,"href":"https:\/\/periodiconuevomilenio.com\/index.php\/wp-json\/wp\/v2\/comments?post=1235"}],"version-history":[{"count":1,"href":"https:\/\/periodiconuevomilenio.com\/index.php\/wp-json\/wp\/v2\/posts\/1235\/revisions"}],"predecessor-version":[{"id":1237,"href":"https:\/\/periodiconuevomilenio.com\/index.php\/wp-json\/wp\/v2\/posts\/1235\/revisions\/1237"}],"wp:featuredmedia":[{"embeddable":true,"href":"https:\/\/periodiconuevomilenio.com\/index.php\/wp-json\/wp\/v2\/media\/1236"}],"wp:attachment":[{"href":"https:\/\/periodiconuevomilenio.com\/index.php\/wp-json\/wp\/v2\/media?parent=1235"}],"wp:term":[{"taxonomy":"category","embeddable":true,"href":"https:\/\/periodiconuevomilenio.com\/index.php\/wp-json\/wp\/v2\/categories?post=1235"},{"taxonomy":"post_tag","embeddable":true,"href":"https:\/\/periodiconuevomilenio.com\/index.php\/wp-json\/wp\/v2\/tags?post=1235"}],"curies":[{"name":"wp","href":"https:\/\/api.w.org\/{rel}","templated":true}]}}