{"id":12369,"date":"2024-03-07T22:45:46","date_gmt":"2024-03-08T04:45:46","guid":{"rendered":"https:\/\/periodiconuevomilenio.com\/?p=12369"},"modified":"2024-03-08T01:26:04","modified_gmt":"2024-03-08T07:26:04","slug":"un-civil-muerto-en-enfrentamiento-con-la-policia-estatal","status":"publish","type":"post","link":"https:\/\/periodiconuevomilenio.com\/index.php\/2024\/03\/07\/un-civil-muerto-en-enfrentamiento-con-la-policia-estatal\/","title":{"rendered":"Un Civil Muerto en enfrentamiento con la \u00a0Polic\u00eda Estatal"},"content":{"rendered":"\n<p>Dos sujetos m\u00e1s fueron detenidos<\/p>\n\n\n\n<p><strong>Valle de Santiago, Gto., 07 de marzo de 2024.-<\/strong> La Secretar\u00eda de Seguridad P\u00fablica del Estado informa que derivado de patrullajes en este municipio, elementos de las Fuerzas de Seguridad P\u00fablica del Estado repelieron un ataque armado de civiles armados.<\/p>\n\n\n\n<p>Uno de los presuntos agresores fue abatido y dos sujetos m\u00e1s fueron detenidos, asegur\u00e1ndose en el lugar armas de fuego, cargadores, equipo de radiocomunicaci\u00f3n, tel\u00e9fonos celulares y equipo t\u00e1ctico y veh\u00edculos.<\/p>\n\n\n\n<p>Los hechos se registraron durante patrullajes de prevenci\u00f3n y vigilancia de los efectivos estatales en la comunidad Rancho de Guadalupe. En ese sitio, tuvieron a la vista a tres sujetos, dos de ellos a bordo de un autom\u00f3vil y uno m\u00e1s en una motocicleta.<\/p>\n\n\n\n<p>Estas personas, al notar la presencia policial, sin motivo aparente, hicieron detonaciones de arma de fuego en contra de los elementos, e inmediatamente emprenden la huida hacia la comunidad de San Francisco Javier, donde finalmente se les da alcance.<\/p>\n\n\n\n<p>Los hombres que viajaban en el auto, descienden todav\u00eda realizando detonaciones en contra de los efectivos que al repeler la agresi\u00f3n, abatieron a uno de los presuntos agresores y detuvieron en el lugar a los otros dos presuntos atacantes.<\/p>\n\n\n\n<p><strong>Detenidos:<\/strong><\/p>\n\n\n\n<ul class=\"wp-block-list\">\n<li>Issac \u201cN\u201d de 24 a\u00f1os.<\/li>\n\n\n\n<li>Francisco \u201cN\u201d de 52 a\u00f1os.<\/li>\n<\/ul>\n\n\n\n<p><strong>Armamento asegurado:<\/strong><\/p>\n\n\n\n<ul class=\"wp-block-list\">\n<li>01 arma larga.<\/li>\n\n\n\n<li>02 arma de fuego corta calibre 9mm.<\/li>\n\n\n\n<li>01 cargador para arma de fuego larga calibre 7.62.<\/li>\n\n\n\n<li>01 cargador para calibre 5.56.<\/li>\n\n\n\n<li>02 cargadores para calibre 9mm.<\/li>\n\n\n\n<li>06 cargadores calibre .223.<\/li>\n\n\n\n<li>Equipo t\u00e1ctico.<\/li>\n\n\n\n<li>Fragmentos de una cartulina.<\/li>\n<\/ul>\n\n\n\n<p><strong>Equipo de radiocomunicaci\u00f3n:<\/strong><\/p>\n\n\n\n<ul class=\"wp-block-list\">\n<li>04 radios de comunicaci\u00f3n.<\/li>\n\n\n\n<li>03 equipos de telefon\u00eda celular.<\/li>\n<\/ul>\n\n\n\n<p><strong>Veh\u00edculos:<\/strong><\/p>\n\n\n\n<ul class=\"wp-block-list\">\n<li>01 autom\u00f3vil marca Mazda, tipo sed\u00e1n, color negro, con reporte de robo en el municipio de Jaral del Progreso.<\/li>\n\n\n\n<li>01 una motocicleta marca Italika, color blanco, sin reporte de robo hasta el momento.<\/li>\n<\/ul>\n\n\n\n<p>La escena del lugar de los hechos, las personas detenidas, las armas, los cargadores, el equipo t\u00e1ctico, el equipo de radiocomunicaci\u00f3n, los veh\u00edculos y el fragmento de cartulina, todo qued\u00f3 a disposici\u00f3n de la autoridad competente.<\/p>\n\n\n\n<figure class=\"wp-block-gallery has-nested-images columns-default is-cropped wp-block-gallery-1 is-layout-flex wp-block-gallery-is-layout-flex\">\n<figure class=\"wp-block-image size-large\"><img loading=\"lazy\" decoding=\"async\" width=\"921\" height=\"459\" data-id=\"12375\" src=\"https:\/\/periodiconuevomilenio.com\/wp-content\/uploads\/2024\/03\/4-1.png\" alt=\"\" class=\"wp-image-12375\" srcset=\"https:\/\/periodiconuevomilenio.com\/wp-content\/uploads\/2024\/03\/4-1.png 921w, https:\/\/periodiconuevomilenio.com\/wp-content\/uploads\/2024\/03\/4-1-300x150.png 300w, https:\/\/periodiconuevomilenio.com\/wp-content\/uploads\/2024\/03\/4-1-768x383.png 768w\" sizes=\"auto, (max-width: 921px) 100vw, 921px\" \/><\/figure>\n\n\n\n<figure class=\"wp-block-image size-large\"><img loading=\"lazy\" decoding=\"async\" width=\"981\" height=\"611\" data-id=\"12373\" src=\"https:\/\/periodiconuevomilenio.com\/wp-content\/uploads\/2024\/03\/5.jpg\" alt=\"\" class=\"wp-image-12373\" srcset=\"https:\/\/periodiconuevomilenio.com\/wp-content\/uploads\/2024\/03\/5.jpg 981w, https:\/\/periodiconuevomilenio.com\/wp-content\/uploads\/2024\/03\/5-300x187.jpg 300w, https:\/\/periodiconuevomilenio.com\/wp-content\/uploads\/2024\/03\/5-768x478.jpg 768w\" sizes=\"auto, (max-width: 981px) 100vw, 981px\" \/><\/figure>\n\n\n\n<figure class=\"wp-block-image size-large\"><img loading=\"lazy\" decoding=\"async\" width=\"809\" height=\"609\" data-id=\"12374\" src=\"https:\/\/periodiconuevomilenio.com\/wp-content\/uploads\/2024\/03\/6.jpg\" alt=\"\" class=\"wp-image-12374\" srcset=\"https:\/\/periodiconuevomilenio.com\/wp-content\/uploads\/2024\/03\/6.jpg 809w, https:\/\/periodiconuevomilenio.com\/wp-content\/uploads\/2024\/03\/6-300x226.jpg 300w, https:\/\/periodiconuevomilenio.com\/wp-content\/uploads\/2024\/03\/6-768x578.jpg 768w\" sizes=\"auto, (max-width: 809px) 100vw, 809px\" \/><\/figure>\n\n\n\n<figure class=\"wp-block-image size-large\"><img loading=\"lazy\" decoding=\"async\" width=\"650\" height=\"439\" data-id=\"12372\" src=\"https:\/\/periodiconuevomilenio.com\/wp-content\/uploads\/2024\/03\/3.jpg\" alt=\"\" class=\"wp-image-12372\" srcset=\"https:\/\/periodiconuevomilenio.com\/wp-content\/uploads\/2024\/03\/3.jpg 650w, https:\/\/periodiconuevomilenio.com\/wp-content\/uploads\/2024\/03\/3-300x203.jpg 300w\" sizes=\"auto, (max-width: 650px) 100vw, 650px\" \/><\/figure>\n<\/figure>\n\n\n\n<figure class=\"wp-block-gallery has-nested-images columns-default is-cropped wp-block-gallery-2 is-layout-flex wp-block-gallery-is-layout-flex\">\n<figure class=\"wp-block-image size-large\"><img loading=\"lazy\" decoding=\"async\" width=\"577\" height=\"573\" data-id=\"12371\" src=\"https:\/\/periodiconuevomilenio.com\/wp-content\/uploads\/2024\/03\/1.jpg\" alt=\"\" class=\"wp-image-12371\" srcset=\"https:\/\/periodiconuevomilenio.com\/wp-content\/uploads\/2024\/03\/1.jpg 577w, https:\/\/periodiconuevomilenio.com\/wp-content\/uploads\/2024\/03\/1-300x298.jpg 300w, https:\/\/periodiconuevomilenio.com\/wp-content\/uploads\/2024\/03\/1-150x150.jpg 150w\" sizes=\"auto, (max-width: 577px) 100vw, 577px\" \/><\/figure>\n\n\n\n<figure class=\"wp-block-image size-large\"><img loading=\"lazy\" decoding=\"async\" width=\"602\" height=\"598\" data-id=\"12370\" src=\"https:\/\/periodiconuevomilenio.com\/wp-content\/uploads\/2024\/03\/2.jpg\" alt=\"\" class=\"wp-image-12370\" srcset=\"https:\/\/periodiconuevomilenio.com\/wp-content\/uploads\/2024\/03\/2.jpg 602w, https:\/\/periodiconuevomilenio.com\/wp-content\/uploads\/2024\/03\/2-300x298.jpg 300w, https:\/\/periodiconuevomilenio.com\/wp-content\/uploads\/2024\/03\/2-150x150.jpg 150w\" sizes=\"auto, (max-width: 602px) 100vw, 602px\" \/><\/figure>\n<\/figure>\n\n\n\n<figure class=\"wp-block-gallery has-nested-images columns-default is-cropped wp-block-gallery-3 is-layout-flex wp-block-gallery-is-layout-flex\"><\/figure>\n\n\n\n<p><\/p>\n\n\n","protected":false},"excerpt":{"rendered":"<p>Dos sujetos m\u00e1s fueron detenidos Valle de Santiago, Gto., 07 de marzo de 2024.- La Secretar\u00eda de Seguridad<\/p>\n","protected":false},"author":1,"featured_media":12377,"comment_status":"open","ping_status":"open","sticky":false,"template":"","format":"standard","meta":{"jetpack_post_was_ever_published":false,"_jetpack_newsletter_access":"","_jetpack_dont_email_post_to_subs":false,"_jetpack_newsletter_tier_id":0,"_jetpack_memberships_contains_paywalled_content":false,"_jetpack_memberships_contains_paid_content":false,"footnotes":"","jetpack_publicize_message":"","jetpack_publicize_feature_enabled":false,"jetpack_social_post_already_shared":false,"jetpack_social_options":{"image_generator_settings":{"template":"highway","enabled":false},"version":2}},"categories":[31,48,39],"tags":[51,22],"class_list":["post-12369","post","type-post","status-publish","format-standard","has-post-thumbnail","hentry","category-estado","category-policiaca","category-valle-de-santiago","tag-estado","tag-valle"],"jetpack_publicize_connections":[],"jetpack_sharing_enabled":true,"jetpack_featured_media_url":"https:\/\/periodiconuevomilenio.com\/wp-content\/uploads\/2024\/03\/7.jpg","_links":{"self":[{"href":"https:\/\/periodiconuevomilenio.com\/index.php\/wp-json\/wp\/v2\/posts\/12369","targetHints":{"allow":["GET"]}}],"collection":[{"href":"https:\/\/periodiconuevomilenio.com\/index.php\/wp-json\/wp\/v2\/posts"}],"about":[{"href":"https:\/\/periodiconuevomilenio.com\/index.php\/wp-json\/wp\/v2\/types\/post"}],"author":[{"embeddable":true,"href":"https:\/\/periodiconuevomilenio.com\/index.php\/wp-json\/wp\/v2\/users\/1"}],"replies":[{"embeddable":true,"href":"https:\/\/periodiconuevomilenio.com\/index.php\/wp-json\/wp\/v2\/comments?post=12369"}],"version-history":[{"count":1,"href":"https:\/\/periodiconuevomilenio.com\/index.php\/wp-json\/wp\/v2\/posts\/12369\/revisions"}],"predecessor-version":[{"id":12376,"href":"https:\/\/periodiconuevomilenio.com\/index.php\/wp-json\/wp\/v2\/posts\/12369\/revisions\/12376"}],"wp:featuredmedia":[{"embeddable":true,"href":"https:\/\/periodiconuevomilenio.com\/index.php\/wp-json\/wp\/v2\/media\/12377"}],"wp:attachment":[{"href":"https:\/\/periodiconuevomilenio.com\/index.php\/wp-json\/wp\/v2\/media?parent=12369"}],"wp:term":[{"taxonomy":"category","embeddable":true,"href":"https:\/\/periodiconuevomilenio.com\/index.php\/wp-json\/wp\/v2\/categories?post=12369"},{"taxonomy":"post_tag","embeddable":true,"href":"https:\/\/periodiconuevomilenio.com\/index.php\/wp-json\/wp\/v2\/tags?post=12369"}],"curies":[{"name":"wp","href":"https:\/\/api.w.org\/{rel}","templated":true}]}}