{"id":12384,"date":"2024-03-08T14:04:34","date_gmt":"2024-03-08T20:04:34","guid":{"rendered":"https:\/\/periodiconuevomilenio.com\/?p=12384"},"modified":"2024-03-08T14:04:37","modified_gmt":"2024-03-08T20:04:37","slug":"sentenciado-por-intento-de-homicidio-y-delitos-contra-la-salud-en-valle-de-santiago","status":"publish","type":"post","link":"https:\/\/periodiconuevomilenio.com\/index.php\/2024\/03\/08\/sentenciado-por-intento-de-homicidio-y-delitos-contra-la-salud-en-valle-de-santiago\/","title":{"rendered":"Sentenciado por intento de homicidio y delitos contra la salud en Valle de Santiago."},"content":{"rendered":"\n<p>Valle de Santiago, Gto. 08 de marzo de 2024.- FERNANDO JAVIER \u201cN\u201d fue sentenciado en procedimiento abreviado a 17 a\u00f1os, 5 meses y 5 d\u00edas de c\u00e1rcel, por intentar asesinar a tres elementos de seguridad p\u00fablica que salieron de sus labores, la ma\u00f1ana del 07 de marzo de 2023, en Valle de Santiago.<\/p>\n\n\n\n<p>En esa fecha, los ofendidos terminaron su jornada de trabajo y a bordo de sus motocicletas condujeron rumbo a sus domicilios, momentos despu\u00e9s en un camino que conduce a la comunidad de Santiago Ap\u00f3stol, fueron interceptados por un sujeto que les emparej\u00f3 la camioneta que conduc\u00eda y en ese momento los oficiales fueron objeto de un ataque con armas de fuego.<\/p>\n\n\n\n<p>Realizando maniobras evasivas, las v\u00edctimas lograron sobrevivir a los disparos, pero uno de ellos result\u00f3 con una lesi\u00f3n en la regi\u00f3n lumbar, mientras que el agresor perdi\u00f3 el control de la camioneta y se fue hacia un canal de riego.<\/p>\n\n\n\n<p>Ante el reporte de los hechos, el acusado fue ubicado durante un operativo de b\u00fasqueda y al momento de su detenci\u00f3n le fue asegurada una bolsa transparente con droga en su interior; luego fue puesto a disposici\u00f3n del Ministerio P\u00fablico, donde se llevaron a cabo los actos de investigaci\u00f3n que derivaron en su vinculaci\u00f3n a proceso penal y actualmente en la sentencia de c\u00e1rcel que tendr\u00e1 que cumplir por su responsabilidad en los hechos criminales.<\/p>\n\n\n\n<figure class=\"wp-block-image size-large\"><img loading=\"lazy\" decoding=\"async\" width=\"819\" height=\"1024\" src=\"https:\/\/periodiconuevomilenio.com\/wp-content\/uploads\/2024\/03\/f0ace437-5e25-4d47-b5ee-ce63f7a83a75-819x1024.jpg\" alt=\"\" class=\"wp-image-12385\" srcset=\"https:\/\/periodiconuevomilenio.com\/wp-content\/uploads\/2024\/03\/f0ace437-5e25-4d47-b5ee-ce63f7a83a75-819x1024.jpg 819w, https:\/\/periodiconuevomilenio.com\/wp-content\/uploads\/2024\/03\/f0ace437-5e25-4d47-b5ee-ce63f7a83a75-240x300.jpg 240w, https:\/\/periodiconuevomilenio.com\/wp-content\/uploads\/2024\/03\/f0ace437-5e25-4d47-b5ee-ce63f7a83a75-768x960.jpg 768w, https:\/\/periodiconuevomilenio.com\/wp-content\/uploads\/2024\/03\/f0ace437-5e25-4d47-b5ee-ce63f7a83a75-1024x1280.jpg 1024w, https:\/\/periodiconuevomilenio.com\/wp-content\/uploads\/2024\/03\/f0ace437-5e25-4d47-b5ee-ce63f7a83a75.jpg 1080w\" sizes=\"auto, (max-width: 819px) 100vw, 819px\" \/><\/figure>\n\n\n","protected":false},"excerpt":{"rendered":"<p>Valle de Santiago, Gto. 08 de marzo de 2024.- FERNANDO JAVIER \u201cN\u201d fue sentenciado en procedimiento abreviado a<\/p>\n","protected":false},"author":1,"featured_media":12385,"comment_status":"open","ping_status":"open","sticky":false,"template":"","format":"standard","meta":{"jetpack_post_was_ever_published":false,"_jetpack_newsletter_access":"","_jetpack_dont_email_post_to_subs":false,"_jetpack_newsletter_tier_id":0,"_jetpack_memberships_contains_paywalled_content":false,"_jetpack_memberships_contains_paid_content":false,"footnotes":"","jetpack_publicize_message":"","jetpack_publicize_feature_enabled":false,"jetpack_social_post_already_shared":false,"jetpack_social_options":{"image_generator_settings":{"template":"highway","enabled":false},"version":2}},"categories":[31,48,39],"tags":[22],"class_list":["post-12384","post","type-post","status-publish","format-standard","has-post-thumbnail","hentry","category-estado","category-policiaca","category-valle-de-santiago","tag-valle"],"jetpack_publicize_connections":[],"jetpack_sharing_enabled":true,"jetpack_featured_media_url":"https:\/\/periodiconuevomilenio.com\/wp-content\/uploads\/2024\/03\/f0ace437-5e25-4d47-b5ee-ce63f7a83a75.jpg","_links":{"self":[{"href":"https:\/\/periodiconuevomilenio.com\/index.php\/wp-json\/wp\/v2\/posts\/12384","targetHints":{"allow":["GET"]}}],"collection":[{"href":"https:\/\/periodiconuevomilenio.com\/index.php\/wp-json\/wp\/v2\/posts"}],"about":[{"href":"https:\/\/periodiconuevomilenio.com\/index.php\/wp-json\/wp\/v2\/types\/post"}],"author":[{"embeddable":true,"href":"https:\/\/periodiconuevomilenio.com\/index.php\/wp-json\/wp\/v2\/users\/1"}],"replies":[{"embeddable":true,"href":"https:\/\/periodiconuevomilenio.com\/index.php\/wp-json\/wp\/v2\/comments?post=12384"}],"version-history":[{"count":1,"href":"https:\/\/periodiconuevomilenio.com\/index.php\/wp-json\/wp\/v2\/posts\/12384\/revisions"}],"predecessor-version":[{"id":12386,"href":"https:\/\/periodiconuevomilenio.com\/index.php\/wp-json\/wp\/v2\/posts\/12384\/revisions\/12386"}],"wp:featuredmedia":[{"embeddable":true,"href":"https:\/\/periodiconuevomilenio.com\/index.php\/wp-json\/wp\/v2\/media\/12385"}],"wp:attachment":[{"href":"https:\/\/periodiconuevomilenio.com\/index.php\/wp-json\/wp\/v2\/media?parent=12384"}],"wp:term":[{"taxonomy":"category","embeddable":true,"href":"https:\/\/periodiconuevomilenio.com\/index.php\/wp-json\/wp\/v2\/categories?post=12384"},{"taxonomy":"post_tag","embeddable":true,"href":"https:\/\/periodiconuevomilenio.com\/index.php\/wp-json\/wp\/v2\/tags?post=12384"}],"curies":[{"name":"wp","href":"https:\/\/api.w.org\/{rel}","templated":true}]}}