{"id":12392,"date":"2024-03-09T12:22:22","date_gmt":"2024-03-09T18:22:22","guid":{"rendered":"https:\/\/periodiconuevomilenio.com\/?p=12392"},"modified":"2024-03-09T12:22:24","modified_gmt":"2024-03-09T18:22:24","slug":"sentenciados-a-casi-medio-siglo-de-carcel-por-homicidio-intento-de-homicidio-privacion-de-la-libertad-agravada-y-robo-calificado-en-valle-de-santiago","status":"publish","type":"post","link":"https:\/\/periodiconuevomilenio.com\/index.php\/2024\/03\/09\/sentenciados-a-casi-medio-siglo-de-carcel-por-homicidio-intento-de-homicidio-privacion-de-la-libertad-agravada-y-robo-calificado-en-valle-de-santiago\/","title":{"rendered":"Sentenciados a casi medio siglo de c\u00e1rcel por homicidio, intento de homicidio, privaci\u00f3n de la libertad agravada y robo calificado en Valle de Santiago."},"content":{"rendered":"\n<p>Valle de Santiago, Gto. 09 de marzo de 2024.- Tres sujetos pasar\u00e1n en la c\u00e1rcel cerca de medio siglo, tras haber acreditado la Fiscal\u00eda ante un Juez, sus responsabilidades en los delitos de homicidio, intento de homicidio, privaci\u00f3n de la libertad agravada y robo calificado, en la ciudad de Valle de Santiago.<\/p>\n\n\n\n<p>El 06 de abril de 2021, ERNESTO \u201cN\u201d de 46 a\u00f1os de edad, JES\u00daS ALEJANDRO \u201cN\u201d de 30 a\u00f1os y FERNANDO GUADALUPE \u201cN\u201d de 29 a\u00f1os, llegaron a bordo de una camioneta hasta un domicilio de la colonia Ranchos Unidos en dicho municipio.<\/p>\n\n\n\n<p>En el lugar se encontraban dos hombres que fueron amagados por los agresores y llevados a la camioneta bajo amenazas con armas de fuego; en ese momento lleg\u00f3 Jos\u00e9 de Jes\u00fas \u201cN\u201d, hermano de uno de los sometidos, quien al ver la situaci\u00f3n aceler\u00f3 e impact\u00f3 su camioneta contra la de los agresores, y estos en respuesta lo asesinaron de varios disparos, adem\u00e1s lesionaron en la cabeza a una persona que acompa\u00f1aba en ese momento al hoy occiso.<\/p>\n\n\n\n<p>Tras el acto criminal, los acusados robaron otro veh\u00edculo y huyeron del lugar llev\u00e1ndose a uno de los hombres que inicialmente privaron de la libertad.<\/p>\n\n\n\n<p>Posteriormente, los inculpados fueron detenidos y tras ser vinculados a proceso penal se lleg\u00f3 el d\u00eda de su juicio, donde el Juez dict\u00f3 las sentencias respectivas de 17 a\u00f1os y 6 meses de c\u00e1rcel por el homicidio; 8 a\u00f1os y 9 meses por la tentativa de homicidio; 15 a\u00f1os por la privaci\u00f3n de la libertad agravada de las dos v\u00edctimas y 7 a\u00f1os con 6 meses por el robo calificado, para sumar un total de 48 a\u00f1os con 9 meses de c\u00e1rcel.<\/p>\n\n\n\n<figure class=\"wp-block-image size-large\"><img loading=\"lazy\" decoding=\"async\" width=\"819\" height=\"1024\" src=\"https:\/\/periodiconuevomilenio.com\/wp-content\/uploads\/2024\/03\/d86c8249-a79a-4aba-9a2b-5ea0a99e9244-819x1024.jpg\" alt=\"\" class=\"wp-image-12393\" srcset=\"https:\/\/periodiconuevomilenio.com\/wp-content\/uploads\/2024\/03\/d86c8249-a79a-4aba-9a2b-5ea0a99e9244-819x1024.jpg 819w, https:\/\/periodiconuevomilenio.com\/wp-content\/uploads\/2024\/03\/d86c8249-a79a-4aba-9a2b-5ea0a99e9244-240x300.jpg 240w, https:\/\/periodiconuevomilenio.com\/wp-content\/uploads\/2024\/03\/d86c8249-a79a-4aba-9a2b-5ea0a99e9244-768x960.jpg 768w, https:\/\/periodiconuevomilenio.com\/wp-content\/uploads\/2024\/03\/d86c8249-a79a-4aba-9a2b-5ea0a99e9244-1024x1280.jpg 1024w, https:\/\/periodiconuevomilenio.com\/wp-content\/uploads\/2024\/03\/d86c8249-a79a-4aba-9a2b-5ea0a99e9244.jpg 1080w\" sizes=\"auto, (max-width: 819px) 100vw, 819px\" \/><\/figure>\n\n\n\n<figure class=\"wp-block-gallery has-nested-images columns-default is-cropped wp-block-gallery-1 is-layout-flex wp-block-gallery-is-layout-flex\"><\/figure>\n","protected":false},"excerpt":{"rendered":"<p>Valle de Santiago, Gto. 09 de marzo de 2024.- Tres sujetos pasar\u00e1n en la c\u00e1rcel cerca de medio<\/p>\n","protected":false},"author":1,"featured_media":12393,"comment_status":"open","ping_status":"open","sticky":false,"template":"","format":"standard","meta":{"jetpack_post_was_ever_published":false,"_jetpack_newsletter_access":"","_jetpack_dont_email_post_to_subs":false,"_jetpack_newsletter_tier_id":0,"_jetpack_memberships_contains_paywalled_content":false,"_jetpack_memberships_contains_paid_content":false,"footnotes":"","jetpack_publicize_message":"","jetpack_publicize_feature_enabled":false,"jetpack_social_post_already_shared":false,"jetpack_social_options":{"image_generator_settings":{"template":"highway","enabled":false},"version":2}},"categories":[48,39],"tags":[22],"class_list":["post-12392","post","type-post","status-publish","format-standard","has-post-thumbnail","hentry","category-policiaca","category-valle-de-santiago","tag-valle"],"jetpack_publicize_connections":[],"jetpack_sharing_enabled":true,"jetpack_featured_media_url":"https:\/\/periodiconuevomilenio.com\/wp-content\/uploads\/2024\/03\/d86c8249-a79a-4aba-9a2b-5ea0a99e9244.jpg","_links":{"self":[{"href":"https:\/\/periodiconuevomilenio.com\/index.php\/wp-json\/wp\/v2\/posts\/12392","targetHints":{"allow":["GET"]}}],"collection":[{"href":"https:\/\/periodiconuevomilenio.com\/index.php\/wp-json\/wp\/v2\/posts"}],"about":[{"href":"https:\/\/periodiconuevomilenio.com\/index.php\/wp-json\/wp\/v2\/types\/post"}],"author":[{"embeddable":true,"href":"https:\/\/periodiconuevomilenio.com\/index.php\/wp-json\/wp\/v2\/users\/1"}],"replies":[{"embeddable":true,"href":"https:\/\/periodiconuevomilenio.com\/index.php\/wp-json\/wp\/v2\/comments?post=12392"}],"version-history":[{"count":1,"href":"https:\/\/periodiconuevomilenio.com\/index.php\/wp-json\/wp\/v2\/posts\/12392\/revisions"}],"predecessor-version":[{"id":12394,"href":"https:\/\/periodiconuevomilenio.com\/index.php\/wp-json\/wp\/v2\/posts\/12392\/revisions\/12394"}],"wp:featuredmedia":[{"embeddable":true,"href":"https:\/\/periodiconuevomilenio.com\/index.php\/wp-json\/wp\/v2\/media\/12393"}],"wp:attachment":[{"href":"https:\/\/periodiconuevomilenio.com\/index.php\/wp-json\/wp\/v2\/media?parent=12392"}],"wp:term":[{"taxonomy":"category","embeddable":true,"href":"https:\/\/periodiconuevomilenio.com\/index.php\/wp-json\/wp\/v2\/categories?post=12392"},{"taxonomy":"post_tag","embeddable":true,"href":"https:\/\/periodiconuevomilenio.com\/index.php\/wp-json\/wp\/v2\/tags?post=12392"}],"curies":[{"name":"wp","href":"https:\/\/api.w.org\/{rel}","templated":true}]}}