{"id":12477,"date":"2024-03-14T23:14:50","date_gmt":"2024-03-15T05:14:50","guid":{"rendered":"https:\/\/periodiconuevomilenio.com\/?p=12477"},"modified":"2024-03-14T23:14:53","modified_gmt":"2024-03-15T05:14:53","slug":"vinculado-a-proceso-penal-por-homicidio-en-irapuato","status":"publish","type":"post","link":"https:\/\/periodiconuevomilenio.com\/index.php\/2024\/03\/14\/vinculado-a-proceso-penal-por-homicidio-en-irapuato\/","title":{"rendered":"Vinculado a proceso penal por homicidio en Irapuato"},"content":{"rendered":"\n<p>Irapuato, Gto. 14 de marzo de 2024.- Fue detenido y vinculado a proceso penal,&nbsp;<strong>JORGE CARLOS \u201cN\u201d<\/strong>, acusado de haber asesinado a un hombre en Irapuato.<\/p>\n\n\n\n<p>La tarde del 04 de octubre de 2023, en la calle Camino Real, en&nbsp;la colonia Ampliaci\u00f3n Las Am\u00e9ricas, un hombre llamado Juan Armando \u201cN\u201d de 32 a\u00f1os de edad, fue gravemente lesionado con un cuchillo, y posteriormente falleci\u00f3 en un hospital.<\/p>\n\n\n\n<p>Peritos forenses recabaron indicios que fueron analizados en los laboratorios de la Agencia de Investigaci\u00f3n Criminal y aunado al an\u00e1lisis de informaci\u00f3n en torno al crimen, fue posible identificar al presunto homicida.<\/p>\n\n\n\n<p>Con orden de aprehensi\u00f3n, Agentes de Investigaci\u00f3n Criminal ubicaron y detuvieron al inculpado de 26 a\u00f1os de edad. Al ser llevado a audiencia, la Fiscal\u00eda present\u00f3 los datos de prueba que acreditan la presunta responsabilidad de\u00a0<strong>JORGE CARLOS \u201cN\u201d<\/strong>, en el delito de homicidio calificado.<\/p>\n\n\n\n<figure class=\"wp-block-image size-large\"><img loading=\"lazy\" decoding=\"async\" width=\"819\" height=\"1024\" src=\"https:\/\/periodiconuevomilenio.com\/wp-content\/uploads\/2024\/03\/thumbnail-2-819x1024.jpg\" alt=\"\" class=\"wp-image-12478\" srcset=\"https:\/\/periodiconuevomilenio.com\/wp-content\/uploads\/2024\/03\/thumbnail-2-819x1024.jpg 819w, https:\/\/periodiconuevomilenio.com\/wp-content\/uploads\/2024\/03\/thumbnail-2-240x300.jpg 240w, https:\/\/periodiconuevomilenio.com\/wp-content\/uploads\/2024\/03\/thumbnail-2-768x960.jpg 768w, https:\/\/periodiconuevomilenio.com\/wp-content\/uploads\/2024\/03\/thumbnail-2-1024x1280.jpg 1024w, https:\/\/periodiconuevomilenio.com\/wp-content\/uploads\/2024\/03\/thumbnail-2.jpg 1080w\" sizes=\"auto, (max-width: 819px) 100vw, 819px\" \/><\/figure>\n\n\n\n<p><\/p>\n\n\n\n<figure class=\"wp-block-gallery has-nested-images columns-default is-cropped wp-block-gallery-1 is-layout-flex wp-block-gallery-is-layout-flex\"><\/figure>\n","protected":false},"excerpt":{"rendered":"<p>Irapuato, Gto. 14 de marzo de 2024.- Fue detenido y vinculado a proceso penal,&nbsp;JORGE CARLOS \u201cN\u201d, acusado de<\/p>\n","protected":false},"author":1,"featured_media":12478,"comment_status":"open","ping_status":"open","sticky":false,"template":"","format":"standard","meta":{"jetpack_post_was_ever_published":false,"_jetpack_newsletter_access":"","_jetpack_dont_email_post_to_subs":false,"_jetpack_newsletter_tier_id":0,"_jetpack_memberships_contains_paywalled_content":false,"_jetpack_memberships_contains_paid_content":false,"footnotes":"","jetpack_publicize_message":"","jetpack_publicize_feature_enabled":true,"jetpack_social_post_already_shared":true,"jetpack_social_options":{"image_generator_settings":{"template":"highway","enabled":false},"version":2}},"categories":[31,48],"tags":[51],"class_list":["post-12477","post","type-post","status-publish","format-standard","has-post-thumbnail","hentry","category-estado","category-policiaca","tag-estado"],"jetpack_publicize_connections":[],"jetpack_sharing_enabled":true,"jetpack_featured_media_url":"https:\/\/periodiconuevomilenio.com\/wp-content\/uploads\/2024\/03\/thumbnail-2.jpg","_links":{"self":[{"href":"https:\/\/periodiconuevomilenio.com\/index.php\/wp-json\/wp\/v2\/posts\/12477","targetHints":{"allow":["GET"]}}],"collection":[{"href":"https:\/\/periodiconuevomilenio.com\/index.php\/wp-json\/wp\/v2\/posts"}],"about":[{"href":"https:\/\/periodiconuevomilenio.com\/index.php\/wp-json\/wp\/v2\/types\/post"}],"author":[{"embeddable":true,"href":"https:\/\/periodiconuevomilenio.com\/index.php\/wp-json\/wp\/v2\/users\/1"}],"replies":[{"embeddable":true,"href":"https:\/\/periodiconuevomilenio.com\/index.php\/wp-json\/wp\/v2\/comments?post=12477"}],"version-history":[{"count":1,"href":"https:\/\/periodiconuevomilenio.com\/index.php\/wp-json\/wp\/v2\/posts\/12477\/revisions"}],"predecessor-version":[{"id":12479,"href":"https:\/\/periodiconuevomilenio.com\/index.php\/wp-json\/wp\/v2\/posts\/12477\/revisions\/12479"}],"wp:featuredmedia":[{"embeddable":true,"href":"https:\/\/periodiconuevomilenio.com\/index.php\/wp-json\/wp\/v2\/media\/12478"}],"wp:attachment":[{"href":"https:\/\/periodiconuevomilenio.com\/index.php\/wp-json\/wp\/v2\/media?parent=12477"}],"wp:term":[{"taxonomy":"category","embeddable":true,"href":"https:\/\/periodiconuevomilenio.com\/index.php\/wp-json\/wp\/v2\/categories?post=12477"},{"taxonomy":"post_tag","embeddable":true,"href":"https:\/\/periodiconuevomilenio.com\/index.php\/wp-json\/wp\/v2\/tags?post=12477"}],"curies":[{"name":"wp","href":"https:\/\/api.w.org\/{rel}","templated":true}]}}