{"id":12480,"date":"2024-03-14T23:38:44","date_gmt":"2024-03-15T05:38:44","guid":{"rendered":"https:\/\/periodiconuevomilenio.com\/?p=12480"},"modified":"2024-03-14T23:38:47","modified_gmt":"2024-03-15T05:38:47","slug":"el-taxi-de-la-muerte","status":"publish","type":"post","link":"https:\/\/periodiconuevomilenio.com\/index.php\/2024\/03\/14\/el-taxi-de-la-muerte\/","title":{"rendered":"El taxi de la muerte."},"content":{"rendered":"\n<p><strong>*Fueron tres los cuerpos sin vida&nbsp; encontrados al interior.<\/strong><\/p>\n\n\n\n<p><strong>VALLE DE SANTIAGO, GTO.- Fueron tres y no dos, los cuerpos localizados sin vida al interior de un taxi que fue encontrado la ma\u00f1ana de este mi\u00e9rcoles 13 de marzo en un camino de terracer\u00eda que conduce a la Palizada.<\/strong><\/p>\n\n\n\n<p><strong>&nbsp;Fue este d\u00eda cuando&nbsp; la fiscal\u00eda del Estado confirm\u00f3 de la presencia de tres cuerpos, dos en el interior y el tercero encajuelado, los tres presentaban huellas de tortura y estaban atados de pies y manos.<\/strong><\/p>\n\n\n\n<p><strong>Dijeron que se trataba de un taxi sin especificar el n\u00famero econ\u00f3mico, tampoco dieron a conocer si el veh\u00edculo de alquiler era de Valle o de otro municipio.<\/strong><\/p>\n\n\n\n<p><strong>&nbsp;En el informe,&nbsp; la fiscal\u00eda general del estado solo se concret\u00f3 a se\u00f1alar que, el veh\u00edculo fue localizado en un camino de terracer\u00eda que conduce de Los Linos a la Palizada.<\/strong><\/p>\n\n\n\n<p><strong>&nbsp;Se trata de tres&nbsp; personas sin vida, todos ellos hombres, los cuales no han sido identificados, los cuerpos presentaban heridas de bala y golpes, fueron encontrados en el lugar casquillos percutidos, as\u00ed como el taxi que fue tomado como evidencia.<\/strong><\/p>\n\n\n\n<p><strong>Finalmente, dijeron que las investigaciones se encuentran en curso para el esclarecimiento e identificaci\u00f3n de las v\u00edctimas.<\/strong><\/p>\n\n\n\n<figure class=\"wp-block-image size-large\"><img loading=\"lazy\" decoding=\"async\" width=\"1024\" height=\"768\" src=\"https:\/\/periodiconuevomilenio.com\/wp-content\/uploads\/2024\/03\/72d2979c-64bb-4096-85d3-37480c5e8311-1024x768.jpg\" alt=\"\" class=\"wp-image-12482\" srcset=\"https:\/\/periodiconuevomilenio.com\/wp-content\/uploads\/2024\/03\/72d2979c-64bb-4096-85d3-37480c5e8311-1024x768.jpg 1024w, https:\/\/periodiconuevomilenio.com\/wp-content\/uploads\/2024\/03\/72d2979c-64bb-4096-85d3-37480c5e8311-300x225.jpg 300w, https:\/\/periodiconuevomilenio.com\/wp-content\/uploads\/2024\/03\/72d2979c-64bb-4096-85d3-37480c5e8311-768x576.jpg 768w, https:\/\/periodiconuevomilenio.com\/wp-content\/uploads\/2024\/03\/72d2979c-64bb-4096-85d3-37480c5e8311-1536x1152.jpg 1536w, https:\/\/periodiconuevomilenio.com\/wp-content\/uploads\/2024\/03\/72d2979c-64bb-4096-85d3-37480c5e8311.jpg 1600w\" sizes=\"auto, (max-width: 1024px) 100vw, 1024px\" \/><\/figure>\n\n\n\n<figure class=\"wp-block-image size-full\"><img loading=\"lazy\" decoding=\"async\" width=\"1024\" height=\"609\" src=\"https:\/\/periodiconuevomilenio.com\/wp-content\/uploads\/2024\/03\/e243ce0b-9623-4de1-b280-5cab8ff04fec.jpg\" alt=\"\" class=\"wp-image-12481\" srcset=\"https:\/\/periodiconuevomilenio.com\/wp-content\/uploads\/2024\/03\/e243ce0b-9623-4de1-b280-5cab8ff04fec.jpg 1024w, https:\/\/periodiconuevomilenio.com\/wp-content\/uploads\/2024\/03\/e243ce0b-9623-4de1-b280-5cab8ff04fec-300x178.jpg 300w, https:\/\/periodiconuevomilenio.com\/wp-content\/uploads\/2024\/03\/e243ce0b-9623-4de1-b280-5cab8ff04fec-768x457.jpg 768w\" sizes=\"auto, (max-width: 1024px) 100vw, 1024px\" \/><\/figure>\n\n\n\n<figure class=\"wp-block-gallery has-nested-images columns-default is-cropped wp-block-gallery-1 is-layout-flex wp-block-gallery-is-layout-flex\"><\/figure>\n","protected":false},"excerpt":{"rendered":"<p>*Fueron tres los cuerpos sin vida&nbsp; encontrados al interior. VALLE DE SANTIAGO, GTO.- Fueron tres y no dos,<\/p>\n","protected":false},"author":1,"featured_media":12481,"comment_status":"open","ping_status":"open","sticky":false,"template":"","format":"standard","meta":{"jetpack_post_was_ever_published":false,"_jetpack_newsletter_access":"","_jetpack_dont_email_post_to_subs":false,"_jetpack_newsletter_tier_id":0,"_jetpack_memberships_contains_paywalled_content":false,"_jetpack_memberships_contains_paid_content":false,"footnotes":"","jetpack_publicize_message":"","jetpack_publicize_feature_enabled":false,"jetpack_social_post_already_shared":false,"jetpack_social_options":{"image_generator_settings":{"template":"highway","enabled":false},"version":2}},"categories":[48,39],"tags":[51,22],"class_list":["post-12480","post","type-post","status-publish","format-standard","has-post-thumbnail","hentry","category-policiaca","category-valle-de-santiago","tag-estado","tag-valle"],"jetpack_publicize_connections":[],"jetpack_sharing_enabled":true,"jetpack_featured_media_url":"https:\/\/periodiconuevomilenio.com\/wp-content\/uploads\/2024\/03\/e243ce0b-9623-4de1-b280-5cab8ff04fec.jpg","_links":{"self":[{"href":"https:\/\/periodiconuevomilenio.com\/index.php\/wp-json\/wp\/v2\/posts\/12480","targetHints":{"allow":["GET"]}}],"collection":[{"href":"https:\/\/periodiconuevomilenio.com\/index.php\/wp-json\/wp\/v2\/posts"}],"about":[{"href":"https:\/\/periodiconuevomilenio.com\/index.php\/wp-json\/wp\/v2\/types\/post"}],"author":[{"embeddable":true,"href":"https:\/\/periodiconuevomilenio.com\/index.php\/wp-json\/wp\/v2\/users\/1"}],"replies":[{"embeddable":true,"href":"https:\/\/periodiconuevomilenio.com\/index.php\/wp-json\/wp\/v2\/comments?post=12480"}],"version-history":[{"count":1,"href":"https:\/\/periodiconuevomilenio.com\/index.php\/wp-json\/wp\/v2\/posts\/12480\/revisions"}],"predecessor-version":[{"id":12483,"href":"https:\/\/periodiconuevomilenio.com\/index.php\/wp-json\/wp\/v2\/posts\/12480\/revisions\/12483"}],"wp:featuredmedia":[{"embeddable":true,"href":"https:\/\/periodiconuevomilenio.com\/index.php\/wp-json\/wp\/v2\/media\/12481"}],"wp:attachment":[{"href":"https:\/\/periodiconuevomilenio.com\/index.php\/wp-json\/wp\/v2\/media?parent=12480"}],"wp:term":[{"taxonomy":"category","embeddable":true,"href":"https:\/\/periodiconuevomilenio.com\/index.php\/wp-json\/wp\/v2\/categories?post=12480"},{"taxonomy":"post_tag","embeddable":true,"href":"https:\/\/periodiconuevomilenio.com\/index.php\/wp-json\/wp\/v2\/tags?post=12480"}],"curies":[{"name":"wp","href":"https:\/\/api.w.org\/{rel}","templated":true}]}}