{"id":12507,"date":"2024-03-16T10:21:11","date_gmt":"2024-03-16T16:21:11","guid":{"rendered":"https:\/\/periodiconuevomilenio.com\/?p=12507"},"modified":"2024-03-16T10:21:14","modified_gmt":"2024-03-16T16:21:14","slug":"vinculados-a-proceso-penal-por-homicidio-en-grado-de-tentativa-en-contra-de-servidores-publicos-danos-y-portacion-de-armas-de-fuego-de-uso-exclusivo-del-ejercito-y-fuerzas-armadas","status":"publish","type":"post","link":"https:\/\/periodiconuevomilenio.com\/index.php\/2024\/03\/16\/vinculados-a-proceso-penal-por-homicidio-en-grado-de-tentativa-en-contra-de-servidores-publicos-danos-y-portacion-de-armas-de-fuego-de-uso-exclusivo-del-ejercito-y-fuerzas-armadas\/","title":{"rendered":"Vinculados a proceso penal por homicidio en grado de tentativa en contra de servidores p\u00fablicos, da\u00f1os y portaci\u00f3n de armas de fuego de uso exclusivo del Ej\u00e9rcito y fuerzas armadas."},"content":{"rendered":"\n<p>Valle de Santiago, Gto. 16 de marzo de 2024.- Dos sujetos han sido vinculados a proceso penal por disparar y atentar contra la vida de elementos de la polic\u00eda estatal, en el municipio de Valle de Santiago; adem\u00e1s enfrentan cargos por da\u00f1os a las unidades oficiales y por la portaci\u00f3n de armas de fuego.<\/p>\n\n\n\n<p>ISAAC \u201cN\u201d y FRANCISCO \u201cN\u201d permanecer\u00e1n en prisi\u00f3n acusados por los delitos de homicidio en grado de tentativa en contra de servidores p\u00fablicos, da\u00f1os y portaci\u00f3n de armas de fuego de uso exclusivo del Ej\u00e9rcito y fuerzas armadas.<\/p>\n\n\n\n<p>Elementos de las Fuerzas de Seguridad P\u00fablica del Estado (FSPE), repelieron un ataque por parte de civiles armados que se encontraban cerca de un campo deportivo en la comunidad de Guadalupe.<\/p>\n\n\n\n<p>Uno de los agresores fue abatido y dos sujetos m\u00e1s fueron detenidos. En el lugar se aseguraron las armas de fuego, aparatos de radiocomunicaci\u00f3n, celulares, equipo t\u00e1ctico y veh\u00edculos.<\/p>\n\n\n\n<p>El Agente del Ministerio P\u00fablico present\u00f3 datos de prueba con los que ISAAC \u201cN\u201d y FRANCISCO \u201cN\u201d fueron vinculados a proceso penal por los delitos de homicidio en grado de tentativa en contra servidores p\u00fablicos y da\u00f1os; por lo que hace al delito de portaci\u00f3n de armas de fuego de uso exclusivo del Ej\u00e9rcito y fuerzas armadas, se declin\u00f3 la competencia al Ministerio P\u00fablico federal.<\/p>\n\n\n\n<figure class=\"wp-block-image size-large\"><img loading=\"lazy\" decoding=\"async\" width=\"819\" height=\"1024\" src=\"https:\/\/periodiconuevomilenio.com\/wp-content\/uploads\/2024\/03\/4ed4145e-ce2c-4c8d-921d-907a3aa4e1db-819x1024.jpg\" alt=\"\" class=\"wp-image-12508\" srcset=\"https:\/\/periodiconuevomilenio.com\/wp-content\/uploads\/2024\/03\/4ed4145e-ce2c-4c8d-921d-907a3aa4e1db-819x1024.jpg 819w, https:\/\/periodiconuevomilenio.com\/wp-content\/uploads\/2024\/03\/4ed4145e-ce2c-4c8d-921d-907a3aa4e1db-240x300.jpg 240w, https:\/\/periodiconuevomilenio.com\/wp-content\/uploads\/2024\/03\/4ed4145e-ce2c-4c8d-921d-907a3aa4e1db-768x960.jpg 768w, https:\/\/periodiconuevomilenio.com\/wp-content\/uploads\/2024\/03\/4ed4145e-ce2c-4c8d-921d-907a3aa4e1db-1024x1280.jpg 1024w, https:\/\/periodiconuevomilenio.com\/wp-content\/uploads\/2024\/03\/4ed4145e-ce2c-4c8d-921d-907a3aa4e1db.jpg 1080w\" sizes=\"auto, (max-width: 819px) 100vw, 819px\" \/><\/figure>\n\n\n\n<figure class=\"wp-block-gallery has-nested-images columns-default is-cropped wp-block-gallery-1 is-layout-flex wp-block-gallery-is-layout-flex\"><\/figure>\n","protected":false},"excerpt":{"rendered":"<p>Valle de Santiago, Gto. 16 de marzo de 2024.- Dos sujetos han sido vinculados a proceso penal por<\/p>\n","protected":false},"author":1,"featured_media":12508,"comment_status":"open","ping_status":"open","sticky":false,"template":"","format":"standard","meta":{"jetpack_post_was_ever_published":false,"_jetpack_newsletter_access":"","_jetpack_dont_email_post_to_subs":false,"_jetpack_newsletter_tier_id":0,"_jetpack_memberships_contains_paywalled_content":false,"_jetpack_memberships_contains_paid_content":false,"footnotes":"","jetpack_publicize_message":"","jetpack_publicize_feature_enabled":false,"jetpack_social_post_already_shared":false,"jetpack_social_options":{"image_generator_settings":{"template":"highway","enabled":false},"version":2}},"categories":[48,39],"tags":[22],"class_list":["post-12507","post","type-post","status-publish","format-standard","has-post-thumbnail","hentry","category-policiaca","category-valle-de-santiago","tag-valle"],"jetpack_publicize_connections":[],"jetpack_sharing_enabled":true,"jetpack_featured_media_url":"https:\/\/periodiconuevomilenio.com\/wp-content\/uploads\/2024\/03\/4ed4145e-ce2c-4c8d-921d-907a3aa4e1db.jpg","_links":{"self":[{"href":"https:\/\/periodiconuevomilenio.com\/index.php\/wp-json\/wp\/v2\/posts\/12507","targetHints":{"allow":["GET"]}}],"collection":[{"href":"https:\/\/periodiconuevomilenio.com\/index.php\/wp-json\/wp\/v2\/posts"}],"about":[{"href":"https:\/\/periodiconuevomilenio.com\/index.php\/wp-json\/wp\/v2\/types\/post"}],"author":[{"embeddable":true,"href":"https:\/\/periodiconuevomilenio.com\/index.php\/wp-json\/wp\/v2\/users\/1"}],"replies":[{"embeddable":true,"href":"https:\/\/periodiconuevomilenio.com\/index.php\/wp-json\/wp\/v2\/comments?post=12507"}],"version-history":[{"count":1,"href":"https:\/\/periodiconuevomilenio.com\/index.php\/wp-json\/wp\/v2\/posts\/12507\/revisions"}],"predecessor-version":[{"id":12509,"href":"https:\/\/periodiconuevomilenio.com\/index.php\/wp-json\/wp\/v2\/posts\/12507\/revisions\/12509"}],"wp:featuredmedia":[{"embeddable":true,"href":"https:\/\/periodiconuevomilenio.com\/index.php\/wp-json\/wp\/v2\/media\/12508"}],"wp:attachment":[{"href":"https:\/\/periodiconuevomilenio.com\/index.php\/wp-json\/wp\/v2\/media?parent=12507"}],"wp:term":[{"taxonomy":"category","embeddable":true,"href":"https:\/\/periodiconuevomilenio.com\/index.php\/wp-json\/wp\/v2\/categories?post=12507"},{"taxonomy":"post_tag","embeddable":true,"href":"https:\/\/periodiconuevomilenio.com\/index.php\/wp-json\/wp\/v2\/tags?post=12507"}],"curies":[{"name":"wp","href":"https:\/\/api.w.org\/{rel}","templated":true}]}}