{"id":12514,"date":"2024-03-16T19:40:14","date_gmt":"2024-03-17T01:40:14","guid":{"rendered":"https:\/\/periodiconuevomilenio.com\/?p=12514"},"modified":"2024-03-16T19:40:16","modified_gmt":"2024-03-17T01:40:16","slug":"vinculada-a-proceso-penal-por-secuestro-en-salamanca","status":"publish","type":"post","link":"https:\/\/periodiconuevomilenio.com\/index.php\/2024\/03\/16\/vinculada-a-proceso-penal-por-secuestro-en-salamanca\/","title":{"rendered":"Vinculada a proceso penal por secuestro en Salamanca"},"content":{"rendered":"\n<p>Salamanca, Gto. 16 de marzo de 2024.- Agentes de Investigaci\u00f3n Criminal, ubicaron y detuvieron a&nbsp;<strong>EMMILY \u201cN\u201d<\/strong>, involucrada en el secuestro de un ni\u00f1o, registrado en Salamanca. La mujer de 25 a\u00f1os, se encuentra en la c\u00e1rcel vinculada a proceso penal por el delito de secuestro.<\/p>\n\n\n\n<p>Acusados por el mismo hecho criminal, se encuentran otros dos sujetos, ENRIQUE \u201cN\u201d y ADRI\u00c1N ARTURO \u201cN\u201d, presuntos responsables del plagio del menor.<\/p>\n\n\n\n<p>Los datos de prueba presentados por el Agente del Ministerio P\u00fablico acreditaron que la mujer formaba parte del grupo criminal.<\/p>\n\n\n\n<p><strong>EMMILY \u201cN\u201d&nbsp;<\/strong>llam\u00f3 y amenaz\u00f3 a los ofendidos y exig\u00eda una fuerte suma de dinero. &nbsp;<\/p>\n\n\n\n<p>Agentes Antisecuestros de la Fiscal\u00eda de Guanajuato ubicaron el lugar en donde se encontraban los presuntos secuestradores y liberaron sana y salva a la v\u00edctima.<\/p>\n\n\n\n<p><strong>EMMILY \u201cN\u201d<\/strong>\u00a0fue capturada con orden de aprehensi\u00f3n y vinculada a proceso penal; se encuentra en espera de recibir su condena de acuerdo a lo que dicta la ley por cometer este lacerante delito.<\/p>\n\n\n\n<figure class=\"wp-block-image size-large\"><img loading=\"lazy\" decoding=\"async\" width=\"819\" height=\"1024\" src=\"https:\/\/periodiconuevomilenio.com\/wp-content\/uploads\/2024\/03\/thumbnail-3-819x1024.jpg\" alt=\"\" class=\"wp-image-12515\" srcset=\"https:\/\/periodiconuevomilenio.com\/wp-content\/uploads\/2024\/03\/thumbnail-3-819x1024.jpg 819w, https:\/\/periodiconuevomilenio.com\/wp-content\/uploads\/2024\/03\/thumbnail-3-240x300.jpg 240w, https:\/\/periodiconuevomilenio.com\/wp-content\/uploads\/2024\/03\/thumbnail-3-768x960.jpg 768w, https:\/\/periodiconuevomilenio.com\/wp-content\/uploads\/2024\/03\/thumbnail-3-1024x1280.jpg 1024w, https:\/\/periodiconuevomilenio.com\/wp-content\/uploads\/2024\/03\/thumbnail-3.jpg 1080w\" sizes=\"auto, (max-width: 819px) 100vw, 819px\" \/><\/figure>\n\n\n","protected":false},"excerpt":{"rendered":"<p>Salamanca, Gto. 16 de marzo de 2024.- Agentes de Investigaci\u00f3n Criminal, ubicaron y detuvieron a&nbsp;EMMILY \u201cN\u201d, involucrada en<\/p>\n","protected":false},"author":1,"featured_media":12515,"comment_status":"open","ping_status":"open","sticky":false,"template":"","format":"standard","meta":{"jetpack_post_was_ever_published":false,"_jetpack_newsletter_access":"","_jetpack_dont_email_post_to_subs":false,"_jetpack_newsletter_tier_id":0,"_jetpack_memberships_contains_paywalled_content":false,"_jetpack_memberships_contains_paid_content":false,"footnotes":"","jetpack_publicize_message":"","jetpack_publicize_feature_enabled":false,"jetpack_social_post_already_shared":false,"jetpack_social_options":{"image_generator_settings":{"template":"highway","enabled":false},"version":2}},"categories":[31,48],"tags":[51],"class_list":["post-12514","post","type-post","status-publish","format-standard","has-post-thumbnail","hentry","category-estado","category-policiaca","tag-estado"],"jetpack_publicize_connections":[],"jetpack_sharing_enabled":true,"jetpack_featured_media_url":"https:\/\/periodiconuevomilenio.com\/wp-content\/uploads\/2024\/03\/thumbnail-3.jpg","_links":{"self":[{"href":"https:\/\/periodiconuevomilenio.com\/index.php\/wp-json\/wp\/v2\/posts\/12514","targetHints":{"allow":["GET"]}}],"collection":[{"href":"https:\/\/periodiconuevomilenio.com\/index.php\/wp-json\/wp\/v2\/posts"}],"about":[{"href":"https:\/\/periodiconuevomilenio.com\/index.php\/wp-json\/wp\/v2\/types\/post"}],"author":[{"embeddable":true,"href":"https:\/\/periodiconuevomilenio.com\/index.php\/wp-json\/wp\/v2\/users\/1"}],"replies":[{"embeddable":true,"href":"https:\/\/periodiconuevomilenio.com\/index.php\/wp-json\/wp\/v2\/comments?post=12514"}],"version-history":[{"count":1,"href":"https:\/\/periodiconuevomilenio.com\/index.php\/wp-json\/wp\/v2\/posts\/12514\/revisions"}],"predecessor-version":[{"id":12516,"href":"https:\/\/periodiconuevomilenio.com\/index.php\/wp-json\/wp\/v2\/posts\/12514\/revisions\/12516"}],"wp:featuredmedia":[{"embeddable":true,"href":"https:\/\/periodiconuevomilenio.com\/index.php\/wp-json\/wp\/v2\/media\/12515"}],"wp:attachment":[{"href":"https:\/\/periodiconuevomilenio.com\/index.php\/wp-json\/wp\/v2\/media?parent=12514"}],"wp:term":[{"taxonomy":"category","embeddable":true,"href":"https:\/\/periodiconuevomilenio.com\/index.php\/wp-json\/wp\/v2\/categories?post=12514"},{"taxonomy":"post_tag","embeddable":true,"href":"https:\/\/periodiconuevomilenio.com\/index.php\/wp-json\/wp\/v2\/tags?post=12514"}],"curies":[{"name":"wp","href":"https:\/\/api.w.org\/{rel}","templated":true}]}}