{"id":12517,"date":"2024-03-16T20:54:25","date_gmt":"2024-03-17T02:54:25","guid":{"rendered":"https:\/\/periodiconuevomilenio.com\/?p=12517"},"modified":"2024-03-16T20:54:28","modified_gmt":"2024-03-17T02:54:28","slug":"polo-torres-regresa-al-pan","status":"publish","type":"post","link":"https:\/\/periodiconuevomilenio.com\/index.php\/2024\/03\/16\/polo-torres-regresa-al-pan\/","title":{"rendered":"Polo Torres regresa al PAN"},"content":{"rendered":"\n<p>+Sacrificaran a Roci\u00f3 Ambriz en la Sindicatura y suben a Valeria Alias, en la segunda regidur\u00eda Irma Serrano<\/p>\n\n\n\n<p>VALLE DE SANTIAGO, GTO.- En pr\u00f3ximas horas podr\u00eda confirmarse lo que ya es un \u201csecreto a Voces\u00bb que Polo Torres abandona al Partido de MORENA y regresa al Parti\u00f3 de Acci\u00f3n Nacional, las pl\u00e1ticas est\u00e1n muy avanzadas y es posible que sea el directivo Estatal del Partido Blanquiazul quien oficialice esta noticia.<\/p>\n\n\n\n<p>En las \u00faltimas horas, se han manejado informaci\u00f3n , lo que ya es del dominio publico, y Polo Torres solo se ha manifestado que est\u00e1n en pl\u00e1ticas con Acci\u00f3n Nacional, pero no afirma, ni desmiente esta noticia.<\/p>\n\n\n\n<p>Esta decisi\u00f3n que tomo Polo Torres y su grupo fue una vez que el Movimiento de Generaci\u00f3n Nacional diera a conocer de manera oficial que para Valle de Santiago el candidato es Israel Mosqueda, cuando el m\u00e1s posicionado y que gano la encuestas era Polo Torres , solo le habr\u00edan dejado una diputaci\u00f3n como premio de consolaci\u00f3n y no fue aceptada.<\/p>\n\n\n\n<p>Tambi\u00e9n se rumora de que el equipo de Pepe Nieto abandonara el Partido por el descontento de que en Morena solo defienden los intereses personales de un reducido grupo y no se da apertura como pregonan en su doctrina, lo que bien a reforzar que en Guanajuato MORENA eligi\u00f3 a sus candidatos para perder.<\/p>\n\n\n\n<p>Estos movimientos vendr\u00e1 a obligar a hacer cambios en la planilla de Acci\u00f3n Nacional en caso de que sea oficialice su regreso al PAN de Polo Torres, puesto que ser\u00e1 Benjam\u00edn Rico como candidato a alcalde, quitan a Roci\u00f3 Ambriz de S\u00edndico y en su lugar pone a Valeria Alan\u00eds que iban en la segunda regidur\u00eda,  como regidores en la primera Andr\u00e9s Z\u00fa\u00f1iga, en la segunda Irma Serrano Roa, (Esposa de Polo Torres) en la tercera Mois\u00e9s Delgado.<\/p>\n\n\n\n<figure class=\"wp-block-image size-large\"><img loading=\"lazy\" decoding=\"async\" width=\"1024\" height=\"649\" src=\"https:\/\/periodiconuevomilenio.com\/wp-content\/uploads\/2024\/03\/IMG_7127-1024x649.jpg\" alt=\"\" class=\"wp-image-12518\" srcset=\"https:\/\/periodiconuevomilenio.com\/wp-content\/uploads\/2024\/03\/IMG_7127-1024x649.jpg 1024w, https:\/\/periodiconuevomilenio.com\/wp-content\/uploads\/2024\/03\/IMG_7127-300x190.jpg 300w, https:\/\/periodiconuevomilenio.com\/wp-content\/uploads\/2024\/03\/IMG_7127-768x487.jpg 768w, https:\/\/periodiconuevomilenio.com\/wp-content\/uploads\/2024\/03\/IMG_7127-1536x974.jpg 1536w, https:\/\/periodiconuevomilenio.com\/wp-content\/uploads\/2024\/03\/IMG_7127.jpg 1870w\" sizes=\"auto, (max-width: 1024px) 100vw, 1024px\" \/><\/figure>\n\n\n","protected":false},"excerpt":{"rendered":"<p>+Sacrificaran a Roci\u00f3 Ambriz en la Sindicatura y suben a Valeria Alias, en la segunda regidur\u00eda Irma Serrano<\/p>\n","protected":false},"author":1,"featured_media":12518,"comment_status":"open","ping_status":"open","sticky":false,"template":"","format":"standard","meta":{"jetpack_post_was_ever_published":false,"_jetpack_newsletter_access":"","_jetpack_dont_email_post_to_subs":false,"_jetpack_newsletter_tier_id":0,"_jetpack_memberships_contains_paywalled_content":false,"_jetpack_memberships_contains_paid_content":false,"footnotes":"","jetpack_publicize_message":"","jetpack_publicize_feature_enabled":false,"jetpack_social_post_already_shared":false,"jetpack_social_options":{"image_generator_settings":{"template":"highway","enabled":false},"version":2}},"categories":[39],"tags":[22],"class_list":["post-12517","post","type-post","status-publish","format-standard","has-post-thumbnail","hentry","category-valle-de-santiago","tag-valle"],"jetpack_publicize_connections":[],"jetpack_sharing_enabled":true,"jetpack_featured_media_url":"https:\/\/periodiconuevomilenio.com\/wp-content\/uploads\/2024\/03\/IMG_7127.jpg","_links":{"self":[{"href":"https:\/\/periodiconuevomilenio.com\/index.php\/wp-json\/wp\/v2\/posts\/12517","targetHints":{"allow":["GET"]}}],"collection":[{"href":"https:\/\/periodiconuevomilenio.com\/index.php\/wp-json\/wp\/v2\/posts"}],"about":[{"href":"https:\/\/periodiconuevomilenio.com\/index.php\/wp-json\/wp\/v2\/types\/post"}],"author":[{"embeddable":true,"href":"https:\/\/periodiconuevomilenio.com\/index.php\/wp-json\/wp\/v2\/users\/1"}],"replies":[{"embeddable":true,"href":"https:\/\/periodiconuevomilenio.com\/index.php\/wp-json\/wp\/v2\/comments?post=12517"}],"version-history":[{"count":1,"href":"https:\/\/periodiconuevomilenio.com\/index.php\/wp-json\/wp\/v2\/posts\/12517\/revisions"}],"predecessor-version":[{"id":12519,"href":"https:\/\/periodiconuevomilenio.com\/index.php\/wp-json\/wp\/v2\/posts\/12517\/revisions\/12519"}],"wp:featuredmedia":[{"embeddable":true,"href":"https:\/\/periodiconuevomilenio.com\/index.php\/wp-json\/wp\/v2\/media\/12518"}],"wp:attachment":[{"href":"https:\/\/periodiconuevomilenio.com\/index.php\/wp-json\/wp\/v2\/media?parent=12517"}],"wp:term":[{"taxonomy":"category","embeddable":true,"href":"https:\/\/periodiconuevomilenio.com\/index.php\/wp-json\/wp\/v2\/categories?post=12517"},{"taxonomy":"post_tag","embeddable":true,"href":"https:\/\/periodiconuevomilenio.com\/index.php\/wp-json\/wp\/v2\/tags?post=12517"}],"curies":[{"name":"wp","href":"https:\/\/api.w.org\/{rel}","templated":true}]}}