{"id":12520,"date":"2024-03-17T01:15:05","date_gmt":"2024-03-17T07:15:05","guid":{"rendered":"https:\/\/periodiconuevomilenio.com\/?p=12520"},"modified":"2024-03-17T01:15:07","modified_gmt":"2024-03-17T07:15:07","slug":"samuel-estrada-es-el-candidato-del-partido-verde-a-la-presidencia-de-jaral","status":"publish","type":"post","link":"https:\/\/periodiconuevomilenio.com\/index.php\/2024\/03\/17\/samuel-estrada-es-el-candidato-del-partido-verde-a-la-presidencia-de-jaral\/","title":{"rendered":"Samuel Estrada es el candidato del Partido Verde a la presidencia de Jaral."},"content":{"rendered":"\n<p>JARAL DEL PROGRESO, GTO.- Samuel Estrada despu\u00e9s de tanto estar peleando la candidatura por, MORENA y no lograrlo, este d\u00eda se convirti\u00f3 en el candidato a la Presidencia Municipal por el Partido del Verde ecologista sumando con ello ya algunos aspirantes que buscan alcald\u00eda en las elecciones del pr\u00f3ximo 2 de junio.<\/p>\n\n\n\n<p>Esto demuestra una vez que ya no importan tanto el partido, sino que buscan el poder por el poder, ya no hay ideolog\u00edas pol\u00edticas, ya no tiene la camiseta bien puesta y cada tres a\u00f1os cambian de partido o buscan d\u00f3nde acomodarse a fin de lograr un puesto en el gobierno.<\/p>\n\n\n\n<p>Aqu\u00ed en el municipio de Jaral las candidaturas quedan de la siguiente manera: por el Partido de MORENA Daniel Cimental, por el PRI X\u00f3chitl Guadalupe S\u00e1mano Sol\u00f3rzano, por el PRD Ma. De Carmen Rivera, por el Movimiento Ciudadano Jorge Hortelano Pescador, por el Partido Verde Samuel Estrada y por el partido de Acci\u00f3n Nacional en busca de la reelecci\u00f3n Jos\u00e9 Gonz\u00e1lez Ojeda.<\/p>\n\n\n\n<p>Las campa\u00f1as a la presidencia de la rep\u00fablica, senadores y diputados federales ya arrancaron, solo faltan las de las diputaciones locales y las de as presidencias municipales que, de acuerdo con los tiempos electorales, ser\u00e1n en el pr\u00f3ximo mes de abril.<\/p>\n\n\n\n<p>Esta semana tambi\u00e9n se vienen algunos cambios en la presidencia Municipal, ya que en pr\u00f3ximos d\u00edas el alcalde Jos\u00e9 Gonz\u00e1lez Ojeda solicitar\u00e1 licencia y hay expectaci\u00f3n en quien recaer\u00e1 el interinato, ya que se habla del director de obras p\u00fablicas, el secretario del Ayuntamiento o uno de los regidores.<\/p>\n\n\n\n<figure class=\"wp-block-image size-full\"><img loading=\"lazy\" decoding=\"async\" width=\"610\" height=\"478\" src=\"https:\/\/periodiconuevomilenio.com\/wp-content\/uploads\/2024\/03\/432218403_7161227100662982_4111059323651334412_n.jpg\" alt=\"\" class=\"wp-image-12521\" srcset=\"https:\/\/periodiconuevomilenio.com\/wp-content\/uploads\/2024\/03\/432218403_7161227100662982_4111059323651334412_n.jpg 610w, https:\/\/periodiconuevomilenio.com\/wp-content\/uploads\/2024\/03\/432218403_7161227100662982_4111059323651334412_n-300x235.jpg 300w\" sizes=\"auto, (max-width: 610px) 100vw, 610px\" \/><\/figure>\n\n\n","protected":false},"excerpt":{"rendered":"<p>JARAL DEL PROGRESO, GTO.- Samuel Estrada despu\u00e9s de tanto estar peleando la candidatura por, MORENA y no lograrlo,<\/p>\n","protected":false},"author":1,"featured_media":12521,"comment_status":"open","ping_status":"open","sticky":false,"template":"","format":"standard","meta":{"jetpack_post_was_ever_published":false,"_jetpack_newsletter_access":"","_jetpack_dont_email_post_to_subs":false,"_jetpack_newsletter_tier_id":0,"_jetpack_memberships_contains_paywalled_content":false,"_jetpack_memberships_contains_paid_content":false,"footnotes":"","jetpack_publicize_message":"","jetpack_publicize_feature_enabled":false,"jetpack_social_post_already_shared":false,"jetpack_social_options":{"image_generator_settings":{"template":"highway","enabled":false},"version":2}},"categories":[34],"tags":[23],"class_list":["post-12520","post","type-post","status-publish","format-standard","has-post-thumbnail","hentry","category-jaral-del-progreso","tag-jaral"],"jetpack_publicize_connections":[],"jetpack_sharing_enabled":true,"jetpack_featured_media_url":"https:\/\/periodiconuevomilenio.com\/wp-content\/uploads\/2024\/03\/432218403_7161227100662982_4111059323651334412_n.jpg","_links":{"self":[{"href":"https:\/\/periodiconuevomilenio.com\/index.php\/wp-json\/wp\/v2\/posts\/12520","targetHints":{"allow":["GET"]}}],"collection":[{"href":"https:\/\/periodiconuevomilenio.com\/index.php\/wp-json\/wp\/v2\/posts"}],"about":[{"href":"https:\/\/periodiconuevomilenio.com\/index.php\/wp-json\/wp\/v2\/types\/post"}],"author":[{"embeddable":true,"href":"https:\/\/periodiconuevomilenio.com\/index.php\/wp-json\/wp\/v2\/users\/1"}],"replies":[{"embeddable":true,"href":"https:\/\/periodiconuevomilenio.com\/index.php\/wp-json\/wp\/v2\/comments?post=12520"}],"version-history":[{"count":1,"href":"https:\/\/periodiconuevomilenio.com\/index.php\/wp-json\/wp\/v2\/posts\/12520\/revisions"}],"predecessor-version":[{"id":12522,"href":"https:\/\/periodiconuevomilenio.com\/index.php\/wp-json\/wp\/v2\/posts\/12520\/revisions\/12522"}],"wp:featuredmedia":[{"embeddable":true,"href":"https:\/\/periodiconuevomilenio.com\/index.php\/wp-json\/wp\/v2\/media\/12521"}],"wp:attachment":[{"href":"https:\/\/periodiconuevomilenio.com\/index.php\/wp-json\/wp\/v2\/media?parent=12520"}],"wp:term":[{"taxonomy":"category","embeddable":true,"href":"https:\/\/periodiconuevomilenio.com\/index.php\/wp-json\/wp\/v2\/categories?post=12520"},{"taxonomy":"post_tag","embeddable":true,"href":"https:\/\/periodiconuevomilenio.com\/index.php\/wp-json\/wp\/v2\/tags?post=12520"}],"curies":[{"name":"wp","href":"https:\/\/api.w.org\/{rel}","templated":true}]}}