{"id":12699,"date":"2024-03-22T09:46:19","date_gmt":"2024-03-22T15:46:19","guid":{"rendered":"https:\/\/periodiconuevomilenio.com\/?p=12699"},"modified":"2024-03-22T09:49:33","modified_gmt":"2024-03-22T15:49:33","slug":"localizo-a-joven-vallense-en-la-ciudad-de-queretaro","status":"publish","type":"post","link":"https:\/\/periodiconuevomilenio.com\/index.php\/2024\/03\/22\/localizo-a-joven-vallense-en-la-ciudad-de-queretaro\/","title":{"rendered":"Se localiz\u00f3 a joven vallense en la ciudad de Quer\u00e9taro"},"content":{"rendered":"\n<p>hab\u00eda sido denunciada su desaparici\u00f3n<\/p>\n\n\n\n<p>Valle de Santiago, Gto. 22 de marzo de 2024.- La desaparici\u00f3n del joven originario de Valle de Santiago, se denunci\u00f3 el 05 de marzo.<\/p>\n\n\n\n<p>Desde el momento mismo de la recepci\u00f3n de la denuncia se inici\u00f3 la carpeta de Investigaci\u00f3n, desarrollando un plan de investigaci\u00f3n con diligencias conducentes acorde a las circunstancias del caso.<\/p>\n\n\n\n<p>Se conform\u00f3 un grupo multidisciplinario encabezado por el Agente del Ministerio P\u00fablico, quien orden\u00f3 las acciones de b\u00fasqueda inmediata, se realizaron consultas de bases de datos institucionales, se emitieron solicitudes de b\u00fasqueda en instituciones de seguridad, hospitalarias, centrales camioneras, albergues, entre otras instancias.<\/p>\n\n\n\n<p>Se realizaron tomas de muestras y confrontas gen\u00e9ticas. Las acciones de b\u00fasqueda e investigaci\u00f3n se ejecutaron atendiendo las circunstancias del caso.<\/p>\n\n\n\n<p>Los Agentes Investigadores focalizaron el trabajo de investigaci\u00f3n en diversas entidades federativas, realiz\u00f3 los registros correspondiente en plataformas nacionales, a fin de hacer cruces de datos que hicieron posible la ubicaci\u00f3n de Gabriel \u201cN\u201d con la con la colaboraci\u00f3n del estado de Quer\u00e9taro.<\/p>\n\n\n\n<p>La participaci\u00f3n activa de la familia fue de suma importancia, en todo momento se les inform\u00f3 de los avances y de las acciones que se implementaron.<\/p>\n\n\n\n<p>En caso de la desaparici\u00f3n de una persona, la Fiscal\u00eda de Guanajuato cuenta con diversas herramientas para denunciar a trav\u00e9s del 800 DNUNCIA (3686242), ProcurApp; en el portal web de la Fiscal\u00eda, un mensaje de texto al 477 399 0888, en la agencia del Ministerio P\u00fablico m\u00e1s cercana o al 4731724444.<\/p>\n\n\n\n<figure class=\"wp-block-image size-large\"><img loading=\"lazy\" decoding=\"async\" width=\"819\" height=\"1024\" src=\"https:\/\/periodiconuevomilenio.com\/wp-content\/uploads\/2024\/03\/2561851a-9718-426f-9f99-c95c6bac5f2a-819x1024.jpg\" alt=\"\" class=\"wp-image-12700\" srcset=\"https:\/\/periodiconuevomilenio.com\/wp-content\/uploads\/2024\/03\/2561851a-9718-426f-9f99-c95c6bac5f2a-819x1024.jpg 819w, https:\/\/periodiconuevomilenio.com\/wp-content\/uploads\/2024\/03\/2561851a-9718-426f-9f99-c95c6bac5f2a-240x300.jpg 240w, https:\/\/periodiconuevomilenio.com\/wp-content\/uploads\/2024\/03\/2561851a-9718-426f-9f99-c95c6bac5f2a-768x960.jpg 768w, https:\/\/periodiconuevomilenio.com\/wp-content\/uploads\/2024\/03\/2561851a-9718-426f-9f99-c95c6bac5f2a-1024x1280.jpg 1024w, https:\/\/periodiconuevomilenio.com\/wp-content\/uploads\/2024\/03\/2561851a-9718-426f-9f99-c95c6bac5f2a.jpg 1080w\" sizes=\"auto, (max-width: 819px) 100vw, 819px\" \/><\/figure>\n\n\n","protected":false},"excerpt":{"rendered":"<p>hab\u00eda sido denunciada su desaparici\u00f3n Valle de Santiago, Gto. 22 de marzo de 2024.- La desaparici\u00f3n del joven<\/p>\n","protected":false},"author":1,"featured_media":12700,"comment_status":"open","ping_status":"open","sticky":false,"template":"","format":"standard","meta":{"jetpack_post_was_ever_published":false,"_jetpack_newsletter_access":"","_jetpack_dont_email_post_to_subs":false,"_jetpack_newsletter_tier_id":0,"_jetpack_memberships_contains_paywalled_content":false,"_jetpack_memberships_contains_paid_content":false,"footnotes":"","jetpack_publicize_message":"","jetpack_publicize_feature_enabled":false,"jetpack_social_post_already_shared":false,"jetpack_social_options":{"image_generator_settings":{"template":"highway","enabled":false},"version":2}},"categories":[31,39],"tags":[51,22],"class_list":["post-12699","post","type-post","status-publish","format-standard","has-post-thumbnail","hentry","category-estado","category-valle-de-santiago","tag-estado","tag-valle"],"jetpack_publicize_connections":[],"jetpack_sharing_enabled":true,"jetpack_featured_media_url":"https:\/\/periodiconuevomilenio.com\/wp-content\/uploads\/2024\/03\/2561851a-9718-426f-9f99-c95c6bac5f2a.jpg","_links":{"self":[{"href":"https:\/\/periodiconuevomilenio.com\/index.php\/wp-json\/wp\/v2\/posts\/12699","targetHints":{"allow":["GET"]}}],"collection":[{"href":"https:\/\/periodiconuevomilenio.com\/index.php\/wp-json\/wp\/v2\/posts"}],"about":[{"href":"https:\/\/periodiconuevomilenio.com\/index.php\/wp-json\/wp\/v2\/types\/post"}],"author":[{"embeddable":true,"href":"https:\/\/periodiconuevomilenio.com\/index.php\/wp-json\/wp\/v2\/users\/1"}],"replies":[{"embeddable":true,"href":"https:\/\/periodiconuevomilenio.com\/index.php\/wp-json\/wp\/v2\/comments?post=12699"}],"version-history":[{"count":2,"href":"https:\/\/periodiconuevomilenio.com\/index.php\/wp-json\/wp\/v2\/posts\/12699\/revisions"}],"predecessor-version":[{"id":12702,"href":"https:\/\/periodiconuevomilenio.com\/index.php\/wp-json\/wp\/v2\/posts\/12699\/revisions\/12702"}],"wp:featuredmedia":[{"embeddable":true,"href":"https:\/\/periodiconuevomilenio.com\/index.php\/wp-json\/wp\/v2\/media\/12700"}],"wp:attachment":[{"href":"https:\/\/periodiconuevomilenio.com\/index.php\/wp-json\/wp\/v2\/media?parent=12699"}],"wp:term":[{"taxonomy":"category","embeddable":true,"href":"https:\/\/periodiconuevomilenio.com\/index.php\/wp-json\/wp\/v2\/categories?post=12699"},{"taxonomy":"post_tag","embeddable":true,"href":"https:\/\/periodiconuevomilenio.com\/index.php\/wp-json\/wp\/v2\/tags?post=12699"}],"curies":[{"name":"wp","href":"https:\/\/api.w.org\/{rel}","templated":true}]}}