{"id":13108,"date":"2024-04-05T10:00:57","date_gmt":"2024-04-05T16:00:57","guid":{"rendered":"https:\/\/periodiconuevomilenio.com\/?p=13108"},"modified":"2024-04-05T10:00:59","modified_gmt":"2024-04-05T16:00:59","slug":"enigmas-y-misterios-de-valle","status":"publish","type":"post","link":"https:\/\/periodiconuevomilenio.com\/index.php\/2024\/04\/05\/enigmas-y-misterios-de-valle\/","title":{"rendered":"ENIGMAS Y MISTERIOS DE VALLE"},"content":{"rendered":"\n<p>Localizan clavos de riel en el centro de un tronco en la Alameda.<\/p>\n\n\n\n<p>Valle de Santiago, Gto.- Esta ma\u00f1ana, tajadores de servicios p\u00fablicos municipales localizaron al interior de un \u00e1rbol seco de la Alameda, de manera extra\u00f1a un peque\u00f1o charco de agua, una varilla, 6 clavos de riel, tierra y unas piedras de cerro.<br>Trabajadores de esta dependencia dieron a conocer que no es tan com\u00fan que aparezcan; sin embargo, hace unos meses tambi\u00e9n se localiz\u00f3 un pedazo de metal incrustado en el centro de un \u00e1rbol seco en este mimo lugar.<br>Lo que hace suponer es que datan de algunos a\u00f1os que fueron olvidados seguramente y quedaron incrustados con el paso del tiempo. (Con informaci\u00f3n e imagen de Felipe Valadez Gonz\u00e1lez)<\/p>\n\n\n\n<figure class=\"wp-block-gallery has-nested-images columns-default is-cropped wp-block-gallery-1 is-layout-flex wp-block-gallery-is-layout-flex\">\n<figure class=\"wp-block-image size-large\"><img loading=\"lazy\" decoding=\"async\" width=\"771\" height=\"1024\" data-id=\"13110\" src=\"https:\/\/periodiconuevomilenio.com\/wp-content\/uploads\/2024\/04\/CLAV-771x1024.jpg\" alt=\"\" class=\"wp-image-13110\" srcset=\"https:\/\/periodiconuevomilenio.com\/wp-content\/uploads\/2024\/04\/CLAV-771x1024.jpg 771w, https:\/\/periodiconuevomilenio.com\/wp-content\/uploads\/2024\/04\/CLAV-226x300.jpg 226w, https:\/\/periodiconuevomilenio.com\/wp-content\/uploads\/2024\/04\/CLAV-768x1021.jpg 768w, https:\/\/periodiconuevomilenio.com\/wp-content\/uploads\/2024\/04\/CLAV-1156x1536.jpg 1156w, https:\/\/periodiconuevomilenio.com\/wp-content\/uploads\/2024\/04\/CLAV-1024x1361.jpg 1024w, https:\/\/periodiconuevomilenio.com\/wp-content\/uploads\/2024\/04\/CLAV.jpg 1204w\" sizes=\"auto, (max-width: 771px) 100vw, 771px\" \/><\/figure>\n\n\n\n<figure class=\"wp-block-image size-large\"><img loading=\"lazy\" decoding=\"async\" width=\"771\" height=\"1024\" data-id=\"13109\" src=\"https:\/\/periodiconuevomilenio.com\/wp-content\/uploads\/2024\/04\/CLAVOS-771x1024.jpg\" alt=\"\" class=\"wp-image-13109\" srcset=\"https:\/\/periodiconuevomilenio.com\/wp-content\/uploads\/2024\/04\/CLAVOS-771x1024.jpg 771w, https:\/\/periodiconuevomilenio.com\/wp-content\/uploads\/2024\/04\/CLAVOS-226x300.jpg 226w, https:\/\/periodiconuevomilenio.com\/wp-content\/uploads\/2024\/04\/CLAVOS-768x1021.jpg 768w, https:\/\/periodiconuevomilenio.com\/wp-content\/uploads\/2024\/04\/CLAVOS-1156x1536.jpg 1156w, https:\/\/periodiconuevomilenio.com\/wp-content\/uploads\/2024\/04\/CLAVOS-1024x1361.jpg 1024w, https:\/\/periodiconuevomilenio.com\/wp-content\/uploads\/2024\/04\/CLAVOS.jpg 1204w\" sizes=\"auto, (max-width: 771px) 100vw, 771px\" \/><\/figure>\n<\/figure>\n\n\n\n<figure class=\"wp-block-gallery has-nested-images columns-default is-cropped wp-block-gallery-2 is-layout-flex wp-block-gallery-is-layout-flex\"><\/figure>\n","protected":false},"excerpt":{"rendered":"<p>Localizan clavos de riel en el centro de un tronco en la Alameda. Valle de Santiago, Gto.- Esta<\/p>\n","protected":false},"author":1,"featured_media":13109,"comment_status":"open","ping_status":"open","sticky":false,"template":"","format":"standard","meta":{"jetpack_post_was_ever_published":false,"_jetpack_newsletter_access":"","_jetpack_dont_email_post_to_subs":false,"_jetpack_newsletter_tier_id":0,"_jetpack_memberships_contains_paywalled_content":false,"_jetpack_memberships_contains_paid_content":false,"footnotes":"","jetpack_publicize_message":"","jetpack_publicize_feature_enabled":false,"jetpack_social_post_already_shared":false,"jetpack_social_options":{"image_generator_settings":{"template":"highway","enabled":false},"version":2}},"categories":[39],"tags":[22],"class_list":["post-13108","post","type-post","status-publish","format-standard","has-post-thumbnail","hentry","category-valle-de-santiago","tag-valle"],"jetpack_publicize_connections":[],"jetpack_sharing_enabled":true,"jetpack_featured_media_url":"https:\/\/periodiconuevomilenio.com\/wp-content\/uploads\/2024\/04\/CLAVOS.jpg","_links":{"self":[{"href":"https:\/\/periodiconuevomilenio.com\/index.php\/wp-json\/wp\/v2\/posts\/13108","targetHints":{"allow":["GET"]}}],"collection":[{"href":"https:\/\/periodiconuevomilenio.com\/index.php\/wp-json\/wp\/v2\/posts"}],"about":[{"href":"https:\/\/periodiconuevomilenio.com\/index.php\/wp-json\/wp\/v2\/types\/post"}],"author":[{"embeddable":true,"href":"https:\/\/periodiconuevomilenio.com\/index.php\/wp-json\/wp\/v2\/users\/1"}],"replies":[{"embeddable":true,"href":"https:\/\/periodiconuevomilenio.com\/index.php\/wp-json\/wp\/v2\/comments?post=13108"}],"version-history":[{"count":2,"href":"https:\/\/periodiconuevomilenio.com\/index.php\/wp-json\/wp\/v2\/posts\/13108\/revisions"}],"predecessor-version":[{"id":13112,"href":"https:\/\/periodiconuevomilenio.com\/index.php\/wp-json\/wp\/v2\/posts\/13108\/revisions\/13112"}],"wp:featuredmedia":[{"embeddable":true,"href":"https:\/\/periodiconuevomilenio.com\/index.php\/wp-json\/wp\/v2\/media\/13109"}],"wp:attachment":[{"href":"https:\/\/periodiconuevomilenio.com\/index.php\/wp-json\/wp\/v2\/media?parent=13108"}],"wp:term":[{"taxonomy":"category","embeddable":true,"href":"https:\/\/periodiconuevomilenio.com\/index.php\/wp-json\/wp\/v2\/categories?post=13108"},{"taxonomy":"post_tag","embeddable":true,"href":"https:\/\/periodiconuevomilenio.com\/index.php\/wp-json\/wp\/v2\/tags?post=13108"}],"curies":[{"name":"wp","href":"https:\/\/api.w.org\/{rel}","templated":true}]}}