{"id":13117,"date":"2024-04-06T12:21:38","date_gmt":"2024-04-06T18:21:38","guid":{"rendered":"https:\/\/periodiconuevomilenio.com\/?p=13117"},"modified":"2024-04-06T12:21:40","modified_gmt":"2024-04-06T18:21:40","slug":"llamas-consumen-una-camioneta","status":"publish","type":"post","link":"https:\/\/periodiconuevomilenio.com\/index.php\/2024\/04\/06\/llamas-consumen-una-camioneta\/","title":{"rendered":"Llamas consumen una camioneta."},"content":{"rendered":"\n<p>Aparentemente, un corto circuito provoc\u00f3 el fuego.<\/p>\n\n\n\n<p>VALLE DE SANTIAGO, GTO.- Aparentemente fue un corto circuito lo que provoc\u00f3 el fuego en una camioneta, las llamas ocasionaron que una camioneta ardiera, ocasionado p\u00e9rdidas totales por fortuna, no se registraron pedidas humanas ni heridos.<br>Estos hechos ocurrieron la noche de ayer, viernes 5 de abril, en la colonia La Loma, al filo de las 8 de noche, con 40 minutos, cuando al sistema de emergencia 911 lleg\u00f3 una llamada de auxilio solicitando la presencia de bomberos porque se estaba quemando un veh\u00edculo.<br>Cuerpos de auxilio y rescate se trasladaron al lugar indicado en la Calle Cedro, entre Calle Francisco Villa y Valent\u00edn Varela, Colonia La Loma, encontrando un veh\u00edculo en llamas.<br>Se trat\u00f3 de una camioneta incendi\u00e1ndose, personal de bomberos actu\u00f3 para controlar el fuego, en el lugar tambi\u00e9n asisti\u00f3 polic\u00eda preventiva, para auxilio y resguardar el lugar, al igual que protecci\u00f3n civil.<br>En el sitio se encontraba el due\u00f1o del veh\u00edculo, el cual hace menci\u00f3n a que su veh\u00edculo sufri\u00f3 un corto circuito, por lo que comenz\u00f3 a incendiarse, siendo esta una camioneta Ford tipo Explorer desconociendo modelo.<\/p>\n\n\n\n<figure class=\"wp-block-gallery has-nested-images columns-default is-cropped wp-block-gallery-1 is-layout-flex wp-block-gallery-is-layout-flex\">\n<figure class=\"wp-block-image size-large\"><img loading=\"lazy\" decoding=\"async\" width=\"758\" height=\"1024\" data-id=\"13119\" src=\"https:\/\/periodiconuevomilenio.com\/wp-content\/uploads\/2024\/04\/457f17a8-0cfd-4838-bf86-4fcf1a1fad1c-758x1024.jpg\" alt=\"\" class=\"wp-image-13119\" srcset=\"https:\/\/periodiconuevomilenio.com\/wp-content\/uploads\/2024\/04\/457f17a8-0cfd-4838-bf86-4fcf1a1fad1c-758x1024.jpg 758w, https:\/\/periodiconuevomilenio.com\/wp-content\/uploads\/2024\/04\/457f17a8-0cfd-4838-bf86-4fcf1a1fad1c-222x300.jpg 222w, https:\/\/periodiconuevomilenio.com\/wp-content\/uploads\/2024\/04\/457f17a8-0cfd-4838-bf86-4fcf1a1fad1c-768x1037.jpg 768w, https:\/\/periodiconuevomilenio.com\/wp-content\/uploads\/2024\/04\/457f17a8-0cfd-4838-bf86-4fcf1a1fad1c.jpg 948w\" sizes=\"auto, (max-width: 758px) 100vw, 758px\" \/><\/figure>\n\n\n\n<figure class=\"wp-block-image size-large\"><img loading=\"lazy\" decoding=\"async\" width=\"438\" height=\"275\" data-id=\"13118\" src=\"https:\/\/periodiconuevomilenio.com\/wp-content\/uploads\/2024\/04\/2571cd5e-bf46-4d45-98e6-51e9f7747c53.jpg\" alt=\"\" class=\"wp-image-13118\" srcset=\"https:\/\/periodiconuevomilenio.com\/wp-content\/uploads\/2024\/04\/2571cd5e-bf46-4d45-98e6-51e9f7747c53.jpg 438w, https:\/\/periodiconuevomilenio.com\/wp-content\/uploads\/2024\/04\/2571cd5e-bf46-4d45-98e6-51e9f7747c53-300x188.jpg 300w\" sizes=\"auto, (max-width: 438px) 100vw, 438px\" \/><\/figure>\n<\/figure>\n\n\n\n<p><\/p>\n","protected":false},"excerpt":{"rendered":"<p>Aparentemente, un corto circuito provoc\u00f3 el fuego. VALLE DE SANTIAGO, GTO.- Aparentemente fue un corto circuito lo que<\/p>\n","protected":false},"author":1,"featured_media":13118,"comment_status":"open","ping_status":"open","sticky":false,"template":"","format":"standard","meta":{"jetpack_post_was_ever_published":false,"_jetpack_newsletter_access":"","_jetpack_dont_email_post_to_subs":false,"_jetpack_newsletter_tier_id":0,"_jetpack_memberships_contains_paywalled_content":false,"_jetpack_memberships_contains_paid_content":false,"footnotes":"","jetpack_publicize_message":"","jetpack_publicize_feature_enabled":false,"jetpack_social_post_already_shared":false,"jetpack_social_options":{"image_generator_settings":{"template":"highway","enabled":false},"version":2}},"categories":[48,39],"tags":[22],"class_list":["post-13117","post","type-post","status-publish","format-standard","has-post-thumbnail","hentry","category-policiaca","category-valle-de-santiago","tag-valle"],"jetpack_publicize_connections":[],"jetpack_sharing_enabled":true,"jetpack_featured_media_url":"https:\/\/periodiconuevomilenio.com\/wp-content\/uploads\/2024\/04\/2571cd5e-bf46-4d45-98e6-51e9f7747c53.jpg","_links":{"self":[{"href":"https:\/\/periodiconuevomilenio.com\/index.php\/wp-json\/wp\/v2\/posts\/13117","targetHints":{"allow":["GET"]}}],"collection":[{"href":"https:\/\/periodiconuevomilenio.com\/index.php\/wp-json\/wp\/v2\/posts"}],"about":[{"href":"https:\/\/periodiconuevomilenio.com\/index.php\/wp-json\/wp\/v2\/types\/post"}],"author":[{"embeddable":true,"href":"https:\/\/periodiconuevomilenio.com\/index.php\/wp-json\/wp\/v2\/users\/1"}],"replies":[{"embeddable":true,"href":"https:\/\/periodiconuevomilenio.com\/index.php\/wp-json\/wp\/v2\/comments?post=13117"}],"version-history":[{"count":1,"href":"https:\/\/periodiconuevomilenio.com\/index.php\/wp-json\/wp\/v2\/posts\/13117\/revisions"}],"predecessor-version":[{"id":13120,"href":"https:\/\/periodiconuevomilenio.com\/index.php\/wp-json\/wp\/v2\/posts\/13117\/revisions\/13120"}],"wp:featuredmedia":[{"embeddable":true,"href":"https:\/\/periodiconuevomilenio.com\/index.php\/wp-json\/wp\/v2\/media\/13118"}],"wp:attachment":[{"href":"https:\/\/periodiconuevomilenio.com\/index.php\/wp-json\/wp\/v2\/media?parent=13117"}],"wp:term":[{"taxonomy":"category","embeddable":true,"href":"https:\/\/periodiconuevomilenio.com\/index.php\/wp-json\/wp\/v2\/categories?post=13117"},{"taxonomy":"post_tag","embeddable":true,"href":"https:\/\/periodiconuevomilenio.com\/index.php\/wp-json\/wp\/v2\/tags?post=13117"}],"curies":[{"name":"wp","href":"https:\/\/api.w.org\/{rel}","templated":true}]}}