{"id":13138,"date":"2024-04-08T23:47:09","date_gmt":"2024-04-09T05:47:09","guid":{"rendered":"https:\/\/periodiconuevomilenio.com\/?p=13138"},"modified":"2024-04-08T23:47:12","modified_gmt":"2024-04-09T05:47:12","slug":"ataque-a-balazos-en-la-colonia-del-valle","status":"publish","type":"post","link":"https:\/\/periodiconuevomilenio.com\/index.php\/2024\/04\/08\/ataque-a-balazos-en-la-colonia-del-valle\/","title":{"rendered":"Ataque a balazos en la colonia del Valle."},"content":{"rendered":"\n<p>&nbsp;Un herido que fue trasladado en c\u00f3digo rojo.<\/p>\n\n\n\n<p>&nbsp;Jaral del Progreso, Gto.- La noche de este domingo 7 de abril se registr\u00f3 un ataque a balazos en la colonia del Valle, dejando como saldo a una persona herida que fue trasladada de emergencia a recibir atenci\u00f3n m\u00e9dica en c\u00f3digo rojo, es decir, grave.<\/p>\n\n\n\n<p>&nbsp;De acuerdo con los informes preliminares de la Comisar\u00eda de Seguridad P\u00fabica, fue al filo de las 11:30 de la noche cuando se recibi\u00f3 al sistema de emergencia 911 una llamada de emergencia poniendo en alerta a la Polic\u00eda que en la colonia del Valle se hab\u00edan escuchado muchos disparos de arma de fuego.<\/p>\n\n\n\n<p>De inmediato&nbsp; se traslad\u00f3 al lugar, indicando a las personas que este hecho se hab\u00eda dado&nbsp; en la calle Manuel Acu\u00f1a, frente al parque, en la colonia del Valle, donde hab\u00eda una persona herida.<\/p>\n\n\n\n<p>&nbsp;Tras confirmar este hecho solicitando la&nbsp; presencia de ambulancias llegando al lugar param\u00e9dicos de protecci\u00f3n civil y bomberos que tras estabilizar a la persona lesionada fue traslada de inmediato al hospital civil, dado a la gravedad de la situaci\u00f3n y con todos los protocolos necesario fue&nbsp; llevado al Hospital Bicentenario.<\/p>\n\n\n\n<p>Literalmente, el hospital, tras el ingreso del lesionado que fue registrado como Armando,\u00a0 qued\u00f3 blindado por\u00a0 elementos de las fuerzas de seguridad p\u00fablica del estado, elementos del Ej\u00e9rcito Mexicano y la Guardia Nacional que custodian el lugar.<\/p>\n\n\n\n<figure class=\"wp-block-image size-full\"><img loading=\"lazy\" decoding=\"async\" width=\"452\" height=\"551\" src=\"https:\/\/periodiconuevomilenio.com\/wp-content\/uploads\/2024\/04\/306670352_180281141177895_2396547024362260939_n.jpg\" alt=\"\" class=\"wp-image-13139\" srcset=\"https:\/\/periodiconuevomilenio.com\/wp-content\/uploads\/2024\/04\/306670352_180281141177895_2396547024362260939_n.jpg 452w, https:\/\/periodiconuevomilenio.com\/wp-content\/uploads\/2024\/04\/306670352_180281141177895_2396547024362260939_n-246x300.jpg 246w\" sizes=\"auto, (max-width: 452px) 100vw, 452px\" \/><\/figure>\n\n\n\n<figure class=\"wp-block-gallery has-nested-images columns-default is-cropped wp-block-gallery-1 is-layout-flex wp-block-gallery-is-layout-flex\"><\/figure>\n","protected":false},"excerpt":{"rendered":"<p>&nbsp;Un herido que fue trasladado en c\u00f3digo rojo. &nbsp;Jaral del Progreso, Gto.- La noche de este domingo 7<\/p>\n","protected":false},"author":1,"featured_media":13139,"comment_status":"open","ping_status":"open","sticky":false,"template":"","format":"standard","meta":{"jetpack_post_was_ever_published":false,"_jetpack_newsletter_access":"","_jetpack_dont_email_post_to_subs":false,"_jetpack_newsletter_tier_id":0,"_jetpack_memberships_contains_paywalled_content":false,"_jetpack_memberships_contains_paid_content":false,"footnotes":"","jetpack_publicize_message":"","jetpack_publicize_feature_enabled":false,"jetpack_social_post_already_shared":false,"jetpack_social_options":{"image_generator_settings":{"template":"highway","enabled":false},"version":2}},"categories":[34,48],"tags":[23],"class_list":["post-13138","post","type-post","status-publish","format-standard","has-post-thumbnail","hentry","category-jaral-del-progreso","category-policiaca","tag-jaral"],"jetpack_publicize_connections":[],"jetpack_sharing_enabled":true,"jetpack_featured_media_url":"https:\/\/periodiconuevomilenio.com\/wp-content\/uploads\/2024\/04\/306670352_180281141177895_2396547024362260939_n.jpg","_links":{"self":[{"href":"https:\/\/periodiconuevomilenio.com\/index.php\/wp-json\/wp\/v2\/posts\/13138","targetHints":{"allow":["GET"]}}],"collection":[{"href":"https:\/\/periodiconuevomilenio.com\/index.php\/wp-json\/wp\/v2\/posts"}],"about":[{"href":"https:\/\/periodiconuevomilenio.com\/index.php\/wp-json\/wp\/v2\/types\/post"}],"author":[{"embeddable":true,"href":"https:\/\/periodiconuevomilenio.com\/index.php\/wp-json\/wp\/v2\/users\/1"}],"replies":[{"embeddable":true,"href":"https:\/\/periodiconuevomilenio.com\/index.php\/wp-json\/wp\/v2\/comments?post=13138"}],"version-history":[{"count":1,"href":"https:\/\/periodiconuevomilenio.com\/index.php\/wp-json\/wp\/v2\/posts\/13138\/revisions"}],"predecessor-version":[{"id":13140,"href":"https:\/\/periodiconuevomilenio.com\/index.php\/wp-json\/wp\/v2\/posts\/13138\/revisions\/13140"}],"wp:featuredmedia":[{"embeddable":true,"href":"https:\/\/periodiconuevomilenio.com\/index.php\/wp-json\/wp\/v2\/media\/13139"}],"wp:attachment":[{"href":"https:\/\/periodiconuevomilenio.com\/index.php\/wp-json\/wp\/v2\/media?parent=13138"}],"wp:term":[{"taxonomy":"category","embeddable":true,"href":"https:\/\/periodiconuevomilenio.com\/index.php\/wp-json\/wp\/v2\/categories?post=13138"},{"taxonomy":"post_tag","embeddable":true,"href":"https:\/\/periodiconuevomilenio.com\/index.php\/wp-json\/wp\/v2\/tags?post=13138"}],"curies":[{"name":"wp","href":"https:\/\/api.w.org\/{rel}","templated":true}]}}