{"id":13389,"date":"2024-04-16T00:08:48","date_gmt":"2024-04-16T06:08:48","guid":{"rendered":"https:\/\/periodiconuevomilenio.com\/?p=13389"},"modified":"2024-04-16T00:08:50","modified_gmt":"2024-04-16T06:08:50","slug":"luis-david-n-y-cinthia-zayde-n-las-personas-asesinadas-en-la-colonia-del-rio","status":"publish","type":"post","link":"https:\/\/periodiconuevomilenio.com\/index.php\/2024\/04\/16\/luis-david-n-y-cinthia-zayde-n-las-personas-asesinadas-en-la-colonia-del-rio\/","title":{"rendered":"Luis David \u201cN\u201d y Cinthia Zayde \u201cN\u201d, las personas asesinadas en la colonia del R\u00edo."},"content":{"rendered":"\n<p>Jaral del Progreso, Gto.- La fiscal\u00eda del estado confirm\u00f3 que fueron dos personas las asesinadas en la colonia del r\u00edo, las cuales est\u00e1n plenamente identificados. Asimismo, dijo que fue un masculino el que result\u00f3 lesionado en este mismo hecho.<br>Es de recordar que fue la tarde de este domingo 14 de abril cuando se registr\u00f3 un ataque a balazos en la colonia de R\u00edo, dejando como saldo dos personas sin vida y una tercera herida que fue trasladada de inmediato al hospital a recibir atenci\u00f3n m\u00e9dica.<br>Los hechos, de acuerdo con los informes de Protecci\u00f3n Civil y Seguridad P\u00fablica, fue a eso de las 2 de la tarde, con 30 minutos, cuando al sistema de emergencia 911 reportaron que se hab\u00edan escuchado disparos de arma de fuego en la Colonia del R\u00edo.<br>El d\u00eda de hoy, la fiscal\u00eda del estado confirm\u00f3 que fueron dos las personas fallecidas: una de sexo hombre identificado como Luis David \u201cN\u201d y una de sexo mujer identificada como Cinthia Zayde \u201cN\u201d, as\u00ed mismo un tercero del g\u00e9nero masculino result\u00f3 lesionado.<br>Las personas perdieron la vida a causa de lesiones de las producidas por proyectiles disparados por arma de fuego, de las cuales no se revel\u00f3 el calibre, las investigaciones contin\u00faan para dar con los responsables<\/p>\n\n\n\n<figure class=\"wp-block-image size-large\"><img loading=\"lazy\" decoding=\"async\" width=\"1024\" height=\"683\" src=\"https:\/\/periodiconuevomilenio.com\/wp-content\/uploads\/2024\/04\/img_3716-1-1024x683.jpg\" alt=\"\" class=\"wp-image-13390\" srcset=\"https:\/\/periodiconuevomilenio.com\/wp-content\/uploads\/2024\/04\/img_3716-1-1024x683.jpg 1024w, https:\/\/periodiconuevomilenio.com\/wp-content\/uploads\/2024\/04\/img_3716-1-300x200.jpg 300w, https:\/\/periodiconuevomilenio.com\/wp-content\/uploads\/2024\/04\/img_3716-1-768x512.jpg 768w, https:\/\/periodiconuevomilenio.com\/wp-content\/uploads\/2024\/04\/img_3716-1-1536x1024.jpg 1536w, https:\/\/periodiconuevomilenio.com\/wp-content\/uploads\/2024\/04\/img_3716-1-2048x1365.jpg 2048w\" sizes=\"auto, (max-width: 1024px) 100vw, 1024px\" \/><\/figure>\n\n\n","protected":false},"excerpt":{"rendered":"<p>Jaral del Progreso, Gto.- La fiscal\u00eda del estado confirm\u00f3 que fueron dos personas las asesinadas en la colonia<\/p>\n","protected":false},"author":1,"featured_media":13390,"comment_status":"open","ping_status":"open","sticky":false,"template":"","format":"standard","meta":{"jetpack_post_was_ever_published":false,"_jetpack_newsletter_access":"","_jetpack_dont_email_post_to_subs":false,"_jetpack_newsletter_tier_id":0,"_jetpack_memberships_contains_paywalled_content":false,"_jetpack_memberships_contains_paid_content":false,"footnotes":"","jetpack_publicize_message":"","jetpack_publicize_feature_enabled":false,"jetpack_social_post_already_shared":false,"jetpack_social_options":{"image_generator_settings":{"template":"highway","enabled":false},"version":2}},"categories":[34,48],"tags":[23],"class_list":["post-13389","post","type-post","status-publish","format-standard","has-post-thumbnail","hentry","category-jaral-del-progreso","category-policiaca","tag-jaral"],"jetpack_publicize_connections":[],"jetpack_sharing_enabled":true,"jetpack_featured_media_url":"https:\/\/periodiconuevomilenio.com\/wp-content\/uploads\/2024\/04\/img_3716-1-scaled.jpg","_links":{"self":[{"href":"https:\/\/periodiconuevomilenio.com\/index.php\/wp-json\/wp\/v2\/posts\/13389","targetHints":{"allow":["GET"]}}],"collection":[{"href":"https:\/\/periodiconuevomilenio.com\/index.php\/wp-json\/wp\/v2\/posts"}],"about":[{"href":"https:\/\/periodiconuevomilenio.com\/index.php\/wp-json\/wp\/v2\/types\/post"}],"author":[{"embeddable":true,"href":"https:\/\/periodiconuevomilenio.com\/index.php\/wp-json\/wp\/v2\/users\/1"}],"replies":[{"embeddable":true,"href":"https:\/\/periodiconuevomilenio.com\/index.php\/wp-json\/wp\/v2\/comments?post=13389"}],"version-history":[{"count":1,"href":"https:\/\/periodiconuevomilenio.com\/index.php\/wp-json\/wp\/v2\/posts\/13389\/revisions"}],"predecessor-version":[{"id":13391,"href":"https:\/\/periodiconuevomilenio.com\/index.php\/wp-json\/wp\/v2\/posts\/13389\/revisions\/13391"}],"wp:featuredmedia":[{"embeddable":true,"href":"https:\/\/periodiconuevomilenio.com\/index.php\/wp-json\/wp\/v2\/media\/13390"}],"wp:attachment":[{"href":"https:\/\/periodiconuevomilenio.com\/index.php\/wp-json\/wp\/v2\/media?parent=13389"}],"wp:term":[{"taxonomy":"category","embeddable":true,"href":"https:\/\/periodiconuevomilenio.com\/index.php\/wp-json\/wp\/v2\/categories?post=13389"},{"taxonomy":"post_tag","embeddable":true,"href":"https:\/\/periodiconuevomilenio.com\/index.php\/wp-json\/wp\/v2\/tags?post=13389"}],"curies":[{"name":"wp","href":"https:\/\/api.w.org\/{rel}","templated":true}]}}