{"id":13455,"date":"2024-04-18T09:56:22","date_gmt":"2024-04-18T15:56:22","guid":{"rendered":"https:\/\/periodiconuevomilenio.com\/?p=13455"},"modified":"2024-04-18T09:56:24","modified_gmt":"2024-04-18T15:56:24","slug":"llama-audi-a-revision-a-autos-de-su-modelo-e-tron","status":"publish","type":"post","link":"https:\/\/periodiconuevomilenio.com\/index.php\/2024\/04\/18\/llama-audi-a-revision-a-autos-de-su-modelo-e-tron\/","title":{"rendered":"Llama Audi a revisi\u00f3n a autos de su modelo E-Tron"},"content":{"rendered":"\n<ul class=\"wp-block-list\">\n<li>La alerta se da por riesgo de incendio por calentamiento de la bater\u00eda de alto voltaje.<\/li>\n<\/ul>\n\n\n\n<p>La empresa automotriz Volkswagen de M\u00e9xico, que comercializa la marca Audi en nuestro pa\u00eds, notific\u00f3 a la Procuradur\u00eda Federal del Consumidor (Profeco) del llamado a revisi\u00f3n que hace para veh\u00edculos modelo E-Tron a\u00f1o 2020, ante posibles desajustes en su bater\u00eda de alto voltaje.<\/p>\n\n\n\n<p>La alerta para 100 unidades de esos autom\u00f3viles tipo SUV obedece a que podr\u00eda producirse un calentamiento de la bater\u00eda, con riesgo de incendio y lesiones graves a quienes se encuentren fuera y dentro del coche.<\/p>\n\n\n\n<p>Como contramedida, se revisar\u00e1n los datos de la bater\u00eda y, en caso de ser necesario, se sustituir\u00edan algunos de los m\u00f3dulos individuales, sin costo para los consumidores.<\/p>\n\n\n\n<p>En caso de dudas, los propietarios pueden ponerse en contacto con los Distribuidores Autorizados Audi; as\u00ed como en el n\u00famero telef\u00f3nico 800 849 2383; en el correo electr\u00f3nico <a href=\"mailto:mail@audi.com.mx\">mail@audi.com.mx<\/a>, y\/o en su p\u00e1gina en internet <a href=\"http:\/\/www.audi.com.mx\/\">www.audi.com.mx\/<\/a><\/p>\n\n\n\n<p>Audi, a trav\u00e9s de Volkswagen de M\u00e9xico, inform\u00f3 que al 22 de marzo no se ha tenido reporte de da\u00f1os o incidentes en veh\u00edculos comercializados en nuestro pa\u00eds.<\/p>\n\n\n\n<p>La Profeco, que es encabezada por el procurador David Aguilar Romero, seguir\u00e1 atenta al cumplimiento de esta alerta y pone a disposici\u00f3n el Tel\u00e9fono del Consumidor 55 5568 8722 y el n\u00famero 800 468 8722, para atender quejas y brindar asesor\u00eda.<\/p>\n\n\n\n<p>Por su parte la empresa Audi &nbsp;Audi&nbsp;<a href=\"https:\/\/www.motorpasion.com\/audi\/duro-golpe-a-coches-electricos-audi-cientos-e-tron-e-tron-sportback-a-revision-inmediata\">comunic\u00f3 un llamado a revisi\u00f3n<\/a>&nbsp;para el&nbsp;e-tron, su SUV el\u00e9ctrico. A nivel global hay un total de 498 unidades afectadas, de las cuales 379 corresponden al&nbsp;<a href=\"https:\/\/www.motorpasion.com.mx\/pruebas-de-coches\/audi-e-tron-electrico-opiniones-prueba-mexico\">e-tron<\/a>&nbsp;y 119 al&nbsp;<a href=\"https:\/\/www.motorpasion.com.mx\/pruebas-de-coches\/audi-etron-sportback-matrix-light-2021-prueba-manejo-opiniones\">e-tron Sportback<\/a>. Hoy la firma alemana nos confirma que ninguno de los veh\u00edculos involucrados en este&nbsp;recall&nbsp;se vendi\u00f3 en&nbsp;M\u00e9xico.<\/p>\n\n\n\n<p>El\u00a0llamado a revisi\u00f3n\u00a0se debe a una posible fabricaci\u00f3n defectuosa de componentes del\u00a0servofreno, que podr\u00edan llegar a soltarse en una maniobra de frenado brusco, lo que supondr\u00eda la necesidad de aplicar m\u00e1s fuerza en el pedal y afectar\u00eda la operaci\u00f3n del ABS y del control electr\u00f3nico de estabilidad.<\/p>\n\n\n\n<figure class=\"wp-block-image size-large\"><img loading=\"lazy\" decoding=\"async\" width=\"1024\" height=\"737\" src=\"https:\/\/periodiconuevomilenio.com\/wp-content\/uploads\/2024\/04\/1366_2000-1024x737.jpeg\" alt=\"\" class=\"wp-image-13456\" srcset=\"https:\/\/periodiconuevomilenio.com\/wp-content\/uploads\/2024\/04\/1366_2000-1024x737.jpeg 1024w, https:\/\/periodiconuevomilenio.com\/wp-content\/uploads\/2024\/04\/1366_2000-300x216.jpeg 300w, https:\/\/periodiconuevomilenio.com\/wp-content\/uploads\/2024\/04\/1366_2000-768x553.jpeg 768w, https:\/\/periodiconuevomilenio.com\/wp-content\/uploads\/2024\/04\/1366_2000.jpeg 1366w\" sizes=\"auto, (max-width: 1024px) 100vw, 1024px\" \/><\/figure>\n\n\n\n<p><\/p>\n\n\n","protected":false},"excerpt":{"rendered":"<p>La empresa automotriz Volkswagen de M\u00e9xico, que comercializa la marca Audi en nuestro pa\u00eds, notific\u00f3 a la Procuradur\u00eda<\/p>\n","protected":false},"author":1,"featured_media":13456,"comment_status":"open","ping_status":"open","sticky":false,"template":"","format":"standard","meta":{"jetpack_post_was_ever_published":false,"_jetpack_newsletter_access":"","_jetpack_dont_email_post_to_subs":false,"_jetpack_newsletter_tier_id":0,"_jetpack_memberships_contains_paywalled_content":false,"_jetpack_memberships_contains_paid_content":false,"footnotes":"","jetpack_publicize_message":"","jetpack_publicize_feature_enabled":false,"jetpack_social_post_already_shared":false,"jetpack_social_options":{"image_generator_settings":{"template":"highway","enabled":false},"version":2}},"categories":[47],"tags":[50],"class_list":["post-13455","post","type-post","status-publish","format-standard","has-post-thumbnail","hentry","category-nacional","tag-nacional"],"jetpack_publicize_connections":[],"jetpack_sharing_enabled":true,"jetpack_featured_media_url":"https:\/\/periodiconuevomilenio.com\/wp-content\/uploads\/2024\/04\/1366_2000.jpeg","_links":{"self":[{"href":"https:\/\/periodiconuevomilenio.com\/index.php\/wp-json\/wp\/v2\/posts\/13455","targetHints":{"allow":["GET"]}}],"collection":[{"href":"https:\/\/periodiconuevomilenio.com\/index.php\/wp-json\/wp\/v2\/posts"}],"about":[{"href":"https:\/\/periodiconuevomilenio.com\/index.php\/wp-json\/wp\/v2\/types\/post"}],"author":[{"embeddable":true,"href":"https:\/\/periodiconuevomilenio.com\/index.php\/wp-json\/wp\/v2\/users\/1"}],"replies":[{"embeddable":true,"href":"https:\/\/periodiconuevomilenio.com\/index.php\/wp-json\/wp\/v2\/comments?post=13455"}],"version-history":[{"count":1,"href":"https:\/\/periodiconuevomilenio.com\/index.php\/wp-json\/wp\/v2\/posts\/13455\/revisions"}],"predecessor-version":[{"id":13457,"href":"https:\/\/periodiconuevomilenio.com\/index.php\/wp-json\/wp\/v2\/posts\/13455\/revisions\/13457"}],"wp:featuredmedia":[{"embeddable":true,"href":"https:\/\/periodiconuevomilenio.com\/index.php\/wp-json\/wp\/v2\/media\/13456"}],"wp:attachment":[{"href":"https:\/\/periodiconuevomilenio.com\/index.php\/wp-json\/wp\/v2\/media?parent=13455"}],"wp:term":[{"taxonomy":"category","embeddable":true,"href":"https:\/\/periodiconuevomilenio.com\/index.php\/wp-json\/wp\/v2\/categories?post=13455"},{"taxonomy":"post_tag","embeddable":true,"href":"https:\/\/periodiconuevomilenio.com\/index.php\/wp-json\/wp\/v2\/tags?post=13455"}],"curies":[{"name":"wp","href":"https:\/\/api.w.org\/{rel}","templated":true}]}}