{"id":13549,"date":"2024-04-21T09:50:35","date_gmt":"2024-04-21T15:50:35","guid":{"rendered":"https:\/\/periodiconuevomilenio.com\/?p=13549"},"modified":"2024-04-21T09:50:38","modified_gmt":"2024-04-21T15:50:38","slug":"choque-en-la-carretera-federal-2","status":"publish","type":"post","link":"https:\/\/periodiconuevomilenio.com\/index.php\/2024\/04\/21\/choque-en-la-carretera-federal-2\/","title":{"rendered":"Choque en la Carretera Federal"},"content":{"rendered":"\n<p>VALLE DE SANTIAGO,GTO.- Aparatoso accidente se registr\u00f3 en la carretera federal 43 en su tamo Valle-Yuriria, pasando de la pensi\u00f3n Mart\u00ednez, donde solo se registraron da\u00f1os materiales.<br>De acuerdo a los informes de la comisar\u00eda de seguridad p\u00fablica fue este s\u00e1bado 20 de abril al filo de las 11 de la ma\u00f1ana con 43 minutos, cuando al sistema de emergencia 911 lleg\u00f3 una llamada de auxilio solicitando la presencia de cuerpos de auxilio y rescate porque en la carretera federal se hab\u00eda suscitado un accidente vial.<br>En el choque participaron dos veh\u00edculos los cuales tras el impacto quedaron obstruyendo los dos carriles de circulaci\u00f3n, arribo al lugar param\u00e9dico de bomberos, quienes atendieron a los afectados, indicando no contar con lesiones de consideraci\u00f3n y se encontraban en c\u00f3digo verde los cuales no requieren traslado al Hospital.<br>Los veh\u00edculos participantes son: una camioneta en color Guinda, marca Ford, la cual contaba con da\u00f1os en la parte frontal de lado izquierdo; la otra unidad participante, un autom\u00f3vil en color rojo, marca Fiat, con da\u00f1os en parte posterior lateral izquierda.<br>Polic\u00edas que llegaron al lugar como primeros respondientes dieron aviso a las autoridades correspondientes, haciendo arribo una unidad, la de la Guardia Nacional Divisi\u00f3n Caminos, quien se hizo cargo del accidente, levantando el peritaje inicial para deslindar responsabilidades.<\/p>\n\n\n\n<figure class=\"wp-block-gallery has-nested-images columns-default is-cropped wp-block-gallery-1 is-layout-flex wp-block-gallery-is-layout-flex\">\n<figure class=\"wp-block-image size-large\"><img loading=\"lazy\" decoding=\"async\" width=\"1003\" height=\"755\" data-id=\"13550\" src=\"https:\/\/periodiconuevomilenio.com\/wp-content\/uploads\/2024\/04\/f0e5a715-9210-4d8a-8ce2-339d9adc7004.jpg\" alt=\"\" class=\"wp-image-13550\" srcset=\"https:\/\/periodiconuevomilenio.com\/wp-content\/uploads\/2024\/04\/f0e5a715-9210-4d8a-8ce2-339d9adc7004.jpg 1003w, https:\/\/periodiconuevomilenio.com\/wp-content\/uploads\/2024\/04\/f0e5a715-9210-4d8a-8ce2-339d9adc7004-300x226.jpg 300w, https:\/\/periodiconuevomilenio.com\/wp-content\/uploads\/2024\/04\/f0e5a715-9210-4d8a-8ce2-339d9adc7004-768x578.jpg 768w\" sizes=\"auto, (max-width: 1003px) 100vw, 1003px\" \/><\/figure>\n\n\n\n<figure class=\"wp-block-image size-large\"><img loading=\"lazy\" decoding=\"async\" width=\"975\" height=\"864\" data-id=\"13551\" src=\"https:\/\/periodiconuevomilenio.com\/wp-content\/uploads\/2024\/04\/c29efb25-d6fe-4a17-a5b8-773dc63ef5e7.jpg\" alt=\"\" class=\"wp-image-13551\" srcset=\"https:\/\/periodiconuevomilenio.com\/wp-content\/uploads\/2024\/04\/c29efb25-d6fe-4a17-a5b8-773dc63ef5e7.jpg 975w, https:\/\/periodiconuevomilenio.com\/wp-content\/uploads\/2024\/04\/c29efb25-d6fe-4a17-a5b8-773dc63ef5e7-300x266.jpg 300w, https:\/\/periodiconuevomilenio.com\/wp-content\/uploads\/2024\/04\/c29efb25-d6fe-4a17-a5b8-773dc63ef5e7-768x681.jpg 768w\" sizes=\"auto, (max-width: 975px) 100vw, 975px\" \/><\/figure>\n<\/figure>\n\n\n\n<figure class=\"wp-block-gallery has-nested-images columns-default is-cropped wp-block-gallery-2 is-layout-flex wp-block-gallery-is-layout-flex\"><\/figure>\n","protected":false},"excerpt":{"rendered":"<p>VALLE DE SANTIAGO,GTO.- Aparatoso accidente se registr\u00f3 en la carretera federal 43 en su tamo Valle-Yuriria, pasando de<\/p>\n","protected":false},"author":1,"featured_media":13550,"comment_status":"open","ping_status":"open","sticky":false,"template":"","format":"standard","meta":{"jetpack_post_was_ever_published":false,"_jetpack_newsletter_access":"","_jetpack_dont_email_post_to_subs":false,"_jetpack_newsletter_tier_id":0,"_jetpack_memberships_contains_paywalled_content":false,"_jetpack_memberships_contains_paid_content":false,"footnotes":"","jetpack_publicize_message":"","jetpack_publicize_feature_enabled":false,"jetpack_social_post_already_shared":false,"jetpack_social_options":{"image_generator_settings":{"template":"highway","enabled":false},"version":2}},"categories":[48,39],"tags":[22],"class_list":["post-13549","post","type-post","status-publish","format-standard","has-post-thumbnail","hentry","category-policiaca","category-valle-de-santiago","tag-valle"],"jetpack_publicize_connections":[],"jetpack_sharing_enabled":true,"jetpack_featured_media_url":"https:\/\/periodiconuevomilenio.com\/wp-content\/uploads\/2024\/04\/f0e5a715-9210-4d8a-8ce2-339d9adc7004.jpg","_links":{"self":[{"href":"https:\/\/periodiconuevomilenio.com\/index.php\/wp-json\/wp\/v2\/posts\/13549","targetHints":{"allow":["GET"]}}],"collection":[{"href":"https:\/\/periodiconuevomilenio.com\/index.php\/wp-json\/wp\/v2\/posts"}],"about":[{"href":"https:\/\/periodiconuevomilenio.com\/index.php\/wp-json\/wp\/v2\/types\/post"}],"author":[{"embeddable":true,"href":"https:\/\/periodiconuevomilenio.com\/index.php\/wp-json\/wp\/v2\/users\/1"}],"replies":[{"embeddable":true,"href":"https:\/\/periodiconuevomilenio.com\/index.php\/wp-json\/wp\/v2\/comments?post=13549"}],"version-history":[{"count":1,"href":"https:\/\/periodiconuevomilenio.com\/index.php\/wp-json\/wp\/v2\/posts\/13549\/revisions"}],"predecessor-version":[{"id":13552,"href":"https:\/\/periodiconuevomilenio.com\/index.php\/wp-json\/wp\/v2\/posts\/13549\/revisions\/13552"}],"wp:featuredmedia":[{"embeddable":true,"href":"https:\/\/periodiconuevomilenio.com\/index.php\/wp-json\/wp\/v2\/media\/13550"}],"wp:attachment":[{"href":"https:\/\/periodiconuevomilenio.com\/index.php\/wp-json\/wp\/v2\/media?parent=13549"}],"wp:term":[{"taxonomy":"category","embeddable":true,"href":"https:\/\/periodiconuevomilenio.com\/index.php\/wp-json\/wp\/v2\/categories?post=13549"},{"taxonomy":"post_tag","embeddable":true,"href":"https:\/\/periodiconuevomilenio.com\/index.php\/wp-json\/wp\/v2\/tags?post=13549"}],"curies":[{"name":"wp","href":"https:\/\/api.w.org\/{rel}","templated":true}]}}