{"id":13591,"date":"2024-04-22T11:12:14","date_gmt":"2024-04-22T17:12:14","guid":{"rendered":"https:\/\/periodiconuevomilenio.com\/?p=13591"},"modified":"2024-04-22T11:15:36","modified_gmt":"2024-04-22T17:15:36","slug":"lo-ejecutaron-estaba-maniatado-y-con-el-tiro-en-la-cabeza","status":"publish","type":"post","link":"https:\/\/periodiconuevomilenio.com\/index.php\/2024\/04\/22\/lo-ejecutaron-estaba-maniatado-y-con-el-tiro-en-la-cabeza\/","title":{"rendered":"Lo Ejecutaron.                                                             Estaba maniatado y con el tiro en la cabeza."},"content":{"rendered":"\n<p> <\/p>\n\n\n\n<p>VALLE DE SANTIAGO, GTO.- Esta ma\u00f1ana fue localizado sin vida una persona en el camino principal que conduce a la granja Rojas, en los l\u00edmites de Jaral y Valle, hasta ahora no ha sido identificado el cuerpo.<br>De acuerdo con informes de la comisar\u00eda de seguridad p\u00fablica, fue al filo de las 6 de la ma\u00f1ana con 52 minutos cuando al sistema de emergencia 911 lleg\u00f3 un llamado alertando a la polic\u00eda que en este camino de terracer\u00eda se encontraba el cuerpo inm\u00f3vil de una persona.<br>De inmediato se trasladaron al lugar los elementos preventivos, quienes confirmaron este hecho, localizando a una persona tirada, desconociendo el motivo. Esto en la entrada a la comunidad de Granjas Rojas, a simple vista se observ\u00f3 que el cuerpo presentaba huellas de violencia, estaba maniatado maniatada, procediendo a pedir apoyo con param\u00e9dicos para su valoraci\u00f3n indicando que ya no cuenta con signos vitales, por lo que solicita el apoyo para que arriben las autoridades correspondientes.<br>La persona ejecutada lleva short color azul, calcetines negros, playera gris y tiene un tatuaje en el pie derecho.<br>Se acordona el \u00e1rea y en espera de autoridades competente, llegando m\u00e1s tarde elemento de la fiscal\u00eda general de justicia, d\u00f3nde peritos y agentes de investigaci\u00f3n criminal trabajando en la zona recabando toda evidencia e informaci\u00f3n necesaria, trasladan el cuerpo al servicio m\u00e9dico forense d\u00f3nde se contin\u00faan con las investigaciones para conocer primeramente la identidad de esta persona.<\/p>\n\n\n\n<figure class=\"wp-block-image size-full\"><img loading=\"lazy\" decoding=\"async\" width=\"461\" height=\"326\" src=\"https:\/\/periodiconuevomilenio.com\/wp-content\/uploads\/2024\/04\/44eccaef-6fd8-49f5-9661-51c65ee56c51-1.jpg\" alt=\"\" class=\"wp-image-13595\" srcset=\"https:\/\/periodiconuevomilenio.com\/wp-content\/uploads\/2024\/04\/44eccaef-6fd8-49f5-9661-51c65ee56c51-1.jpg 461w, https:\/\/periodiconuevomilenio.com\/wp-content\/uploads\/2024\/04\/44eccaef-6fd8-49f5-9661-51c65ee56c51-1-300x212.jpg 300w\" sizes=\"auto, (max-width: 461px) 100vw, 461px\" \/><\/figure>\n\n\n\n<figure class=\"wp-block-image size-large\"><img loading=\"lazy\" decoding=\"async\" width=\"1024\" height=\"452\" src=\"https:\/\/periodiconuevomilenio.com\/wp-content\/uploads\/2024\/04\/2-1-1024x452.jpg\" alt=\"\" class=\"wp-image-13592\" srcset=\"https:\/\/periodiconuevomilenio.com\/wp-content\/uploads\/2024\/04\/2-1-1024x452.jpg 1024w, https:\/\/periodiconuevomilenio.com\/wp-content\/uploads\/2024\/04\/2-1-300x132.jpg 300w, https:\/\/periodiconuevomilenio.com\/wp-content\/uploads\/2024\/04\/2-1-768x339.jpg 768w, https:\/\/periodiconuevomilenio.com\/wp-content\/uploads\/2024\/04\/2-1.jpg 1210w\" sizes=\"auto, (max-width: 1024px) 100vw, 1024px\" \/><\/figure>\n\n\n","protected":false},"excerpt":{"rendered":"<p>VALLE DE SANTIAGO, GTO.- Esta ma\u00f1ana fue localizado sin vida una persona en el camino principal que conduce<\/p>\n","protected":false},"author":1,"featured_media":13595,"comment_status":"open","ping_status":"open","sticky":false,"template":"","format":"standard","meta":{"jetpack_post_was_ever_published":false,"_jetpack_newsletter_access":"","_jetpack_dont_email_post_to_subs":false,"_jetpack_newsletter_tier_id":0,"_jetpack_memberships_contains_paywalled_content":false,"_jetpack_memberships_contains_paid_content":false,"footnotes":"","jetpack_publicize_message":"","jetpack_publicize_feature_enabled":false,"jetpack_social_post_already_shared":false,"jetpack_social_options":{"image_generator_settings":{"template":"highway","enabled":false},"version":2}},"categories":[48,39],"tags":[22],"class_list":["post-13591","post","type-post","status-publish","format-standard","has-post-thumbnail","hentry","category-policiaca","category-valle-de-santiago","tag-valle"],"jetpack_publicize_connections":[],"jetpack_sharing_enabled":true,"jetpack_featured_media_url":"https:\/\/periodiconuevomilenio.com\/wp-content\/uploads\/2024\/04\/44eccaef-6fd8-49f5-9661-51c65ee56c51-1.jpg","_links":{"self":[{"href":"https:\/\/periodiconuevomilenio.com\/index.php\/wp-json\/wp\/v2\/posts\/13591","targetHints":{"allow":["GET"]}}],"collection":[{"href":"https:\/\/periodiconuevomilenio.com\/index.php\/wp-json\/wp\/v2\/posts"}],"about":[{"href":"https:\/\/periodiconuevomilenio.com\/index.php\/wp-json\/wp\/v2\/types\/post"}],"author":[{"embeddable":true,"href":"https:\/\/periodiconuevomilenio.com\/index.php\/wp-json\/wp\/v2\/users\/1"}],"replies":[{"embeddable":true,"href":"https:\/\/periodiconuevomilenio.com\/index.php\/wp-json\/wp\/v2\/comments?post=13591"}],"version-history":[{"count":2,"href":"https:\/\/periodiconuevomilenio.com\/index.php\/wp-json\/wp\/v2\/posts\/13591\/revisions"}],"predecessor-version":[{"id":13596,"href":"https:\/\/periodiconuevomilenio.com\/index.php\/wp-json\/wp\/v2\/posts\/13591\/revisions\/13596"}],"wp:featuredmedia":[{"embeddable":true,"href":"https:\/\/periodiconuevomilenio.com\/index.php\/wp-json\/wp\/v2\/media\/13595"}],"wp:attachment":[{"href":"https:\/\/periodiconuevomilenio.com\/index.php\/wp-json\/wp\/v2\/media?parent=13591"}],"wp:term":[{"taxonomy":"category","embeddable":true,"href":"https:\/\/periodiconuevomilenio.com\/index.php\/wp-json\/wp\/v2\/categories?post=13591"},{"taxonomy":"post_tag","embeddable":true,"href":"https:\/\/periodiconuevomilenio.com\/index.php\/wp-json\/wp\/v2\/tags?post=13591"}],"curies":[{"name":"wp","href":"https:\/\/api.w.org\/{rel}","templated":true}]}}