{"id":13652,"date":"2024-04-23T19:47:52","date_gmt":"2024-04-24T01:47:52","guid":{"rendered":"https:\/\/periodiconuevomilenio.com\/?p=13652"},"modified":"2024-04-23T19:47:55","modified_gmt":"2024-04-24T01:47:55","slug":"el-piojo-fue-vinculado-a-proceso-penal-por-homicidio-en-irapuato","status":"publish","type":"post","link":"https:\/\/periodiconuevomilenio.com\/index.php\/2024\/04\/23\/el-piojo-fue-vinculado-a-proceso-penal-por-homicidio-en-irapuato\/","title":{"rendered":"\u201cEl Piojo\u201d fue vinculado a proceso penal por homicidio en Irapuato"},"content":{"rendered":"\n<p><strong>Irapuato, Gto. 23 de abril de 2024.-<\/strong><strong>EDUARDO \u201cN\u201d&nbsp;<\/strong>alias \u201cEl Piojo\u201d, fue vinculado a proceso penal por homicidio. La Fiscal\u00eda de Guanajuato lo ubic\u00f3 y captur\u00f3 con orden de aprehensi\u00f3n, como presunto responsable del asesinato de un hombre en la ciudad de Irapuato.<\/p>\n\n\n\n<p>El 06 de septiembre de 2021, alrededor de las 21:15 horas, la v\u00edctima se encontraba en la colonia Calzada de Guadalupe, cuando lleg\u00f3 el imputado a bordo de un veh\u00edculo del cual descendi\u00f3 con una arma de fuego y cuando se acerc\u00f3 a Aureliano \u201cN\u201d, le apunt\u00f3 con el arma y le dispar\u00f3 dej\u00e1ndolo gravemente herido. El lesionado fue trasladado a un hospital pero falleci\u00f3 debido a la gravedad de las heridas.<\/p>\n\n\n\n<p>El Agente del Ministerio P\u00fablico se present\u00f3 en audiencia y aport\u00f3 los datos de prueba que acreditan la probable responsabilidad de EDUARDO \u201cN\u201d en el homicidio, por lo que fue vinculado a proceso penal y permanecer\u00e1 en prisi\u00f3n.<\/p>\n\n\n\n<figure class=\"wp-block-image size-large\"><img loading=\"lazy\" decoding=\"async\" width=\"819\" height=\"1024\" src=\"https:\/\/periodiconuevomilenio.com\/wp-content\/uploads\/2024\/04\/COMUNICADO-FGE_23ABR_2024_2-819x1024.jpeg\" alt=\"\" class=\"wp-image-13653\" srcset=\"https:\/\/periodiconuevomilenio.com\/wp-content\/uploads\/2024\/04\/COMUNICADO-FGE_23ABR_2024_2-819x1024.jpeg 819w, https:\/\/periodiconuevomilenio.com\/wp-content\/uploads\/2024\/04\/COMUNICADO-FGE_23ABR_2024_2-240x300.jpeg 240w, https:\/\/periodiconuevomilenio.com\/wp-content\/uploads\/2024\/04\/COMUNICADO-FGE_23ABR_2024_2-768x960.jpeg 768w, https:\/\/periodiconuevomilenio.com\/wp-content\/uploads\/2024\/04\/COMUNICADO-FGE_23ABR_2024_2-1024x1280.jpeg 1024w, https:\/\/periodiconuevomilenio.com\/wp-content\/uploads\/2024\/04\/COMUNICADO-FGE_23ABR_2024_2.jpeg 1080w\" sizes=\"auto, (max-width: 819px) 100vw, 819px\" \/><\/figure>\n\n\n","protected":false},"excerpt":{"rendered":"<p>Irapuato, Gto. 23 de abril de 2024.-EDUARDO \u201cN\u201d&nbsp;alias \u201cEl Piojo\u201d, fue vinculado a proceso penal por homicidio. La<\/p>\n","protected":false},"author":1,"featured_media":13653,"comment_status":"open","ping_status":"open","sticky":false,"template":"","format":"standard","meta":{"jetpack_post_was_ever_published":false,"_jetpack_newsletter_access":"","_jetpack_dont_email_post_to_subs":false,"_jetpack_newsletter_tier_id":0,"_jetpack_memberships_contains_paywalled_content":false,"_jetpack_memberships_contains_paid_content":false,"footnotes":"","jetpack_publicize_message":"","jetpack_publicize_feature_enabled":false,"jetpack_social_post_already_shared":false,"jetpack_social_options":{"image_generator_settings":{"template":"highway","enabled":false},"version":2}},"categories":[31,48],"tags":[51],"class_list":["post-13652","post","type-post","status-publish","format-standard","has-post-thumbnail","hentry","category-estado","category-policiaca","tag-estado"],"jetpack_publicize_connections":[],"jetpack_sharing_enabled":true,"jetpack_featured_media_url":"https:\/\/periodiconuevomilenio.com\/wp-content\/uploads\/2024\/04\/COMUNICADO-FGE_23ABR_2024_2.jpeg","_links":{"self":[{"href":"https:\/\/periodiconuevomilenio.com\/index.php\/wp-json\/wp\/v2\/posts\/13652","targetHints":{"allow":["GET"]}}],"collection":[{"href":"https:\/\/periodiconuevomilenio.com\/index.php\/wp-json\/wp\/v2\/posts"}],"about":[{"href":"https:\/\/periodiconuevomilenio.com\/index.php\/wp-json\/wp\/v2\/types\/post"}],"author":[{"embeddable":true,"href":"https:\/\/periodiconuevomilenio.com\/index.php\/wp-json\/wp\/v2\/users\/1"}],"replies":[{"embeddable":true,"href":"https:\/\/periodiconuevomilenio.com\/index.php\/wp-json\/wp\/v2\/comments?post=13652"}],"version-history":[{"count":1,"href":"https:\/\/periodiconuevomilenio.com\/index.php\/wp-json\/wp\/v2\/posts\/13652\/revisions"}],"predecessor-version":[{"id":13654,"href":"https:\/\/periodiconuevomilenio.com\/index.php\/wp-json\/wp\/v2\/posts\/13652\/revisions\/13654"}],"wp:featuredmedia":[{"embeddable":true,"href":"https:\/\/periodiconuevomilenio.com\/index.php\/wp-json\/wp\/v2\/media\/13653"}],"wp:attachment":[{"href":"https:\/\/periodiconuevomilenio.com\/index.php\/wp-json\/wp\/v2\/media?parent=13652"}],"wp:term":[{"taxonomy":"category","embeddable":true,"href":"https:\/\/periodiconuevomilenio.com\/index.php\/wp-json\/wp\/v2\/categories?post=13652"},{"taxonomy":"post_tag","embeddable":true,"href":"https:\/\/periodiconuevomilenio.com\/index.php\/wp-json\/wp\/v2\/tags?post=13652"}],"curies":[{"name":"wp","href":"https:\/\/api.w.org\/{rel}","templated":true}]}}