{"id":13909,"date":"2024-05-01T23:35:29","date_gmt":"2024-05-02T05:35:29","guid":{"rendered":"https:\/\/periodiconuevomilenio.com\/?p=13909"},"modified":"2024-05-01T23:35:31","modified_gmt":"2024-05-02T05:35:31","slug":"los-candidatos-del-pri-y-morena-de-jaral-no-participaron-en-el-debate","status":"publish","type":"post","link":"https:\/\/periodiconuevomilenio.com\/index.php\/2024\/05\/01\/los-candidatos-del-pri-y-morena-de-jaral-no-participaron-en-el-debate\/","title":{"rendered":"Los candidatos del PRI y MORENA \u00a0de\u00a0 Jaral no participaron en el Debate"},"content":{"rendered":"\n<p>Jaral.- Este d\u00eda en la ciudad de Morole\u00f3n se llev\u00f3 acabo la grabaci\u00f3n del debate de los aspirantes a la alcald\u00eda de Jaral del Progreso,\u00a0 la mayor\u00eda asisti\u00f3, siendo los grandes ausentes\u00a0 X\u00f3chitl S\u00e1mano candidata el PRI y Daniel Cusi de MORENA\u00a0 \u00a0, la moderadora la periodista \u00a0Claudia \u00a0Padilla. El jueves 9 de Mayo ser\u00e1 la trasmisi\u00f3n.<\/p>\n\n\n\n<p><\/p>\n\n\n\n<figure class=\"wp-block-image size-large\"><img loading=\"lazy\" decoding=\"async\" width=\"1024\" height=\"768\" src=\"https:\/\/periodiconuevomilenio.com\/wp-content\/uploads\/2024\/05\/dc63c3aa-d256-4155-bd59-bb3bd77bbd0d-1024x768.jpg\" alt=\"\" class=\"wp-image-13910\" srcset=\"https:\/\/periodiconuevomilenio.com\/wp-content\/uploads\/2024\/05\/dc63c3aa-d256-4155-bd59-bb3bd77bbd0d-1024x768.jpg 1024w, https:\/\/periodiconuevomilenio.com\/wp-content\/uploads\/2024\/05\/dc63c3aa-d256-4155-bd59-bb3bd77bbd0d-300x225.jpg 300w, https:\/\/periodiconuevomilenio.com\/wp-content\/uploads\/2024\/05\/dc63c3aa-d256-4155-bd59-bb3bd77bbd0d-768x576.jpg 768w, https:\/\/periodiconuevomilenio.com\/wp-content\/uploads\/2024\/05\/dc63c3aa-d256-4155-bd59-bb3bd77bbd0d-1536x1152.jpg 1536w, https:\/\/periodiconuevomilenio.com\/wp-content\/uploads\/2024\/05\/dc63c3aa-d256-4155-bd59-bb3bd77bbd0d.jpg 1600w\" sizes=\"auto, (max-width: 1024px) 100vw, 1024px\" \/><\/figure>\n","protected":false},"excerpt":{"rendered":"<p>Jaral.- Este d\u00eda en la ciudad de Morole\u00f3n se llev\u00f3 acabo la grabaci\u00f3n del debate de los aspirantes<\/p>\n","protected":false},"author":1,"featured_media":13910,"comment_status":"open","ping_status":"open","sticky":false,"template":"","format":"standard","meta":{"jetpack_post_was_ever_published":false,"_jetpack_newsletter_access":"","_jetpack_dont_email_post_to_subs":false,"_jetpack_newsletter_tier_id":0,"_jetpack_memberships_contains_paywalled_content":false,"_jetpack_memberships_contains_paid_content":false,"footnotes":"","jetpack_publicize_message":"","jetpack_publicize_feature_enabled":false,"jetpack_social_post_already_shared":false,"jetpack_social_options":{"image_generator_settings":{"template":"highway","enabled":false},"version":2}},"categories":[34],"tags":[23],"class_list":["post-13909","post","type-post","status-publish","format-standard","has-post-thumbnail","hentry","category-jaral-del-progreso","tag-jaral"],"jetpack_publicize_connections":[],"jetpack_sharing_enabled":true,"jetpack_featured_media_url":"https:\/\/periodiconuevomilenio.com\/wp-content\/uploads\/2024\/05\/dc63c3aa-d256-4155-bd59-bb3bd77bbd0d.jpg","_links":{"self":[{"href":"https:\/\/periodiconuevomilenio.com\/index.php\/wp-json\/wp\/v2\/posts\/13909","targetHints":{"allow":["GET"]}}],"collection":[{"href":"https:\/\/periodiconuevomilenio.com\/index.php\/wp-json\/wp\/v2\/posts"}],"about":[{"href":"https:\/\/periodiconuevomilenio.com\/index.php\/wp-json\/wp\/v2\/types\/post"}],"author":[{"embeddable":true,"href":"https:\/\/periodiconuevomilenio.com\/index.php\/wp-json\/wp\/v2\/users\/1"}],"replies":[{"embeddable":true,"href":"https:\/\/periodiconuevomilenio.com\/index.php\/wp-json\/wp\/v2\/comments?post=13909"}],"version-history":[{"count":1,"href":"https:\/\/periodiconuevomilenio.com\/index.php\/wp-json\/wp\/v2\/posts\/13909\/revisions"}],"predecessor-version":[{"id":13911,"href":"https:\/\/periodiconuevomilenio.com\/index.php\/wp-json\/wp\/v2\/posts\/13909\/revisions\/13911"}],"wp:featuredmedia":[{"embeddable":true,"href":"https:\/\/periodiconuevomilenio.com\/index.php\/wp-json\/wp\/v2\/media\/13910"}],"wp:attachment":[{"href":"https:\/\/periodiconuevomilenio.com\/index.php\/wp-json\/wp\/v2\/media?parent=13909"}],"wp:term":[{"taxonomy":"category","embeddable":true,"href":"https:\/\/periodiconuevomilenio.com\/index.php\/wp-json\/wp\/v2\/categories?post=13909"},{"taxonomy":"post_tag","embeddable":true,"href":"https:\/\/periodiconuevomilenio.com\/index.php\/wp-json\/wp\/v2\/tags?post=13909"}],"curies":[{"name":"wp","href":"https:\/\/api.w.org\/{rel}","templated":true}]}}